{"id":181378,"date":"2025-12-09T12:59:21","date_gmt":"2025-12-09T12:59:21","guid":{"rendered":"https:\/\/www.europesays.com\/pt\/181378\/"},"modified":"2025-12-09T12:59:21","modified_gmt":"2025-12-09T12:59:21","slug":"governo-reforca-meios-e-dgs-recomenda-uso-de-mascaras","status":"publish","type":"post","link":"https:\/\/www.europesays.com\/pt\/181378\/","title":{"rendered":"Governo Refor\u00e7a Meios e DGS Recomenda Uso de M\u00e1scaras"},"content":{"rendered":"<p>O Governo reconheceu esta segunda-feira, 8 de dezembro, que as pr\u00f3ximas semanas ser\u00e3o exigentes na resposta \u00e0 gripe, com o pico da atividade gripal previsto para o final do ano, mas garante que o Servi\u00e7o Nacional de Sa\u00fade est\u00e1 pronto para enfrentar o aumento de casos. \u201cPosso assegurar que as nossas institui\u00e7\u00f5es est\u00e3o preparadas e articuladas (\u2026) para dar a melhor resposta poss\u00edvel aos portugueses, desde a preven\u00e7\u00e3o at\u00e9 ao tratamento\u201d, afirmou a ministra da Sa\u00fade, Ana Paula Martins, numa confer\u00eancia de imprensa em Lisboa que juntou ainda a diretora-geral da Sa\u00fade, Rita S\u00e1 Machado, e o diretor executivo do SNS, \u00c1lvaro Santos Almeida.<\/p>\n<p>A ministra explicou que a \u00e9poca gripal come\u00e7ou cerca de um m\u00eas mais cedo do que o habitual e que Portugal segue a tend\u00eancia de outros pa\u00edses europeus. \u201cTemos uma atividade gripal crescente nas \u00faltimas semanas, j\u00e1 com impacto vis\u00edvel nas unidades de sa\u00fade\u201d, disse, sublinhando que o impacto \u201cser\u00e1 mais intenso nas pr\u00f3ximas semanas\u201d. &#8220;Sabemos que as pr\u00f3ximas oito semanas ser\u00e3o particularmente exigentes&#8221;, alertou. At\u00e9 agora, quase 2,3 milh\u00f5es de pessoas j\u00e1 foram vacinadas em Portugal.<\/p>\n<p>O alerta surge depois de o pa\u00eds ter registado cerca de 700 novos casos por 100 mil habitantes na \u00faltima semana. Ana Paula Martins reconheceu a press\u00e3o crescente no terreno: \u201cA gripe ter\u00e1 este ano um impacto maior\u201d, notou, lembrando a \u201cescassez de profissionais\u201d e apontando o alargamento dos hor\u00e1rios dos centros e servi\u00e7os de atendimento cl\u00ednico.<\/p>\n<p>O Governo vai tamb\u00e9m voltar a ativar uma task force de monitoriza\u00e7\u00e3o di\u00e1ria da gripe, semelhante \u00e0 criada no ano passado. \u201c\u00c9 previs\u00edvel um aumento da procura dos servi\u00e7os de urg\u00eancia, o que, ali\u00e1s, j\u00e1 se come\u00e7ou a notar\u201d, assinalou a ministra da Sa\u00fade.<\/p>\n<p>Segundo Ana Paula Martins, o refor\u00e7o dos meios tamb\u00e9m j\u00e1 est\u00e1 a avan\u00e7ar: o INEM vai recorrer a ambul\u00e2ncias da prote\u00e7\u00e3o civil e da Cruz Vermelha Portuguesa. A Santa Casa da Miseric\u00f3rdia de Lisboa disponibilizou 27 camas sociais e 112 camas de apoio e est\u00e1 a preparar mais 50 para situa\u00e7\u00f5es de emerg\u00eancia.<\/p>\n<p>Apesar das dificuldades, a ministra garantiu que o sistema est\u00e1 mobilizado. \u201cAs institui\u00e7\u00f5es est\u00e3o preparadas e articuladas para dar a melhor resposta poss\u00edvel\u201d, disse, lembrando que, em momentos de maior procura, os hospitais podem suspender cirurgias n\u00e3o urgentes para concentrar recursos nas urg\u00eancias.<\/p>\n<p>M\u00e1scaras e etiqueta respirat\u00f3ria<\/p>\n<p>Da parte da Dire\u00e7\u00e3o-Geral da Sa\u00fade, a diretora-geral Rita S\u00e1 Machado refor\u00e7ou a necessidade de cuidados b\u00e1sicos para travar cont\u00e1gios. \u201cA curva dos infetados est\u00e1 em fase ascendente, mas ainda n\u00e3o \u00e9 epid\u00e9mica\u201d, afirmou. Perante o aumento de casos, pediu responsabilidade a quem apresenta sintomas, resgatando a import\u00e2ncia do uso de m\u00e1scaras em contexto de doen\u00e7a: \u201c\u00c9 importante focarmos n\u00e3o apenas na utiliza\u00e7\u00e3o de m\u00e1scara, mas naquilo que \u00e9 a etiqueta respirat\u00f3ria. Sempre que se t\u00eam sintomas respirat\u00f3rios e se vai aos cuidados de sa\u00fade, deve usar-se m\u00e1scara.\u201d<\/p>\n<p>A respons\u00e1vel lembrou ainda outras medidas essenciais que devemos n\u00e3o esquecer, recuperando conselhos muito repetidos nos tempos da pandemia de covid-19: \u201cLavar as m\u00e3os, tossir e espirrar para o cotovelo e arejar espa\u00e7os.\u201d<\/p>\n","protected":false},"excerpt":{"rendered":"O Governo reconheceu esta segunda-feira, 8 de dezembro, que as pr\u00f3ximas semanas ser\u00e3o exigentes na resposta \u00e0 gripe,&hellip;\n","protected":false},"author":2,"featured_media":181379,"comment_status":"","ping_status":"","sticky":false,"template":"","format":"standard","meta":{"footnotes":""},"categories":[8],"tags":[27,28,15,16,1418,14,25,26,21,22,12,13,19,20,32,23,24,33,117,17,18,29,30,31],"class_list":{"0":"post-181378","1":"post","2":"type-post","3":"status-publish","4":"format-standard","5":"has-post-thumbnail","7":"category-principais-noticias","8":"tag-breaking-news","9":"tag-breakingnews","10":"tag-featured-news","11":"tag-featurednews","12":"tag-gripe","13":"tag-headlines","14":"tag-latest-news","15":"tag-latestnews","16":"tag-main-news","17":"tag-mainnews","18":"tag-news","19":"tag-noticias","20":"tag-noticias-principais","21":"tag-noticiasprincipais","22":"tag-portugal","23":"tag-principais-noticias","24":"tag-principaisnoticias","25":"tag-pt","26":"tag-saude","27":"tag-top-stories","28":"tag-topstories","29":"tag-ultimas","30":"tag-ultimas-noticias","31":"tag-ultimasnoticias"},"share_on_mastodon":{"url":"https:\/\/pubeurope.com\/@pt\/115689735019415406","error":""},"_links":{"self":[{"href":"https:\/\/www.europesays.com\/pt\/wp-json\/wp\/v2\/posts\/181378","targetHints":{"allow":["GET"]}}],"collection":[{"href":"https:\/\/www.europesays.com\/pt\/wp-json\/wp\/v2\/posts"}],"about":[{"href":"https:\/\/www.europesays.com\/pt\/wp-json\/wp\/v2\/types\/post"}],"author":[{"embeddable":true,"href":"https:\/\/www.europesays.com\/pt\/wp-json\/wp\/v2\/users\/2"}],"replies":[{"embeddable":true,"href":"https:\/\/www.europesays.com\/pt\/wp-json\/wp\/v2\/comments?post=181378"}],"version-history":[{"count":0,"href":"https:\/\/www.europesays.com\/pt\/wp-json\/wp\/v2\/posts\/181378\/revisions"}],"wp:featuredmedia":[{"embeddable":true,"href":"https:\/\/www.europesays.com\/pt\/wp-json\/wp\/v2\/media\/181379"}],"wp:attachment":[{"href":"https:\/\/www.europesays.com\/pt\/wp-json\/wp\/v2\/media?parent=181378"}],"wp:term":[{"taxonomy":"category","embeddable":true,"href":"https:\/\/www.europesays.com\/pt\/wp-json\/wp\/v2\/categories?post=181378"},{"taxonomy":"post_tag","embeddable":true,"href":"https:\/\/www.europesays.com\/pt\/wp-json\/wp\/v2\/tags?post=181378"}],"curies":[{"name":"wp","href":"https:\/\/api.w.org\/{rel}","templated":true}]}}