{"id":181380,"date":"2025-12-09T13:01:14","date_gmt":"2025-12-09T13:01:14","guid":{"rendered":"https:\/\/www.europesays.com\/pt\/181380\/"},"modified":"2025-12-09T13:01:14","modified_gmt":"2025-12-09T13:01:14","slug":"namorados-jaffar-bambirra-e-gabz-gravam-o-caldeirao-com-mion-em-gramado","status":"publish","type":"post","link":"https:\/\/www.europesays.com\/pt\/181380\/","title":{"rendered":"Namorados, Jaffar Bambirra e Gabz gravam o &#8216;Caldeir\u00e3o com Mion&#8217; em Gramado"},"content":{"rendered":"\n<p class=\" content-text__container theme-color-primary-first-letter\" data-track-category=\"Link no Texto\" data-track-links=\"\"> Jaffar Bambirra e Gabz no Lago Negro, em Gramado, onde gravaram uma participa\u00e7\u00e3o na temporada especial de fim de ano do \u201c<a class=\"\" href=\"https:\/\/oglobo.globo.com\/tudo-sobre\/programa-de-tv\/caldeirao\" rel=\"nofollow noopener\" target=\"_blank\">Caldeir\u00e3o<\/a>\u201d. Vai ao ar neste s\u00e1bado (13). <\/p>\n<ul class=\"content-unordered-list\">\n<li><strong>Entrevista:<\/strong> <a class=\"\" href=\"https:\/\/oglobo.globo.com\/play\/entrevistas\/noticia\/2025\/07\/10\/jaffar-bambirra-fala-da-serie-raul-seixas-eu-sou-de-trabalho-inedito-no-globoplay-e-do-namoro-com-gabz-sua-colega-de-elenco-em-mania-de-voce.ghtml\" rel=\"nofollow noopener\" target=\"_blank\">Jaffar Bambirra fala do namoro com Gabz: &#8216;\u00c9 minha parceira de vida&#8217;<\/a><\/li>\n<li><strong>Fim das negocia\u00e7\u00f5es:<\/strong> <a class=\"\" href=\"https:\/\/oglobo.globo.com\/play\/novelas\/noticia\/2025\/12\/08\/fim-das-negociacoes-antonio-fagundes-fica-de-fora-do-elenco-de-quem-ama-cuida.ghtml\" rel=\"nofollow noopener\" target=\"_blank\">Antonio Fagundes fica de fora do elenco de &#8216;Quem ama cuida&#8217;<\/a><\/li>\n<\/ul>\n<p class=\" content-text__container \" data-track-category=\"Link no Texto\" data-track-links=\"\"> \u2014 Foi nossa primeira vez na cidade. Adoramos \u2014 conta a atriz, que far\u00e1 \u201c<a class=\"\" href=\"https:\/\/oglobo.globo.com\/tudo-sobre\/novela\/coracao-acelerado\/\" rel=\"nofollow noopener\" target=\"_blank\">Cora\u00e7\u00e3o acelerado<\/a>\u201d. Ela tamb\u00e9m fala dos planos para esta reta final do ano. \u2014 J\u00e1 estamos no climinha de ficar com fam\u00edlia e aguardando os amigos decidirem onde vamos passar a virada. Agora \u00e9 comemorar tudo que aconteceu no ano e pensar j\u00e1 em 2026 \u2014 afirma. <\/p>\n<p class=\" content-text__container \" data-track-category=\"Link no Texto\" data-track-links=\"\"> \u2014 Gabz j\u00e1 est\u00e1 falando como Eduarda (a personagem em &#8220;Cora\u00e7\u00e3o acelerado&#8221;). \u00c0s vezes acho que estou namorando uma goianiense. <\/p>\n<ul class=\"content-unordered-list\">\n<li><strong>TV e famosos:<\/strong> <a class=\"\" href=\"https:\/\/www.whatsapp.com\/channel\/0029Va3JQfiDTkJwvhCFGq1r\" target=\"_blank\" rel=\"nofollow noopener\">se inscreva no canal da coluna Play no WhatsApp<\/a><\/li>\n<\/ul>\n<p class=\" content-text__container \" data-track-category=\"Link no Texto\" data-track-links=\"\"> Na trama, <a class=\"\" href=\"https:\/\/oglobo.globo.com\/play\/novelas\/noticia\/2025\/11\/24\/coracao-acelerado-gabz-sera-orfa-que-se-tornara-cantora-de-sucesso.ghtml\" rel=\"nofollow noopener\" target=\"_blank\">Gabz ser\u00e1 uma jovem inteligente e que adora cantar<\/a>. Ela foi abandonada ainda pequena pela m\u00e3e e viveu na rua at\u00e9 conseguir ir para um orfanato. No decorrer da hist\u00f3ria, Eduarda formar\u00e1 uma dupla sertaneja de sucesso com Agrado Garcia (<a class=\"\" href=\"https:\/\/oglobo.globo.com\/tudo-sobre\/personalidade\/isadora-cruz\/\" rel=\"nofollow noopener\" target=\"_blank\">Isadora Cruz<\/a>), uma cantora que se apresenta pelo interior de Goi\u00e1s ao lado da m\u00e3e, Janete (Leticia Spiller). <\/p>\n<p>      <img decoding=\"async\" class=\"content-media__image\"  src=\"https:\/\/www.europesays.com\/pt\/wp-content\/uploads\/2025\/12\/whatsapp-image-2025-12-08-at-17.01.27.jpeg\" alt=\"Jaffar Bambirra e Gabz \u2014 Foto: Globo\/Thalles Trouva\" width=\"621\" height=\"791\" loading=\"lazy\"\/>  Jaffar Bambirra e Gabz \u2014 Foto: Globo\/Thalles Trouva        Retrospectiva 2025: relembre os famosos que se separaram ou iniciaram um novo relacionamento           <img decoding=\"async\" id=\"image-id-tumb-d7d6db63-6a80-41c3-80f0-992a06f8fefd\" alt=\"Pais de Pilar, Fernanda Paes Leme e Victor Sampaio anunciaram o fim do casamento no in\u00edcio deste ano \u2014 Reprodu\u00e7\u00e3o\/Instagram\" src=\"https:\/\/www.europesays.com\/pt\/wp-content\/uploads\/2025\/11\/fernandapaes.png\" loading=\"lazy\" height=\"489\" width=\"729\" data-posicao=\"1\" role=\"button\" tabindex=\"0\"\/>    <img decoding=\"async\" id=\"image-id-d7d6db63-6a80-41c3-80f0-992a06f8fefd\" class=\"gallery-photo\" alt=\"Pais de Pilar, Fernanda Paes Leme e Victor Sampaio anunciaram o fim do casamento no in\u00edcio deste ano \u2014 Reprodu\u00e7\u00e3o\/Instagram\" src=\"https:\/\/www.europesays.com\/pt\/wp-content\/uploads\/2025\/11\/1764424334_803_fernandapaes.png\" loading=\"lazy\" height=\"489\" width=\"729\"\/>  <\/p>\n<p> 1 de 32 <br \/>&#13;Pais de Pilar, Fernanda Paes Leme e Victor Sampaio anunciaram o fim do casamento no in\u00edcio deste ano \u2014 Reprodu\u00e7\u00e3o\/Instagram <\/p>\n<p>     <img decoding=\"async\" id=\"image-id-tumb-b330f7b7-6705-4b48-9e8d-67e9e7e4d712\" alt=\"Jo\u00e3o Guilherme e Bruna Marquezine terminaram oficialmente o namoro, apesar de j\u00e1 terem sido vistos juntos em diferentes momentos ap\u00f3s o an\u00fancio \u2014 Foto: Reprodu\u00e7\u00e3o Instagram\" src=\"https:\/\/www.europesays.com\/pt\/wp-content\/uploads\/2025\/11\/bruna-e-joao.jpg\" loading=\"lazy\" height=\"675\" width=\"1200\" data-posicao=\"2\" role=\"button\" tabindex=\"0\"\/>    <img decoding=\"async\" id=\"image-id-b330f7b7-6705-4b48-9e8d-67e9e7e4d712\" class=\"gallery-photo\" alt=\"Jo\u00e3o Guilherme e Bruna Marquezine terminaram oficialmente o namoro, apesar de j\u00e1 terem sido vistos juntos em diferentes momentos ap\u00f3s o an\u00fancio \u2014 Foto: Reprodu\u00e7\u00e3o Instagram\" src=\"https:\/\/www.europesays.com\/pt\/wp-content\/uploads\/2025\/11\/1764424335_539_bruna-e-joao.jpg\" loading=\"lazy\" height=\"675\" width=\"1200\"\/>  <\/p>\n<p> 2 de 32 <br \/>&#13;Jo\u00e3o Guilherme e Bruna Marquezine terminaram oficialmente o namoro, apesar de j\u00e1 terem sido vistos juntos em diferentes momentos ap\u00f3s o an\u00fancio \u2014 Foto: Reprodu\u00e7\u00e3o Instagram <\/p>\n<p>     Pular    <\/p>\n<p> X de 32 <br \/>Publicidade <\/p>\n<p>      <img decoding=\"async\" id=\"image-id-tumb-7abb455d-b74f-4b69-b5f7-94460321ee62\" alt=\"Os ex-&quot;BBB&quot;s 24 Matheus e Isabelle terminaram o noivado em 2025 \u2014 Foto: Reprodu\u00e7\u00e3o\/Instagram\" src=\"https:\/\/www.europesays.com\/pt\/wp-content\/uploads\/2025\/11\/whatsapp-image-2025-01-01-at-13.10.10.jpeg\" loading=\"lazy\" height=\"749\" width=\"749\" data-posicao=\"3\" role=\"button\" tabindex=\"0\"\/>    <img decoding=\"async\" id=\"image-id-7abb455d-b74f-4b69-b5f7-94460321ee62\" class=\"gallery-photo\" alt=\"Os ex-&quot;BBB&quot;s 24 Matheus e Isabelle terminaram o noivado em 2025 \u2014 Foto: Reprodu\u00e7\u00e3o\/Instagram\" src=\"https:\/\/www.europesays.com\/pt\/wp-content\/uploads\/2025\/11\/1764424336_272_whatsapp-image-2025-01-01-at-13.10.10.jpeg\" loading=\"lazy\" height=\"749\" width=\"749\"\/>  <\/p>\n<p> 3 de 32 <br \/>&#13;Os ex-&#8220;BBB&#8221;s 24 Matheus e Isabelle terminaram o noivado em 2025 \u2014 Foto: Reprodu\u00e7\u00e3o\/Instagram <\/p>\n<p>      <img decoding=\"async\" id=\"image-id-823717d7-ec9a-4915-9bef-5bbfefcca2a9\" class=\"gallery-photo\" alt=\"A ex-&quot;BBB&quot; Hariany Almeida se separou de Matheus Vargas \u2014 Foto: Reprodu\u00e7\u00e3o \/ Instagram\" src=\"https:\/\/www.europesays.com\/pt\/wp-content\/uploads\/2025\/11\/snapinsta.app-434806812-18434526124061251-6061480850097048284-n-1080.jpg\" loading=\"lazy\" height=\"1350\" width=\"1080\"\/>  <\/p>\n<p> 4 de 32 <br \/>&#13;A ex-&#8220;BBB&#8221; Hariany Almeida se separou de Matheus Vargas \u2014 Foto: Reprodu\u00e7\u00e3o \/ Instagram <\/p>\n<p>     Pular    <\/p>\n<p> X de 32 <br \/>Publicidade <\/p>\n<p>      <img decoding=\"async\" id=\"image-id-9109d017-ed40-4bf6-b8a6-dc6fdb6f192e\" class=\"gallery-photo\" alt=\"Sophie Charlotte e Xam\u00e3 terminaram o namoro, mas acabaram reatando alguns meses depois\u2014 Foto: Fabio Singillo\" src=\"https:\/\/www.europesays.com\/pt\/wp-content\/uploads\/2025\/11\/sophie.jpg\" loading=\"lazy\" height=\"1788\" width=\"2745\"\/>  <\/p>\n<p> 5 de 32 <br \/>&#13;Sophie Charlotte e Xam\u00e3 terminaram o namoro, mas acabaram reatando alguns meses depois\u2014 Foto: Fabio Singillo <\/p>\n<p>      <img decoding=\"async\" id=\"image-id-311fe745-b2df-42b0-8ceb-ef7c3541914e\" class=\"gallery-photo\" alt=\"Z\u00e9 Felipe e Virginia romperam o casamento \u2014 Foto: Reprodu\u00e7\u00e3o\/Instagram\" src=\"https:\/\/www.europesays.com\/pt\/wp-content\/uploads\/2025\/11\/virginia-ze-felipe-jatinho.webp.jpeg\" loading=\"lazy\" height=\"608\" width=\"1080\"\/>  <\/p>\n<p> 6 de 32 <br \/>&#13;Z\u00e9 Felipe e Virginia romperam o casamento \u2014 Foto: Reprodu\u00e7\u00e3o\/Instagram <\/p>\n<p>     Pular    <\/p>\n<p> X de 32 <br \/>Publicidade <\/p>\n<p>      <img decoding=\"async\" id=\"image-id-4c1c8a25-ad2c-4d44-a35c-61b7f9cf7459\" class=\"gallery-photo\" alt=\"Carol Nakamura e Guilherme Leonel tamb\u00e9m deram um ponto final no casamento \u2014 Foto: Reprodu\u00e7\u00e3o\/Instagram\" src=\"https:\/\/www.europesays.com\/pt\/wp-content\/uploads\/2025\/11\/whatsapp-image-2024-11-11-at-14.52.10.jpeg\" loading=\"lazy\" height=\"1076\" width=\"1170\"\/>  <\/p>\n<p> 7 de 32 <br \/>&#13;Carol Nakamura e Guilherme Leonel tamb\u00e9m deram um ponto final no casamento \u2014 Foto: Reprodu\u00e7\u00e3o\/Instagram <\/p>\n<p>      <img decoding=\"async\" id=\"image-id-ba7e3071-fb67-412f-b56d-0483e288c349\" class=\"gallery-photo\" alt=\"Dakota Johnson e o cantor Chris Martin terminaram o noivado \u2014 Foto: Reprodu\u00e7\u00e3o\" src=\"https:\/\/www.europesays.com\/pt\/wp-content\/uploads\/2025\/11\/whatsapp-image-2023-11-23-at-7.57.52-pm.jpeg\" loading=\"lazy\" height=\"533\" width=\"888\"\/>  <\/p>\n<p> 8 de 32 <br \/>&#13;Dakota Johnson e o cantor Chris Martin terminaram o noivado \u2014 Foto: Reprodu\u00e7\u00e3o <\/p>\n<p>     Pular    <\/p>\n<p> X de 32 <br \/>Publicidade <\/p>\n<p>      <img decoding=\"async\" id=\"image-id-db3c36f8-352b-4346-8f68-1ea7b066f974\" class=\"gallery-photo\" alt=\"Chegou ao fim o namoro entre D\u00e9bora Nascimento e Allan Souza Lima \u2014 Foto: Reprodu\u00e7\u00e3o\/Redes sociais\" src=\"https:\/\/www.europesays.com\/pt\/wp-content\/uploads\/2025\/11\/1764424340_533_debora.jpg\" loading=\"lazy\" height=\"680\" width=\"1000\"\/>  <\/p>\n<p> 9 de 32 <br \/>&#13;Chegou ao fim o namoro entre D\u00e9bora Nascimento e Allan Souza Lima \u2014 Foto: Reprodu\u00e7\u00e3o\/Redes sociais <\/p>\n<p>      <img decoding=\"async\" id=\"image-id-579d0695-86a0-47da-bf35-a19d8940a0ff\" class=\"gallery-photo\" alt=\"Os participantes do primeiro &quot;Estrela da casa&quot; Unna X e Matheus terminaram o namoro que come\u00e7ou no reality \u2014 Foto: Reprodu\u00e7\u00e3o\" src=\"https:\/\/www.europesays.com\/pt\/wp-content\/uploads\/2025\/11\/unna-e-matheus.png\" loading=\"lazy\" height=\"317\" width=\"482\"\/>  <\/p>\n<p> 10 de 32 <br \/>&#13;Os participantes do primeiro &#8220;Estrela da casa&#8221; Unna X e Matheus terminaram o namoro que come\u00e7ou no reality \u2014 Foto: Reprodu\u00e7\u00e3o <\/p>\n<p>     Pular    <\/p>\n<p> X de 32 <br \/>Publicidade <\/p>\n<p>      <img decoding=\"async\" id=\"image-id-6c93d8f7-b795-441d-922a-e59e50a64a3a\" class=\"gallery-photo\" alt=\"Jos\u00e9 Junior e Erika Januza estavam noivos e tamb\u00e9m se separaram\u2014 Foto: Reprodu\u00e7\u00e3o\" src=\"https:\/\/www.europesays.com\/pt\/wp-content\/uploads\/2025\/11\/erika-januza-widelg.jpg\" loading=\"lazy\" height=\"450\" width=\"800\"\/>  <\/p>\n<p> 11 de 32 <br \/>&#13;Jos\u00e9 Junior e Erika Januza estavam noivos e tamb\u00e9m se separaram\u2014 Foto: Reprodu\u00e7\u00e3o <\/p>\n<p>      <img decoding=\"async\" id=\"image-id-375f5529-c76a-48fb-9386-849efca1ca72\" class=\"gallery-photo\" alt=\"Mateus Solano e Paula Braun anunciaram o t\u00e9rmino de relacionamento de 17 anos \u2014 Foto: Reprodu\u00e7\u00e3o\/Instagram\" src=\"https:\/\/www.europesays.com\/pt\/wp-content\/uploads\/2025\/11\/mateusolanooficial-548886118-18526473763023457-4086755188716423992-n-1-.jpg\" loading=\"lazy\" height=\"959\" width=\"959\"\/>  <\/p>\n<p> 12 de 32 <br \/>&#13;Mateus Solano e Paula Braun anunciaram o t\u00e9rmino de relacionamento de 17 anos \u2014 Foto: Reprodu\u00e7\u00e3o\/Instagram <\/p>\n<p>     Pular    <\/p>\n<p> X de 32 <br \/>Publicidade <\/p>\n<p>      <img decoding=\"async\" id=\"image-id-5c0eb1e3-e2a1-49ad-ae26-381ca8f323b0\" class=\"gallery-photo\" alt=\"Bianca Andrade e Diego Cruz come\u00e7aram a namorar este ano, mas terminaram recentemente \u2014 Foto: Reprodu\u00e7\u00e3o Instagram\" src=\"https:\/\/www.europesays.com\/pt\/wp-content\/uploads\/2025\/11\/bianquinha-faco-esse-relato-aberto-pra-te-agradecer.-a-vida-do-seu-lado-nesses-ultimos-meses-.jpg\" loading=\"lazy\" height=\"1013\" width=\"1800\"\/>  <\/p>\n<p> 13 de 32 <br \/>&#13;Bianca Andrade e Diego Cruz come\u00e7aram a namorar este ano, mas terminaram recentemente \u2014 Foto: Reprodu\u00e7\u00e3o Instagram <\/p>\n<p>      <img decoding=\"async\" id=\"image-id-b6ff669b-da1f-4245-87ea-43e06485e042\" class=\"gallery-photo\" alt=\"Debby Lagranha anunciou a separa\u00e7\u00e3o de Leandro Amieiro ap\u00f3s 15 anos \u2014 Foto: Reprodu\u00e7\u00e3o\/Instagram\" src=\"https:\/\/www.europesays.com\/pt\/wp-content\/uploads\/2025\/11\/whatsapp-image-2025-01-30-at-11.42.55.jpeg\" loading=\"lazy\" height=\"888\" width=\"888\"\/>  <\/p>\n<p> 14 de 32 <br \/>&#13;Debby Lagranha anunciou a separa\u00e7\u00e3o de Leandro Amieiro ap\u00f3s 15 anos \u2014 Foto: Reprodu\u00e7\u00e3o\/Instagram <\/p>\n<p>     Pular    <\/p>\n<p> X de 32 <br \/>Publicidade <\/p>\n<p>      <img decoding=\"async\" id=\"image-id-1ed538bc-fc1f-468f-9e7e-92fad69d7f33\" class=\"gallery-photo\" alt=\"Marcello Novaes e Saory Cardoso terminaram o namoro no primeiro semestre do ano \u2014 Foto: Reprodu\u00e7\u00e3o\" src=\"https:\/\/www.europesays.com\/pt\/wp-content\/uploads\/2025\/11\/marcello-saory.png\" loading=\"lazy\" height=\"655\" width=\"960\"\/>  <\/p>\n<p> 15 de 32 <br \/>&#13;Marcello Novaes e Saory Cardoso terminaram o namoro no primeiro semestre do ano \u2014 Foto: Reprodu\u00e7\u00e3o <\/p>\n<p>      <img decoding=\"async\" id=\"image-id-1dd8bd35-7fa7-4b13-b788-14b51780ebce\" class=\"gallery-photo\" alt=\"Ben\u00edcio Huck, filho dos apresentadores Luciano Huck e Ang\u00e9lica, terminou o namoro com a influenciadora Duda Guerra em maio \u2014 Foto: Reprodu\u00e7\u00e3o\/Instagram\" src=\"https:\/\/www.europesays.com\/pt\/wp-content\/uploads\/2025\/11\/benicio-e-duda-guerra-widelg.jpg\" loading=\"lazy\" height=\"450\" width=\"800\"\/>  <\/p>\n<p> 16 de 32 <br \/>&#13;Ben\u00edcio Huck, filho dos apresentadores Luciano Huck e Ang\u00e9lica, terminou o namoro com a influenciadora Duda Guerra em maio \u2014 Foto: Reprodu\u00e7\u00e3o\/Instagram <\/p>\n<p>     Pular    <\/p>\n<p> X de 32 <br \/>Publicidade <\/p>\n<p>      <img decoding=\"async\" id=\"image-id-8a373094-866f-4e50-816a-1150925b855c\" class=\"gallery-photo\" alt=\"A cantora Katy Perry e o ator Orlando Bloom se separaram este ano \u2014 Foto: Reprodu\u00e7\u00e3o \/ Instagram\" src=\"https:\/\/www.europesays.com\/pt\/wp-content\/uploads\/2025\/11\/img-1046.jpg\" loading=\"lazy\" height=\"832\" width=\"705\"\/>  <\/p>\n<p> 17 de 32 <br \/>&#13;A cantora Katy Perry e o ator Orlando Bloom se separaram este ano \u2014 Foto: Reprodu\u00e7\u00e3o \/ Instagram <\/p>\n<p>      <img decoding=\"async\" id=\"image-id-781e1fe8-fccd-4ef0-83a2-5782453b03c6\" class=\"gallery-photo\" alt=\"Nicole Kidman e Keith Urban tamb\u00e9m se separaram \u2014 Foto: Stan Honda \/ AFP\" src=\"https:\/\/www.europesays.com\/pt\/wp-content\/uploads\/2025\/11\/36767784-filesnicole-kidman-r-and-keith-urban-l-arrive-for-the-80th-annual-academy-awards-at-the-kod.jpeg\" loading=\"lazy\" height=\"3222\" width=\"2336\"\/>  <\/p>\n<p> 18 de 32 <br \/>&#13;Nicole Kidman e Keith Urban tamb\u00e9m se separaram \u2014 Foto: Stan Honda \/ AFP <\/p>\n<p>     Pular    <\/p>\n<p> X de 32 <br \/>Publicidade <\/p>\n<p>      <img decoding=\"async\" id=\"image-id-58accb8c-2659-495a-9e3a-bc8a322c2a3c\" class=\"gallery-photo\" alt=\"Leticia Spiller e Franclim Mendes da Silva come\u00e7aram a namorar este ano \u2014 Foto: Reprodu\u00e7\u00e3o\/Instagram\" src=\"https:\/\/www.europesays.com\/pt\/wp-content\/uploads\/2025\/11\/ha-um-ano-que-o-rio-me-trouxe-o-presente-mais-lindo-que-e-se-sentir-amada-obrigado-por-tan.jpg\" loading=\"lazy\" height=\"1437\" width=\"1080\"\/>  <\/p>\n<p> 19 de 32 <br \/>&#13;Leticia Spiller e Franclim Mendes da Silva come\u00e7aram a namorar este ano \u2014 Foto: Reprodu\u00e7\u00e3o\/Instagram <\/p>\n<p>      <img decoding=\"async\" id=\"image-id-d110bb6c-1e16-40c7-8530-63c26f729f94\" class=\"gallery-photo\" alt=\"Claudia Alencar est\u00e1 namorando o advogado Emanuel Brito \u2014 Foto: Arquivo pessoal\" src=\"https:\/\/www.europesays.com\/pt\/wp-content\/uploads\/2025\/11\/whatsapp-image-2025-03-12-at-16.29.12.jpeg\" loading=\"lazy\" height=\"750\" width=\"1000\"\/>  <\/p>\n<p> 20 de 32 <br \/>&#13;Claudia Alencar est\u00e1 namorando o advogado Emanuel Brito \u2014 Foto: Arquivo pessoal <\/p>\n<p>     Pular    <\/p>\n<p> X de 32 <br \/>Publicidade <\/p>\n<p>      <img decoding=\"async\" id=\"image-id-4ed3c57f-02f5-42c5-86a2-0367e114f2c8\" class=\"gallery-photo\" alt=\"Mel Lisboa e Gustavo Rezende come\u00e7aram o namoro em 2025 \u2014 Foto: Reprodu\u00e7\u00e3o\/Instagram\" src=\"https:\/\/www.europesays.com\/pt\/wp-content\/uploads\/2025\/11\/pura-vida-feliz-ano-novo-pessoal-cafiotta-e-ajulianamesquita-obrigada-pela-acolhida.jpeg\" loading=\"lazy\" height=\"1350\" width=\"1080\"\/>  <\/p>\n<p> 21 de 32 <br \/>&#13;Mel Lisboa e Gustavo Rezende come\u00e7aram o namoro em 2025 \u2014 Foto: Reprodu\u00e7\u00e3o\/Instagram <\/p>\n<p>      <img decoding=\"async\" id=\"image-id-f2df425d-7e39-452d-85e5-e66a2af18d7f\" class=\"gallery-photo\" alt=\"Milton Cunha terminou um casamento de 15 anos com Eduardo Costa e come\u00e7ou a se relacionar com o corretor de im\u00f3veis Vitor Moraes (foto) \u2014 Foto: Reprodu\u00e7\u00e3o\/Instagram\" src=\"https:\/\/www.europesays.com\/pt\/wp-content\/uploads\/2025\/11\/whatsapp-image-2025-03-12-at-15.45.37.jpeg\" loading=\"lazy\" height=\"736\" width=\"507\"\/>  <\/p>\n<p> 22 de 32 <br \/>&#13;Milton Cunha terminou um casamento de 15 anos com Eduardo Costa e come\u00e7ou a se relacionar com o corretor de im\u00f3veis Vitor Moraes (foto) \u2014 Foto: Reprodu\u00e7\u00e3o\/Instagram <\/p>\n<p>     Pular    <\/p>\n<p> X de 32 <br \/>Publicidade <\/p>\n<p>      <img decoding=\"async\" id=\"image-id-c29e01f3-f655-4181-829b-1877ff1c17e5\" class=\"gallery-photo\" alt=\"Heloisa Periss\u00e9 anunciou o namoro com Leticia Prisco \u2014 Foto: Reprodu\u00e7\u00e3o\/Instagram\" src=\"https:\/\/www.europesays.com\/pt\/wp-content\/uploads\/2025\/11\/whatsapp-image-2025-11-25-at-16.23.19.jpeg\" loading=\"lazy\" height=\"719\" width=\"888\"\/>  <\/p>\n<p> 23 de 32 <br \/>&#13;Heloisa Periss\u00e9 anunciou o namoro com Leticia Prisco \u2014 Foto: Reprodu\u00e7\u00e3o\/Instagram <\/p>\n<p>      <img decoding=\"async\" id=\"image-id-5276b396-9a96-4e19-8464-61d8b6eeb691\" class=\"gallery-photo\" alt=\"Ap\u00f3s o t\u00e9rmino do seu casamento, Virg\u00ednia Fonseca assumiu o namoro com Vini Jr. \u2014 Foto: Reprodu\u00e7\u00e3o Instagram\" src=\"https:\/\/www.europesays.com\/pt\/wp-content\/uploads\/2025\/11\/vini-e-virginia-1-.jpg\" loading=\"lazy\" height=\"844\" width=\"1500\"\/>  <\/p>\n<p> 24 de 32 <br \/>&#13;Ap\u00f3s o t\u00e9rmino do seu casamento, Virg\u00ednia Fonseca assumiu o namoro com Vini Jr. \u2014 Foto: Reprodu\u00e7\u00e3o Instagram <\/p>\n<p>     Pular    <\/p>\n<p> X de 32 <br \/>Publicidade <\/p>\n<p>      <img decoding=\"async\" id=\"image-id-476b8749-e536-4f48-a2b7-195d1411bdc7\" class=\"gallery-photo\" alt=\"O ator Diego Martins come\u00e7ou a namorar o ator Jess\u00e9 Scarpellini \u2014 Foto: Reprodu\u00e7\u00e3o\/Instagram\" src=\"https:\/\/www.europesays.com\/pt\/wp-content\/uploads\/2025\/11\/whatsapp-image-2025-11-25-at-16.26.23.jpeg\" loading=\"lazy\" height=\"791\" width=\"600\"\/>  <\/p>\n<p> 25 de 32 <br \/>&#13;O ator Diego Martins come\u00e7ou a namorar o ator Jess\u00e9 Scarpellini \u2014 Foto: Reprodu\u00e7\u00e3o\/Instagram <\/p>\n<p>      <img decoding=\"async\" id=\"image-id-33e4601a-5d16-4a93-b834-ab43d8587100\" class=\"gallery-photo\" alt=\"Ap\u00f3s 11 anos solteira, Mayt\u00ea Piragibe come\u00e7ou a namorar Leonardo Balthazar \u2014 Foto: Reprodu\u00e7\u00e3o\/Instagram\" src=\"https:\/\/www.europesays.com\/pt\/wp-content\/uploads\/2025\/11\/whatsapp-image-2025-10-10-at-17.22.26-1-.jpeg\" loading=\"lazy\" height=\"601\" width=\"656\"\/>  <\/p>\n<p> 26 de 32 <br \/>&#13;Ap\u00f3s 11 anos solteira, Mayt\u00ea Piragibe come\u00e7ou a namorar Leonardo Balthazar \u2014 Foto: Reprodu\u00e7\u00e3o\/Instagram <\/p>\n<p>     Pular    <\/p>\n<p> X de 32 <br \/>Publicidade <\/p>\n<p>      <img decoding=\"async\" id=\"image-id-acdbcc1b-39d1-4436-80d7-2db26b32cdc8\" class=\"gallery-photo\" alt=\"Filho de Faust\u00e3o, o apresentador Jo\u00e3o Silva est\u00e1 namorando Alexia Novelino \u2014 Foto: Reprodu\u00e7\u00e3o Instagram\" src=\"https:\/\/www.europesays.com\/pt\/wp-content\/uploads\/2025\/11\/joao-e-namorada.jpg\" loading=\"lazy\" height=\"1762\" width=\"1200\"\/>  <\/p>\n<p> 27 de 32 <br \/>&#13;Filho de Faust\u00e3o, o apresentador Jo\u00e3o Silva est\u00e1 namorando Alexia Novelino \u2014 Foto: Reprodu\u00e7\u00e3o Instagram <\/p>\n<p>      <img decoding=\"async\" id=\"image-id-29f1273d-dfa5-4eeb-b4c2-6986ef8e64f0\" class=\"gallery-photo\" alt=\"A ex-&quot;BBB&quot; Alane e Francisco Gil iniciaram um romance este ano \u2014 Foto: Reprodu\u00e7\u00e3o\/Instagram\" src=\"https:\/\/www.europesays.com\/pt\/wp-content\/uploads\/2025\/11\/whatsapp-image-2025-11-23-at-11.44.16.jpeg\" loading=\"lazy\" height=\"947\" width=\"899\"\/>  <\/p>\n<p> 28 de 32 <br \/>&#13;A ex-&#8220;BBB&#8221; Alane e Francisco Gil iniciaram um romance este ano \u2014 Foto: Reprodu\u00e7\u00e3o\/Instagram <\/p>\n<p>     Pular    <\/p>\n<p> X de 32 <br \/>Publicidade <\/p>\n<p>      <img decoding=\"async\" id=\"image-id-22cf68dc-8bcc-4365-9a6e-088fcff28392\" class=\"gallery-photo\" alt=\"Deborah Secco est\u00e1 em um novo relacionamento com o produtor musical Dudu Borges \u2014 Foto: Reprodu\u00e7\u00e3o\" src=\"https:\/\/www.europesays.com\/pt\/wp-content\/uploads\/2025\/11\/4cpale6b-tamanho-portal-3.jpg\" loading=\"lazy\" height=\"900\" width=\"1200\"\/>  <\/p>\n<p> 29 de 32 <br \/>&#13;Deborah Secco est\u00e1 em um novo relacionamento com o produtor musical Dudu Borges \u2014 Foto: Reprodu\u00e7\u00e3o <\/p>\n<p>      <img decoding=\"async\" id=\"image-id-9a81dcff-d595-4f01-9e55-77c5614f8656\" class=\"gallery-photo\" alt=\"Sandy assumiu um novo namorado, o m\u00e9dico Pedro Andrade \u2014 Foto: Reprodu\u00e7\u00e3o\/Instagram\" src=\"https:\/\/www.europesays.com\/pt\/wp-content\/uploads\/2025\/11\/arte-2024-08-01t085734.590.png\" loading=\"lazy\" height=\"1194\" width=\"2000\"\/>  <\/p>\n<p> 30 de 32 <br \/>&#13;Sandy assumiu um novo namorado, o m\u00e9dico Pedro Andrade \u2014 Foto: Reprodu\u00e7\u00e3o\/Instagram <\/p>\n<p>     Pular    <\/p>\n<p> X de 32 <br \/>Publicidade <\/p>\n<p>      <img decoding=\"async\" id=\"image-id-cb313c9c-2b38-405b-89ec-848c4a3b8f41\" class=\"gallery-photo\" alt=\"Mel Maia iniciou um relacionamento com o boxeador Luan Medeiros  \u2014 Foto: Reprodu\u00e7\u00e3o\/Instagram\" src=\"https:\/\/www.europesays.com\/pt\/wp-content\/uploads\/2025\/11\/arte-2025-07-29t094755.323.png\" loading=\"lazy\" height=\"1194\" width=\"2000\"\/>  <\/p>\n<p> 31 de 32 <br \/>&#13;Mel Maia iniciou um relacionamento com o boxeador Luan Medeiros \u2014 Foto: Reprodu\u00e7\u00e3o\/Instagram <\/p>\n<p>      <img decoding=\"async\" id=\"image-id-32d05d05-35c7-44ab-b3c6-3a41627be5b7\" class=\"gallery-photo\" alt=\"Ap\u00f3s idas e vindas, a rela\u00e7\u00e3o de Iza e Yuri Lima chegou ao fim \u2014 Foto: Reprodu\u00e7\u00e3o\" src=\"https:\/\/www.europesays.com\/pt\/wp-content\/uploads\/2025\/11\/106548316.jpg\" loading=\"lazy\" height=\"703\" width=\"671\"\/>  <\/p>\n<p> 32 de 32 <br \/>&#13;Ap\u00f3s idas e vindas, a rela\u00e7\u00e3o de Iza e Yuri Lima chegou ao fim \u2014 Foto: Reprodu\u00e7\u00e3o <\/p>\n<p>     Pular    <\/p>\n<p> X de 32 <br \/>Publicidade <\/p>\n<p>.<\/p>\n","protected":false},"excerpt":{"rendered":"Jaffar Bambirra e Gabz no Lago Negro, em Gramado, onde gravaram uma participa\u00e7\u00e3o na temporada especial de fim&hellip;\n","protected":false},"author":2,"featured_media":181381,"comment_status":"","ping_status":"","sticky":false,"template":"","format":"standard","meta":{"footnotes":""},"categories":[145],"tags":[813,16581,211,210,10169,114,115,25405,5550,17577,32,33,679],"class_list":{"0":"post-181380","1":"post","2":"type-post","3":"status-publish","4":"format-standard","5":"has-post-thumbnail","7":"category-celebridades","8":"tag-atriz","9":"tag-caldeirao","10":"tag-celebridades","11":"tag-celebrities","12":"tag-coracao-acelerado","13":"tag-entertainment","14":"tag-entretenimento","15":"tag-ex-paquita","16":"tag-isadora-cruz","17":"tag-leticia-spiller","18":"tag-portugal","19":"tag-pt","20":"tag-reportagem"},"share_on_mastodon":{"url":"https:\/\/pubeurope.com\/@pt\/115689743886975144","error":""},"_links":{"self":[{"href":"https:\/\/www.europesays.com\/pt\/wp-json\/wp\/v2\/posts\/181380","targetHints":{"allow":["GET"]}}],"collection":[{"href":"https:\/\/www.europesays.com\/pt\/wp-json\/wp\/v2\/posts"}],"about":[{"href":"https:\/\/www.europesays.com\/pt\/wp-json\/wp\/v2\/types\/post"}],"author":[{"embeddable":true,"href":"https:\/\/www.europesays.com\/pt\/wp-json\/wp\/v2\/users\/2"}],"replies":[{"embeddable":true,"href":"https:\/\/www.europesays.com\/pt\/wp-json\/wp\/v2\/comments?post=181380"}],"version-history":[{"count":0,"href":"https:\/\/www.europesays.com\/pt\/wp-json\/wp\/v2\/posts\/181380\/revisions"}],"wp:featuredmedia":[{"embeddable":true,"href":"https:\/\/www.europesays.com\/pt\/wp-json\/wp\/v2\/media\/181381"}],"wp:attachment":[{"href":"https:\/\/www.europesays.com\/pt\/wp-json\/wp\/v2\/media?parent=181380"}],"wp:term":[{"taxonomy":"category","embeddable":true,"href":"https:\/\/www.europesays.com\/pt\/wp-json\/wp\/v2\/categories?post=181380"},{"taxonomy":"post_tag","embeddable":true,"href":"https:\/\/www.europesays.com\/pt\/wp-json\/wp\/v2\/tags?post=181380"}],"curies":[{"name":"wp","href":"https:\/\/api.w.org\/{rel}","templated":true}]}}