{"id":181394,"date":"2025-12-09T13:12:09","date_gmt":"2025-12-09T13:12:09","guid":{"rendered":"https:\/\/www.europesays.com\/pt\/181394\/"},"modified":"2025-12-09T13:12:09","modified_gmt":"2025-12-09T13:12:09","slug":"aviao-militar-russo-despenha-se-com-sete-pessoas-a-bordo","status":"publish","type":"post","link":"https:\/\/www.europesays.com\/pt\/181394\/","title":{"rendered":"Avi\u00e3o militar russo despenha-se com sete pessoas a bordo"},"content":{"rendered":"<p data-remotead-prev-elm=\"true\" data-remotead-elm-id=\"inread\">&#8220;Durante um voo de teste, ap\u00f3s trabalhos de repara\u00e7\u00e3o, um avi\u00e3o de transporte militar An-22 despenhou-se, e a aeronave caiu numa \u00e1rea desabitada&#8221;, disse o minist\u00e9rio \u00e0s ag\u00eancias de not\u00edcias russas TASS e Ria Novosti.<\/p>\n<p>Uma equipa de socorro estava a deslocar-se para o local da cat\u00e1strofe para determinar se havia sobreviventes, acrescentou o minist\u00e9rio, segundo a ag\u00eancia de not\u00edcias France-Presse (AFP).<\/p>\n<p>Uma fonte n\u00e3o identificada dos servi\u00e7os de socorro disse \u00e0 TASS que sete pessoas poderiam estar a bordo do avi\u00e3o.<\/p>\n<p>At\u00e9 ao momento, as autoridades russas n\u00e3o confirmaram se o incidente est\u00e1 relacionado com a guerra em curso contra a Ucr\u00e2nia.<\/p>\n","protected":false},"excerpt":{"rendered":"&#8220;Durante um voo de teste, ap\u00f3s trabalhos de repara\u00e7\u00e3o, um avi\u00e3o de transporte militar An-22 despenhou-se, e a&hellip;\n","protected":false},"author":2,"featured_media":181395,"comment_status":"","ping_status":"","sticky":false,"template":"","format":"standard","meta":{"footnotes":""},"categories":[50],"tags":[27,28,15,16,889,14,25,26,21,22,62,12,13,19,20,23,24,839,17,18,29,30,31,63,64,65],"class_list":{"0":"post-181394","1":"post","2":"type-post","3":"status-publish","4":"format-standard","5":"has-post-thumbnail","7":"category-mundo","8":"tag-breaking-news","9":"tag-breakingnews","10":"tag-featured-news","11":"tag-featurednews","12":"tag-guerra-na-ucrania","13":"tag-headlines","14":"tag-latest-news","15":"tag-latestnews","16":"tag-main-news","17":"tag-mainnews","18":"tag-mundo","19":"tag-news","20":"tag-noticias","21":"tag-noticias-principais","22":"tag-noticiasprincipais","23":"tag-principais-noticias","24":"tag-principaisnoticias","25":"tag-russia","26":"tag-top-stories","27":"tag-topstories","28":"tag-ultimas","29":"tag-ultimas-noticias","30":"tag-ultimasnoticias","31":"tag-world","32":"tag-world-news","33":"tag-worldnews"},"share_on_mastodon":{"url":"https:\/\/pubeurope.com\/@pt\/115689786106900846","error":""},"_links":{"self":[{"href":"https:\/\/www.europesays.com\/pt\/wp-json\/wp\/v2\/posts\/181394","targetHints":{"allow":["GET"]}}],"collection":[{"href":"https:\/\/www.europesays.com\/pt\/wp-json\/wp\/v2\/posts"}],"about":[{"href":"https:\/\/www.europesays.com\/pt\/wp-json\/wp\/v2\/types\/post"}],"author":[{"embeddable":true,"href":"https:\/\/www.europesays.com\/pt\/wp-json\/wp\/v2\/users\/2"}],"replies":[{"embeddable":true,"href":"https:\/\/www.europesays.com\/pt\/wp-json\/wp\/v2\/comments?post=181394"}],"version-history":[{"count":0,"href":"https:\/\/www.europesays.com\/pt\/wp-json\/wp\/v2\/posts\/181394\/revisions"}],"wp:featuredmedia":[{"embeddable":true,"href":"https:\/\/www.europesays.com\/pt\/wp-json\/wp\/v2\/media\/181395"}],"wp:attachment":[{"href":"https:\/\/www.europesays.com\/pt\/wp-json\/wp\/v2\/media?parent=181394"}],"wp:term":[{"taxonomy":"category","embeddable":true,"href":"https:\/\/www.europesays.com\/pt\/wp-json\/wp\/v2\/categories?post=181394"},{"taxonomy":"post_tag","embeddable":true,"href":"https:\/\/www.europesays.com\/pt\/wp-json\/wp\/v2\/tags?post=181394"}],"curies":[{"name":"wp","href":"https:\/\/api.w.org\/{rel}","templated":true}]}}