{"id":181396,"date":"2025-12-09T13:14:27","date_gmt":"2025-12-09T13:14:27","guid":{"rendered":"https:\/\/www.europesays.com\/pt\/181396\/"},"modified":"2025-12-09T13:14:27","modified_gmt":"2025-12-09T13:14:27","slug":"um-morto-em-atropelamento-no-metro-em-almada-observador","status":"publish","type":"post","link":"https:\/\/www.europesays.com\/pt\/181396\/","title":{"rendered":"Um morto em atropelamento no metro em Almada \u2013 Observador"},"content":{"rendered":"<p>Uma pessoa morreu e outra ficou ferida, esta segunda-feira ao final da tarde, ap\u00f3s terem sido ambas atropeladas pelo metro de superf\u00edcie em Almada, disse \u00e0 Lusa fonte da prote\u00e7\u00e3o civil.<\/p>\n<p>O alerta para o atropelamento foi dado \u00e0s 17h25, segundo fonte do Comando Subregional de Emerg\u00eancia e Prote\u00e7\u00e3o Civil da pen\u00ednsula de Set\u00fabal, numa mensagem enviada \u00e0 Lusa. A que ficou ferida, considera \u201cv\u00edtima leve\u201d, foi transportada para o Hospital Garcia de Orta.<\/p>\n<p>O atropelamento levou ao corte de circula\u00e7\u00e3o total do Metro Sul do Tejo, \u201cem ambos sentidos, nas duas linhas \u2014 uma ascendente e outra descendente\u201d.<\/p>\n<p>No local estavam, pelas 18h40 de hoje, seis ve\u00edculos e 21 elementos dos Bombeiros Volunt\u00e1rios de Almada, o INEM, a PSP e respons\u00e1veis da empresa Metro Transportes do Sul.<\/p>\n<p>Este \u00e9 o segundo atropelamento mortal que acontece este m\u00eas envolvendo o Metro Sul do Tejo. Em 2 de dezembro, uma pessoa morreu ap\u00f3s ter sido atropelada pelo metro de superf\u00edcie na esta\u00e7\u00e3o de Santo Amaro em Corroios, concelho do Seixal.<\/p>\n","protected":false},"excerpt":{"rendered":"Uma pessoa morreu e outra ficou ferida, esta segunda-feira ao final da tarde, ap\u00f3s terem sido ambas atropeladas&hellip;\n","protected":false},"author":2,"featured_media":181397,"comment_status":"","ping_status":"","sticky":false,"template":"","format":"standard","meta":{"footnotes":""},"categories":[10],"tags":[27,28,15,16,14,25,26,21,22,12,13,19,20,57,32,23,24,33,10012,58,17,18,29,30,31],"class_list":{"0":"post-181396","1":"post","2":"type-post","3":"status-publish","4":"format-standard","5":"has-post-thumbnail","7":"category-portugal","8":"tag-breaking-news","9":"tag-breakingnews","10":"tag-featured-news","11":"tag-featurednews","12":"tag-headlines","13":"tag-latest-news","14":"tag-latestnews","15":"tag-main-news","16":"tag-mainnews","17":"tag-news","18":"tag-noticias","19":"tag-noticias-principais","20":"tag-noticiasprincipais","21":"tag-pau00eds","22":"tag-portugal","23":"tag-principais-noticias","24":"tag-principaisnoticias","25":"tag-pt","26":"tag-setu00fabal","27":"tag-sociedade","28":"tag-top-stories","29":"tag-topstories","30":"tag-ultimas","31":"tag-ultimas-noticias","32":"tag-ultimasnoticias"},"share_on_mastodon":{"url":"https:\/\/pubeurope.com\/@pt\/115689793988366050","error":""},"_links":{"self":[{"href":"https:\/\/www.europesays.com\/pt\/wp-json\/wp\/v2\/posts\/181396","targetHints":{"allow":["GET"]}}],"collection":[{"href":"https:\/\/www.europesays.com\/pt\/wp-json\/wp\/v2\/posts"}],"about":[{"href":"https:\/\/www.europesays.com\/pt\/wp-json\/wp\/v2\/types\/post"}],"author":[{"embeddable":true,"href":"https:\/\/www.europesays.com\/pt\/wp-json\/wp\/v2\/users\/2"}],"replies":[{"embeddable":true,"href":"https:\/\/www.europesays.com\/pt\/wp-json\/wp\/v2\/comments?post=181396"}],"version-history":[{"count":0,"href":"https:\/\/www.europesays.com\/pt\/wp-json\/wp\/v2\/posts\/181396\/revisions"}],"wp:featuredmedia":[{"embeddable":true,"href":"https:\/\/www.europesays.com\/pt\/wp-json\/wp\/v2\/media\/181397"}],"wp:attachment":[{"href":"https:\/\/www.europesays.com\/pt\/wp-json\/wp\/v2\/media?parent=181396"}],"wp:term":[{"taxonomy":"category","embeddable":true,"href":"https:\/\/www.europesays.com\/pt\/wp-json\/wp\/v2\/categories?post=181396"},{"taxonomy":"post_tag","embeddable":true,"href":"https:\/\/www.europesays.com\/pt\/wp-json\/wp\/v2\/tags?post=181396"}],"curies":[{"name":"wp","href":"https:\/\/api.w.org\/{rel}","templated":true}]}}