{"id":181398,"date":"2025-12-09T13:16:04","date_gmt":"2025-12-09T13:16:04","guid":{"rendered":"https:\/\/www.europesays.com\/pt\/181398\/"},"modified":"2025-12-09T13:16:04","modified_gmt":"2025-12-09T13:16:04","slug":"xabi-alonso-nao-consegue-ser-xabi-alonso-e-o-real-madrid-ativou-o-modo-guerra-civil","status":"publish","type":"post","link":"https:\/\/www.europesays.com\/pt\/181398\/","title":{"rendered":"Xabi Alonso n\u00e3o consegue ser Xabi Alonso e o Real Madrid ativou o modo guerra civil"},"content":{"rendered":"<p>H\u00e1 um gui\u00e3o n\u00e3o escrito para este tipo de turbul\u00eancias no Bernab\u00e9u. Primeiro vem um mau resultado, claro, s\u00e3o os pontos os grandes ditadores. Depois disso, lentamente, mas sem trav\u00e3o poss\u00edvel, chegam os rumores na imprensa, baseados nas filtraciones, nas fontes no balne\u00e1rio, no que se diz e deixa saber.<\/p>\n<p>Quando novembro principiou e o Real Madrid goleou (4-0) o Valencia, nada faria prever que este protocolo estivesse, cinco semanas passadas, em vigor. Naquele momento, os merengues levavam 13 triunfos em 14 encontros na temporada, Mbapp\u00e9 voava, novos protagonistas \u2014 Carreras, Mastantuono, G\u00fcler \u2014 ganhavam peso. Mas chegou a derrota com o Liverpool. Seguiram-se empates com o Rayo, o Elche e o Girona e a derrota com o Celta, tudo com s\u00f3 dois triunfos, diante Olympiakos e Athletic, pelo meio. A cada mau resultado, o ru\u00eddo intensificava-se.<\/p>\n<p>Arrancou<strong> <\/strong>a batalha medi\u00e1tica. Come\u00e7aram as not\u00edcias. &#8220;O plantel queixa-se da quantidade e dura\u00e7\u00e3o dos v\u00eddeos mostrados pela equipa t\u00e9cnica&#8221;; &#8220;h\u00e1 inc\u00f3modo pelas exig\u00eancias t\u00e1ticas pedidas&#8221;; &#8220;teme-se que haja uma overdose de instru\u00e7\u00f5es t\u00e1ticas nos treinos&#8221;.<\/p>\n<p>A corrente foi seguida por v\u00e1rios gestos p\u00fablicos. Fede Valverde dizendo que n\u00e3o gostava de ser lateral. Jude Bellingham a fazer caras feias. E Vin\u00edcius J\u00fanior.<\/p>\n<p>Vin\u00edcius a queixar-se de ser suplente. Vin\u00edcius a queixar-se de ser titular, mas ser substitu\u00eddo. Uma certa sensa\u00e7\u00e3o de que, ao chegar e n\u00e3o deixar d\u00favidas que Mbapp\u00e9 era o l\u00edder, Xabi tomou logo um partido. <\/p>\n<p>O grande rendimento de Mbapp\u00e9 tem sido uma das poucas notas positivas das \u00faltimas semanas <\/p>\n<p>NurPhoto<\/p>\n<p>Um momento fundamental decorreu a 26 de outubro, ainda o Real e Alonso viviam na lua de mel. No melhor resultado desde que o antigo m\u00e9dio pegou na equipa, o Barcelona foi derrotado (2-1) no grande cl\u00e1ssico espanhol. S\u00f3 que, como uma fuga de g\u00e1s que se d\u00e1 quando tudo \u00e9 harmonia e conc\u00f3rdia, s\u00f3 se sabendo as suas consequ\u00eancias depois, algo se quebrou naquela tarde.<\/p>\n<p>Aos 72&#8242;, Xabi substituiu Vini. O brasileiro n\u00e3o escondeu a irrita\u00e7\u00e3o com a troca, questionando, \u00e0 frente de todos, a autoridade do treinador. O clube n\u00e3o defendeu o t\u00e9cnico, que ficou isolado perante uma estrela, habitual posi\u00e7\u00e3o de fragilidade no emblema onde, historicamente, os futebolistas mandam. Desde ent\u00e3o, a situa\u00e7\u00e3o n\u00e3o mais se endireitou.<\/p>\n<p>O gabinete de crise<\/p>\n<p>A derrota que deixou o madridismo \u00e0 beira de um ataque de nervos foi o 2-0 sofrido, em casa, contra o Celta. A quatro pontos do Barcelona na classifica\u00e7\u00e3o da La Liga, o t\u00edtulo \u00e9 mais do que poss\u00edvel, mas \u00e9 a sensa\u00e7\u00e3o de impot\u00eancia que corr\u00f3i o projeto Xabi.<\/p>\n<p>Seguindo o famoso gui\u00e3o destes momentos de crise, Florentino P\u00e9rez j\u00e1 fez saber \u00e0 imprensa mais pr\u00f3xima em que patamar estamos: o embate frente ao City (quarta-feira, 20h00, DAZN) \u00e9 decisivo para a continuidade do basco. Esta informa\u00e7\u00e3o veio reproduzida, na manh\u00e3 seguinte a perder contra o Celta, na Marca, AS e El Mundo. A rota do costume.<\/p>\n<p>O duelo contra os galegos &#8220;colocou tudo em causa&#8221;, escreve o AS. A imprensa destaca a m\u00e1 rela\u00e7\u00e3o entre parte do balne\u00e1rio e o treinador, uma rotura que come\u00e7ou como rumor e agora parece evid\u00eancia.<\/p>\n<p class=\"category\"><a href=\"https:\/\/tribuna.expresso.pt\/futebol-internacional\" rel=\"nofollow noopener\" target=\"_blank\">Futebol internacional<\/a><\/p>\n<p class=\"follow-link\"><a href=\"https:\/\/tribuna.expresso.pt\/futebol-internacional\/2025-11-22-liverpool-a-espera-que-os-milhoes-facam-efeito-cc41fbbd\" rel=\"canonical nofollow noopener\" target=\"_blank\">Leia tamb\u00e9m<\/a><\/p>\n<p>Tamb\u00e9m na sequ\u00eancia do jogo com o Celta, e igualmente com ecos na imprensa mais pr\u00f3-Florentino, deu-se uma reuni\u00e3o de emerg\u00eancia da dire\u00e7\u00e3o blanca. Fala-se em &#8220;gabinete de crise&#8221; at\u00e9 altas horas da madrugada, sendo nesse encontro que se colocou a rece\u00e7\u00e3o ao City como grande teste para o futuro.<\/p>\n<p>Da mudan\u00e7a ao conformismo<\/p>\n<p>Durante uma d\u00e9cada, o Real Madrid viveu sob as regras da dupla Ancelotti-Zidane. Foram eles, enquanto parelha t\u00e9cnica, que venceram a ansiada d\u00e9cima Liga dos Campe\u00f5es, em 2014, foi Zizou a solo que conquistou tr\u00eas Champions de seguida, seria<a href=\"https:\/\/tribuna.expresso.pt\/liga-dos-campeoes\/2024-06-01-nada-temam-chegou-carlo-ancelotti-o-treinador-sem-estilo.-e-ele-esta-calmo-como-sempre-a82164ae\" target=\"_blank\" rel=\"noopener noreferrer nofollow\"> Carletto a solo <\/a>a ganhar mais duas.<\/p>\n<p>O franc\u00eas e o italiano sempre foram vistos mais como gestores do que enquanto revolucion\u00e1rios t\u00e1ticos. Destacavam-se no que os espanh\u00f3is chamam de mano izquierda, um certo sentido comum para contentar os egos de um balne\u00e1rio \u00fanico. Mas, de tempos a tempos, uma s\u00e9rie de maus resultados leva a acreditar que \u00e9 preciso mudar o perfil, que \u00e9 necess\u00e1ria ordem, dinamismo, inova\u00e7\u00e3o, um ar mais moderno.<\/p>\n<p>Na passada Liga dos Campe\u00f5es, o Arsenal de Arteta arrasou o Real Madrid. Foi o sinal que era preciso para que Florentino apostasse por um ex-jogador que ganhara <a href=\"https:\/\/tribuna.expresso.pt\/futebol-internacional\/2024-04-11-xabi-alonso-o-cerebro-da-moda-do-futebol-europeu-84529dab\" target=\"_blank\" rel=\"noopener noreferrer nofollow\">fama de t\u00e9cnico inovador na Alemanha.<\/a> Xabi Alonso chegava para mexer na hierarquia, para deixar o seu ADN, para que a equipa fosse sua.<\/p>\n<p>Os primeiros sinais foram claros. Logo no Mundial de Clubes a inten\u00e7\u00e3o era ter um coletivo que pressionasse mais, mais agressivo, sem o imobilismo de tempos recentes. Bellingham estava lesionado, o que facilitava ter um meio-campo que mordesse mais, a Vin\u00edcius rapidamente foi dada a mensagem de que era preciso nova atitude.<\/p>\n<p>Xabi Alonso em Madrid: 27 jogos, 19 vit\u00f3rias, quatro empates e quatro derrotas<\/p>\n<p>SOPA Images<\/p>\n<p>Este Real Madrid mais sintonizado com o que a elite da bola europeia realiza precisava, para funcionar, de uma soma de convic\u00e7\u00e3o do treinador, apoio dado pela dire\u00e7\u00e3o e capacidade de compreens\u00e3o por parte das estrelas. Nada disto se tem verificado: come\u00e7ando pelo terceiro fator, os jogadores foram r\u00e1pidos em expressar-se contra Xabi. Adicionalmente, a dire\u00e7\u00e3o tem sido muda a defend\u00ea-lo. E o campe\u00e3o do mundo de 2010 foi abandonando a sua proposta \u00e0 medida que chegaram as dificuldades.<\/p>\n<p>Desde que Bellingham recuperou de les\u00e3o, o brit\u00e2nico n\u00e3o mais saiu do onze, realizando quase sempre encontros completos. Mastantuono desapareceu das op\u00e7\u00f5es, tamb\u00e9m condicionado por um problema f\u00edsico, e at\u00e9 G\u00fcler, refer\u00eancia dos primeiros meses da \u00e9poca, se v\u00ea ofuscado pelos nomes mais consagrados, sendo habitualmente substitu\u00eddo.<\/p>\n<p>Valverde, desde que se queixou de jogar a lateral, n\u00e3o mais foi lateral. Vin\u00edcius parece ter voltado a ser intoc\u00e1vel, com o trio Vini-Jude-Mbapp\u00e9 a dar a ideia de n\u00e3o poder ser suplente ou substitu\u00eddo, como sucedia com Ancelotti.<\/p>\n<p>Nem a incr\u00edvel temporada de Mbapp\u00e9, autor de 25 golos em 21 encontros, mitiga a crise. Xabi Alonso chegou para criar um projeto, mas parece diluir-se entre ced\u00eancias e estatutos. Sem poder para ser Xabi Alonso, sem autoridade para fazer altera\u00e7\u00f5es, Xabi transforma-se num Ancelotti mais novo, mas sem a mestria do italiano em ser diplomata, um Carletto sem a arte de Carletto. <\/p>\n<p>Num clube onde as estrelas mandam, a guerra civil pode estar quase a fazer uma v\u00edtima mortal.<\/p>\n","protected":false},"excerpt":{"rendered":"H\u00e1 um gui\u00e3o n\u00e3o escrito para este tipo de turbul\u00eancias no Bernab\u00e9u. Primeiro vem um mau resultado, claro,&hellip;\n","protected":false},"author":2,"featured_media":181399,"comment_status":"","ping_status":"","sticky":false,"template":"","format":"standard","meta":{"footnotes":""},"categories":[8],"tags":[27,28,15,16,14,25,26,21,22,12,13,19,20,32,23,24,33,17,18,29,30,31],"class_list":{"0":"post-181398","1":"post","2":"type-post","3":"status-publish","4":"format-standard","5":"has-post-thumbnail","7":"category-principais-noticias","8":"tag-breaking-news","9":"tag-breakingnews","10":"tag-featured-news","11":"tag-featurednews","12":"tag-headlines","13":"tag-latest-news","14":"tag-latestnews","15":"tag-main-news","16":"tag-mainnews","17":"tag-news","18":"tag-noticias","19":"tag-noticias-principais","20":"tag-noticiasprincipais","21":"tag-portugal","22":"tag-principais-noticias","23":"tag-principaisnoticias","24":"tag-pt","25":"tag-top-stories","26":"tag-topstories","27":"tag-ultimas","28":"tag-ultimas-noticias","29":"tag-ultimasnoticias"},"share_on_mastodon":{"url":"https:\/\/pubeurope.com\/@pt\/115689802505037444","error":""},"_links":{"self":[{"href":"https:\/\/www.europesays.com\/pt\/wp-json\/wp\/v2\/posts\/181398","targetHints":{"allow":["GET"]}}],"collection":[{"href":"https:\/\/www.europesays.com\/pt\/wp-json\/wp\/v2\/posts"}],"about":[{"href":"https:\/\/www.europesays.com\/pt\/wp-json\/wp\/v2\/types\/post"}],"author":[{"embeddable":true,"href":"https:\/\/www.europesays.com\/pt\/wp-json\/wp\/v2\/users\/2"}],"replies":[{"embeddable":true,"href":"https:\/\/www.europesays.com\/pt\/wp-json\/wp\/v2\/comments?post=181398"}],"version-history":[{"count":0,"href":"https:\/\/www.europesays.com\/pt\/wp-json\/wp\/v2\/posts\/181398\/revisions"}],"wp:featuredmedia":[{"embeddable":true,"href":"https:\/\/www.europesays.com\/pt\/wp-json\/wp\/v2\/media\/181399"}],"wp:attachment":[{"href":"https:\/\/www.europesays.com\/pt\/wp-json\/wp\/v2\/media?parent=181398"}],"wp:term":[{"taxonomy":"category","embeddable":true,"href":"https:\/\/www.europesays.com\/pt\/wp-json\/wp\/v2\/categories?post=181398"},{"taxonomy":"post_tag","embeddable":true,"href":"https:\/\/www.europesays.com\/pt\/wp-json\/wp\/v2\/tags?post=181398"}],"curies":[{"name":"wp","href":"https:\/\/api.w.org\/{rel}","templated":true}]}}