{"id":181400,"date":"2025-12-09T13:17:16","date_gmt":"2025-12-09T13:17:16","guid":{"rendered":"https:\/\/www.europesays.com\/pt\/181400\/"},"modified":"2025-12-09T13:17:16","modified_gmt":"2025-12-09T13:17:16","slug":"nasce-a-primeira-filha-de-mc-guime-com-empresaria-de-balneario-camboriu-nsc-total","status":"publish","type":"post","link":"https:\/\/www.europesays.com\/pt\/181400\/","title":{"rendered":"Nasce a primeira filha de MC Guim\u00ea com empres\u00e1ria de Balne\u00e1rio Cambori\u00fa- NSC Total"},"content":{"rendered":"<p>                            <img width=\"944\" height=\"531\" src=\"https:\/\/www.europesays.com\/pt\/wp-content\/uploads\/2025\/12\/Nasce-a-primeira-filha-de-MC-Guime-com-empresaria-de-Balneario-Camboriu-veja-fotos-944x531.jpg\" class=\"attachment-custom-large size-custom-large article-featured-image\" alt=\"Foto de MC Guim\u00ea, esposa e da filha Yarin, primog\u00eanita do casal\" fetchpriority=\"high\" decoding=\"async\"  \/><\/p>\n<p class=\"image-caption\">MC Guim\u00ea, Fernanda e a pequena Yarin, cujo rostinho foi preservado pelos pais (Foto: Juliany Gomes, Instagram, Reprodu\u00e7\u00e3o)<\/p>\n<p>Nasceu a primeira filha do cantor MC Guim\u00ea com a empres\u00e1ria de Balne\u00e1rio Cambori\u00fa Fernanda Strochein. O casal compartilhou nas redes sociais imagens da pequena Yarin, que chegou ao mundo na noite desta segunda-feira (8).<\/p>\n<p>Continua depois da publicidade<\/p>\n<p>No in\u00edcio da semana, o novo papai publicou um v\u00eddeo no <strong><a href=\"https:\/\/www.instagram.com\/p\/DR9-RVjjhS-\/\" rel=\"nofollow noopener\" target=\"_blank\">Instagram <\/a><\/strong>mostrando como seria o \u00faltimo caf\u00e9 da manh\u00e3 da mam\u00e3e com a <strong><a href=\"https:\/\/www.nsctotal.com.br\/noticias\/mc-guime-e-empresaria-de-balneario-camboriu-anunciam-chegada-do-1-filho\" target=\"_blank\" rel=\"noreferrer noopener nofollow\">filha ainda na barriga<\/a><\/strong>. Nos \u00faltimos dias, ambos estavam ansiosos com a chegada da primog\u00eanita.<\/p>\n<p>\u201cHoje anunciamos a chegada da nossa promessa. O amor nunca foi t\u00e3o real. Seja bem-vinda, filha. Te amamos mais que tudo\u201d, diz a publica\u00e7\u00e3o conjunta dos noivos.<\/p>\n<p>Veja fotos do nascimento de Yarin e da gesta\u00e7\u00e3o1<\/p>\n<p>VoltarAvan\u00e7ar<\/p>\n<p><img loading=\"lazy\" decoding=\"async\" width=\"620\" height=\"1080\" data-id=\"7749648\" src=\"https:\/\/www.europesays.com\/pt\/wp-content\/uploads\/2025\/12\/nasce-yarin-primeira-filha-mc-guime-com-empresaria-de-balneario-camboriu-foto-reproducao-instagram-1.jpeg\" alt=\"\" class=\"wp-image-7749648\"\/><\/p>\n<p>MC Guim\u00ea com Yarin no colo enquanto a m\u00e3e foi para os cuidados p\u00f3s-ces\u00e1rea(Foto: Instagram, Reprodu\u00e7\u00e3o)<\/p>\n<p><img loading=\"lazy\" decoding=\"async\" width=\"810\" height=\"1080\" data-id=\"7749650\" src=\"https:\/\/www.europesays.com\/pt\/wp-content\/uploads\/2025\/12\/nasce-yarin-primeira-filha-mc-guime-com-empresaria-de-balneario-camboriu-foto-reproducao-instagram-8.jpeg\" alt=\"\" class=\"wp-image-7749650\"\/><\/p>\n<p>A pequena Yarin (Foto: Instagram, Reprodu\u00e7\u00e3o)<\/p>\n<p><img loading=\"lazy\" decoding=\"async\" width=\"810\" height=\"1080\" data-id=\"7749649\" src=\"https:\/\/www.europesays.com\/pt\/wp-content\/uploads\/2025\/12\/nasce-yarin-primeira-filha-mc-guime-com-empresaria-de-balneario-camboriu-foto-reproducao-instagram-7.jpeg\" alt=\"\" class=\"wp-image-7749649\"\/><\/p>\n<p>Primeira foto dos pais com a pequena (Foto: Instagram, Reprodu\u00e7\u00e3o)<\/p>\n<p><img loading=\"lazy\" decoding=\"async\" width=\"623\" height=\"1080\" data-id=\"7749653\" src=\"https:\/\/www.europesays.com\/pt\/wp-content\/uploads\/2025\/12\/nasce-yarin-primeira-filha-mc-guime-com-empresaria-de-balneario-camboriu-foto-reproducao-instagram-6.jpeg\" alt=\"\" class=\"wp-image-7749653\"\/><\/p>\n<p>MC Guim\u00ea com a fot\u00f3grafa Juliany Gomes respons\u00e1vel pelas imagens do nascimento (Foto: Instagram, Reprodu\u00e7\u00e3o)<\/p>\n<p><img loading=\"lazy\" decoding=\"async\" width=\"620\" height=\"1080\" data-id=\"7749655\" src=\"https:\/\/www.europesays.com\/pt\/wp-content\/uploads\/2025\/12\/nasce-yarin-primeira-filha-mc-guime-com-empresaria-de-balneario-camboriu-foto-reproducao-instagram-2.jpeg\" alt=\"\" class=\"wp-image-7749655\"\/><\/p>\n<p>Preparativos para a chegada de Yarin (Foto: Instagram, Reprodu\u00e7\u00e3o)<\/p>\n<p><img loading=\"lazy\" decoding=\"async\" width=\"622\" height=\"1080\" data-id=\"7749651\" src=\"https:\/\/www.europesays.com\/pt\/wp-content\/uploads\/2025\/12\/nasce-yarin-primeira-filha-mc-guime-com-empresaria-de-balneario-camboriu-foto-reproducao-instagram-4.jpeg\" alt=\"\" class=\"wp-image-7749651\"\/><\/p>\n<p>Instantes antes do nascimento (Foto: Instagram, Reprodu\u00e7\u00e3o)<\/p>\n<p><img loading=\"lazy\" decoding=\"async\" width=\"626\" height=\"1080\" data-id=\"7749652\" src=\"https:\/\/www.europesays.com\/pt\/wp-content\/uploads\/2025\/12\/nasce-yarin-primeira-filha-mc-guime-com-empresaria-de-balneario-camboriu-foto-reproducao-instagram-3.jpeg\" alt=\"\" class=\"wp-image-7749652\"\/><\/p>\n<p>Preparativos para a ces\u00e1rea (Foto: Instagram, Reprodu\u00e7\u00e3o)<\/p>\n<p><img loading=\"lazy\" decoding=\"async\" width=\"624\" height=\"1080\" data-id=\"7749654\" src=\"https:\/\/www.europesays.com\/pt\/wp-content\/uploads\/2025\/12\/nasce-yarin-primeira-filha-mc-guime-com-empresaria-de-balneario-camboriu-foto-reproducao-instagram-5.jpeg\" alt=\"\" class=\"wp-image-7749654\"\/><\/p>\n<p>Fernanda (Foto: Instagram, Reprodu\u00e7\u00e3o)<\/p>\n<p><img loading=\"lazy\" decoding=\"async\" width=\"618\" height=\"1080\" data-id=\"7749447\" src=\"https:\/\/www.europesays.com\/pt\/wp-content\/uploads\/2025\/12\/Nasce-Yarin-a-primeira-filha-de-MC-Guime-com-empresaria-de-Balneario-Camboriu-01.jpg\" alt=\"\" class=\"wp-image-7749447\"\/><\/p>\n<p>Casal publicou fotos na chegada \u00e0 maternidade (Foto: Redes sociais, Reprodu\u00e7\u00e3o)<\/p>\n<p><img loading=\"lazy\" decoding=\"async\" width=\"624\" height=\"1080\" data-id=\"7749449\" src=\"https:\/\/www.europesays.com\/pt\/wp-content\/uploads\/2025\/12\/Nasce-Yarin-a-primeira-filha-de-MC-Guime-com-empresaria-de-Balneario-Camboriu-02.jpg\" alt=\"\" class=\"wp-image-7749449\"\/><\/p>\n<p>Casal publicou fotos na chegada \u00e0 maternidade (Foto: Redes sociais, Reprodu\u00e7\u00e3o)<\/p>\n<p><img loading=\"lazy\" decoding=\"async\" width=\"623\" height=\"1080\" data-id=\"7749450\" src=\"https:\/\/www.europesays.com\/pt\/wp-content\/uploads\/2025\/12\/Nasce-Yarin-a-primeira-filha-de-MC-Guime-com-empresaria-de-Balneario-Camboriu-04.jpg\" alt=\"\" class=\"wp-image-7749450\"\/><\/p>\n<p>Casal publicou fotos na chegada \u00e0 maternidade (Foto: Redes sociais, Reprodu\u00e7\u00e3o)<\/p>\n<p><img loading=\"lazy\" decoding=\"async\" width=\"610\" height=\"1080\" data-id=\"7749271\" src=\"https:\/\/www.europesays.com\/pt\/wp-content\/uploads\/2025\/12\/Nasce-Yarin-filha-de-MC-Guime-com-empresaria-de-Balneario-Camboriu-10.jpg\" alt=\"\" class=\"wp-image-7749271\"\/><\/p>\n<p>MC Guim\u00ea mostrou \u00faltimo caf\u00e9 da mam\u00e3e com o beb\u00ea na barriga (Foto: Redes sociais, Reprodu\u00e7\u00e3o)<\/p>\n<p><img loading=\"lazy\" decoding=\"async\" width=\"864\" height=\"1080\" data-id=\"7749269\" src=\"https:\/\/www.europesays.com\/pt\/wp-content\/uploads\/2025\/12\/Nasce-Yarin-filha-de-MC-Guime-com-empresaria-de-Balneario-Camboriu-6.jpg\" alt=\"\" class=\"wp-image-7749269\"\/><\/p>\n<p>Imagens usadas no an\u00fancio da gravidez, em maio (Foto: Redes sociais, Reprodu\u00e7\u00e3o)<\/p>\n<p><img loading=\"lazy\" decoding=\"async\" width=\"867\" height=\"1080\" data-id=\"7749273\" src=\"https:\/\/www.europesays.com\/pt\/wp-content\/uploads\/2025\/12\/Nasce-Yarin-filha-de-MC-Guime-com-empresaria-de-Balneario-Camboriu-4.jpg\" alt=\"\" class=\"wp-image-7749273\"\/><\/p>\n<p>Imagens usadas no an\u00fancio da gravidez, em maio (Foto: Redes sociais, Reprodu\u00e7\u00e3o)<\/p>\n<p><img loading=\"lazy\" decoding=\"async\" width=\"615\" height=\"1080\" data-id=\"7749448\" src=\"https:\/\/www.europesays.com\/pt\/wp-content\/uploads\/2025\/12\/Nasce-Yarin-a-primeira-filha-de-MC-Guime-com-empresaria-de-Balneario-Camboriu-03.jpg\" alt=\"\" class=\"wp-image-7749448\"\/><\/p>\n<p>Casal publicou fotos na chegada \u00e0 maternidade (Foto: Redes sociais, Reprodu\u00e7\u00e3o)<\/p>\n<p><img loading=\"lazy\" decoding=\"async\" width=\"810\" height=\"1080\" data-id=\"7749272\" src=\"https:\/\/www.europesays.com\/pt\/wp-content\/uploads\/2025\/12\/Nasce-Yarin-filha-de-MC-Guime-com-empresaria-de-Balneario-Camboriu-5.jpg\" alt=\"\" class=\"wp-image-7749272\"\/><\/p>\n<p>Data do ch\u00e1 revela\u00e7\u00e3o, quando souberam que seria uma menina (Foto: Redes sociais, Reprodu\u00e7\u00e3o)<\/p>\n<p><img loading=\"lazy\" decoding=\"async\" width=\"1080\" height=\"1080\" data-id=\"7749263\" src=\"https:\/\/www.europesays.com\/pt\/wp-content\/uploads\/2025\/12\/Nasce-Yarin-filha-de-MC-Guime-com-empresaria-de-Balneario-Camboriu-7.jpg\" alt=\"\" class=\"wp-image-7749263\"  \/><\/p>\n<p>Data do ch\u00e1 revela\u00e7\u00e3o, quando souberam que seria uma menina (Foto: Redes sociais, Reprodu\u00e7\u00e3o)<\/p>\n<p><img loading=\"lazy\" decoding=\"async\" width=\"610\" height=\"1080\" data-id=\"7749268\" src=\"https:\/\/www.europesays.com\/pt\/wp-content\/uploads\/2025\/12\/Nasce-Yarin-filha-de-MC-Guime-com-empresaria-de-Balneario-Camboriu-8.jpg\" alt=\"\" class=\"wp-image-7749268\"\/><\/p>\n<p>Casal compartilhou com seguidores a montagem do enxoval (Foto: Redes sociais, Reprodu\u00e7\u00e3o)<\/p>\n<p><img loading=\"lazy\" decoding=\"async\" width=\"631\" height=\"1080\" data-id=\"7749264\" src=\"https:\/\/www.europesays.com\/pt\/wp-content\/uploads\/2025\/12\/Nasce-Yarin-filha-de-MC-Guime-com-empresaria-de-Balneario-Camboriu-1.jpg\" alt=\"\" class=\"wp-image-7749264\"\/><\/p>\n<p>Casal compartilhou com seguidores a montagem do enxoval (Foto: Redes sociais, Reprodu\u00e7\u00e3o)<\/p>\n<p><img loading=\"lazy\" decoding=\"async\" width=\"611\" height=\"1080\" data-id=\"7749270\" src=\"https:\/\/www.europesays.com\/pt\/wp-content\/uploads\/2025\/12\/Nasce-Yarin-filha-de-MC-Guime-com-empresaria-de-Balneario-Camboriu-11.jpg\" alt=\"\" class=\"wp-image-7749270\"\/><\/p>\n<p>Casal compartilhou com seguidores a montagem do enxoval (Foto: Redes sociais, Reprodu\u00e7\u00e3o)<\/p>\n<p><img loading=\"lazy\" decoding=\"async\" width=\"865\" height=\"1080\" data-id=\"7749266\" src=\"https:\/\/www.europesays.com\/pt\/wp-content\/uploads\/2025\/12\/Nasce-Yarin-filha-de-MC-Guime-com-empresaria-de-Balneario-Camboriu-2.jpg\" alt=\"\" class=\"wp-image-7749266\"\/><\/p>\n<p>Ensaio do casal \u00e0s v\u00e9speras do parto (Foto: Redes sociais, Reprodu\u00e7\u00e3o)<\/p>\n<p><img loading=\"lazy\" decoding=\"async\" width=\"867\" height=\"1080\" data-id=\"7749267\" src=\"https:\/\/www.europesays.com\/pt\/wp-content\/uploads\/2025\/12\/Nasce-Yarin-filha-de-MC-Guime-com-empresaria-de-Balneario-Camboriu-3.jpg\" alt=\"\" class=\"wp-image-7749267\"\/><\/p>\n<p>Ensaio do casal \u00e0s v\u00e9speras do parto (Foto: Redes sociais, Reprodu\u00e7\u00e3o)<\/p>\n<p><img loading=\"lazy\" decoding=\"async\" width=\"810\" height=\"1080\" data-id=\"7749265\" src=\"https:\/\/www.europesays.com\/pt\/wp-content\/uploads\/2025\/12\/Nasce-Yarin-filha-de-MC-Guime-com-empresaria-de-Balneario-Camboriu-9.jpg\" alt=\"\" class=\"wp-image-7749265\"\/><\/p>\n<p>Gr\u00e1vida, Fernanda ainda acompanhou eventos do companheiro (Foto: Redes sociais, Reprodu\u00e7\u00e3o)<\/p>\n<p>Gravidez e pedido de casamento<\/p>\n<p>Quando anunciaram a gravidez, em maio, os pombinhos afirmaram: \u201cSem palavras para descrever essa emo\u00e7\u00e3o que estamos sentindo, \u00e9 tanta felicidade que nem cabe no peito\u201d. O an\u00fancio, ali\u00e1s, ocorreu 20 dias ap\u00f3s o funkeiro\u00a0<strong><a href=\"https:\/\/www.nsctotal.com.br\/noticias\/empresaria-de-balneario-camboriu-e-pedida-em-casamento-por-mc-guime\" target=\"_blank\" rel=\"noreferrer noopener nofollow\">pedir a empres\u00e1ria em casamento<\/a><\/strong>.\u00a0<\/p>\n<p>Continua depois da publicidade<\/p>\n<p>Fernanda\u00a0compartilhou o dia a dia da gesta\u00e7\u00e3o nas redes sociais, mostrando cuidados com a sa\u00fade e at\u00e9 a montagem do enxoval para receber Yarin. Um <strong><a href=\"https:\/\/www.nsctotal.com.br\/noticias\/empresaria-de-balneario-camboriu-gravida-de-mc-guime-revela-doenca-explica-sumico\" target=\"_blank\" rel=\"noreferrer noopener nofollow\">diagn\u00f3stico de cefaleia<\/a><\/strong> chegou a afastar a empres\u00e1ria por um tempo da internet, at\u00e9 ela come\u00e7ar o tratamento.<\/p>\n<p>                    <script async src=\"\/\/www.instagram.com\/embed.js\"><\/script><\/p>\n","protected":false},"excerpt":{"rendered":"MC Guim\u00ea, Fernanda e a pequena Yarin, cujo rostinho foi preservado pelos pais (Foto: Juliany Gomes, Instagram, Reprodu\u00e7\u00e3o)&hellip;\n","protected":false},"author":2,"featured_media":181401,"comment_status":"","ping_status":"","sticky":false,"template":"","format":"standard","meta":{"footnotes":""},"categories":[145],"tags":[37104,211,210,829,114,115,37105,32,33],"class_list":{"0":"post-181400","1":"post","2":"type-post","3":"status-publish","4":"format-standard","5":"has-post-thumbnail","7":"category-celebridades","8":"tag-balneario-camboriu","9":"tag-celebridades","10":"tag-celebrities","11":"tag-conteudo-liberado","12":"tag-entertainment","13":"tag-entretenimento","14":"tag-mc-guime","15":"tag-portugal","16":"tag-pt"},"share_on_mastodon":{"url":"https:\/\/pubeurope.com\/@pt\/115689806455023617","error":""},"_links":{"self":[{"href":"https:\/\/www.europesays.com\/pt\/wp-json\/wp\/v2\/posts\/181400","targetHints":{"allow":["GET"]}}],"collection":[{"href":"https:\/\/www.europesays.com\/pt\/wp-json\/wp\/v2\/posts"}],"about":[{"href":"https:\/\/www.europesays.com\/pt\/wp-json\/wp\/v2\/types\/post"}],"author":[{"embeddable":true,"href":"https:\/\/www.europesays.com\/pt\/wp-json\/wp\/v2\/users\/2"}],"replies":[{"embeddable":true,"href":"https:\/\/www.europesays.com\/pt\/wp-json\/wp\/v2\/comments?post=181400"}],"version-history":[{"count":0,"href":"https:\/\/www.europesays.com\/pt\/wp-json\/wp\/v2\/posts\/181400\/revisions"}],"wp:featuredmedia":[{"embeddable":true,"href":"https:\/\/www.europesays.com\/pt\/wp-json\/wp\/v2\/media\/181401"}],"wp:attachment":[{"href":"https:\/\/www.europesays.com\/pt\/wp-json\/wp\/v2\/media?parent=181400"}],"wp:term":[{"taxonomy":"category","embeddable":true,"href":"https:\/\/www.europesays.com\/pt\/wp-json\/wp\/v2\/categories?post=181400"},{"taxonomy":"post_tag","embeddable":true,"href":"https:\/\/www.europesays.com\/pt\/wp-json\/wp\/v2\/tags?post=181400"}],"curies":[{"name":"wp","href":"https:\/\/api.w.org\/{rel}","templated":true}]}}