{"id":181416,"date":"2025-12-09T13:28:07","date_gmt":"2025-12-09T13:28:07","guid":{"rendered":"https:\/\/www.europesays.com\/pt\/181416\/"},"modified":"2025-12-09T13:28:07","modified_gmt":"2025-12-09T13:28:07","slug":"trump-arrasa-europa-pelo-desastre-na-imigracao-e-ate-ignora-aviso-de-costa-acho-que-sao-fracos","status":"publish","type":"post","link":"https:\/\/www.europesays.com\/pt\/181416\/","title":{"rendered":"Trump arrasa Europa pelo &#8220;desastre&#8221; na imigra\u00e7\u00e3o e at\u00e9 ignora aviso de Costa: &#8220;Acho que s\u00e3o fracos&#8221;"},"content":{"rendered":"<p>\t                Entrevista arrasadora do presidente dos Estados Unidos, que n\u00e3o gosta do rumo que a Europa est\u00e1 a tomar, mas tamb\u00e9m encontra pessoas de quem gosta por estes lados. Entre eles est\u00e3o Viktor Orb\u00e1n e Recep Tayyip Erdogan<\/p>\n<p style=\"margin-bottom:11px\">A Europa \u00e9 \u201cdecadente\u201d e est\u00e1 a ser liderada por pessoas \u201cfracas\u201d. S\u00e3o palavras duras e sa\u00edram da boca do presidente dos Estados Unidos, que foi considerado pelo <a href=\"https:\/\/www.politico.com\/news\/2025\/12\/09\/trump-dasha-burns-interview-europe-immigration-ukraine-00682016\" rel=\"nofollow noopener\" target=\"_blank\">POLITICO<\/a> como a pessoa mais poderosa do Velho Continente, na primeira vez em que o site atribui esta distin\u00e7\u00e3o a um norte-americano.<\/p>\n<p>Donald Trump v\u00ea um falhan\u00e7o particular na incapacidade europeia de controlar a imigra\u00e7\u00e3o ou em fazer esfor\u00e7os para acabar com a guerra na Ucr\u00e2nia, num conflito no qual os Estados Unidos t\u00eam estado a pender para o lado da R\u00fassia, enquanto a Europa se mant\u00e9m firme na defesa intransigente da Ucr\u00e2nia.<\/p>\n<p>N\u00e3o \u00e9 que esta seja propriamente a primeira vez que Donald Trump ou a sua entourage atacam a Europa &#8211; basta ver a atividade recente de Elon Musk no X -, mas estas palavras s\u00e3o particularmente duras, al\u00e9m de virem acompanhadas de uma esp\u00e9cie de amea\u00e7a aos atuais l\u00edderes.<\/p>\n<p>\u00c9 que, descontente com quem manda por c\u00e1 neste momento, o presidente norte-americano admite mesmo vir a apoiar candidatos alinhados com a sua vis\u00e3o no futuro.<\/p>\n<p>\u201cAcho que s\u00e3o fracos. Mas tamb\u00e9m acho que querem muito ser politicamente corretos\u201d, atirou, vendo uma Europa que \u201cn\u00e3o sabe o que fazer\u201d.<\/p>\n<p>&#8220;A pol\u00edtica de imigra\u00e7\u00e3o deles \u00e9 um desastre. O que eles est\u00e3o a fazer com a imigra\u00e7\u00e3o \u00e9 um desastre. T\u00ednhamos uma cat\u00e1strofe a caminho, mas eu consegui impedi-la. Agora n\u00e3o temos pessoas a passar pelas nossas fronteiras, zero, sete meses. Quero dizer, quem \u00e9 que acreditaria em zero? Pass\u00e1mos de milh\u00f5es de pessoas &#8211; nalguns casos, milh\u00f5es de pessoas por m\u00eas &#8211; mas de milh\u00f5es de pessoas para nenhuma pessoa&#8221;, atirou.<\/p>\n<p>Coment\u00e1rios especialmente preocupantes pela altura em que surgem, j\u00e1 que a negocia\u00e7\u00e3o para um fim da guerra na Ucr\u00e2nia continua e os Estados Unidos parecem estar a pender cada vez mais para o lado da R\u00fassia.<\/p>\n<p>Isso j\u00e1 levou os l\u00edderes europeus a emitirem v\u00e1rios alarmes &#8211; Emmanuel Macron at\u00e9 ter\u00e1 avisado para uma trai\u00e7\u00e3o -, temendo que os Estados Unidos abandonem n\u00e3o s\u00f3 a Ucr\u00e2nia, mas tamb\u00e9m a pr\u00f3pria Europa, hist\u00f3rica aliada.<\/p>\n<p>Diretamente questionado sobre a sua vis\u00e3o, Donald Trump n\u00e3o deixou quaisquer garantias \u00e0 Europa, referindo at\u00e9 que a R\u00fassia estava claramente numa posi\u00e7\u00e3o mais forte que a Ucr\u00e2nia.<\/p>\n<p>Acresce a isso a recentemente conhecida <a href=\"https:\/\/cnnportugal.iol.pt\/donald-trump\/eua\/europa-esta-em-risco-de-sofrer-um-apagao-civilizacional-avisa-trump-sera-irreconhecivel-dentro-de-20-anos-ou-menos\/20251205\/693341bed34e2bd5c6d4cd7c\" target=\"_blank\" rel=\"nofollow noopener\">Estrat\u00e9gia de Seguran\u00e7a Nacional<\/a>, na qual a Casa Branca assinala um risco de \u201capag\u00e3o civilizacional\u201d da Europa, nomeadamente por causa da forma como est\u00e1 a lidar com quest\u00f5es como a imigra\u00e7\u00e3o.<\/p>\n<p>\u00c9 sob esse peso que, para Donald Trump, cidades como Londres e Paris est\u00e3o a ceder, nomeadamente com as pessoas que chegam do M\u00e9dio Oriente e de \u00c1frica. Sem uma mudan\u00e7a nas atuais pol\u00edticas de fronteiras, o presidente dos Estados Unidos antev\u00ea que alguns pa\u00edses europeus \u201cv\u00e3o deixar de ser vi\u00e1veis\u201d.<\/p>\n<p>Procurando ser mais espec\u00edfico, Donald Trump apontou o exemplo do autarca de Londres, Sadiq Khan, filho de imigrantes paquistaneses e que \u00e9 o primeiro mu\u00e7ulmano no cargo. Um \u201cdesastre\u201d pol\u00edtico, no entender do presidente dos Estados Unidos, que culpa a imigra\u00e7\u00e3o pela elei\u00e7\u00e3o: \u201cEle foi eleito porque demasiadas pessoas entraram. Votaram nele agora\u201d.<\/p>\n<p>&#8220;Se olharmos para Londres, temos um autarca chamado [Sadiq] Khan. \u00c9 um autarca terr\u00edvel. Um autarca incompetente, mas tamb\u00e9m horr\u00edvel, perverso e nojento&#8221;, acrescentou.<\/p>\n<p>Um efeito, o da imigra\u00e7\u00e3o, que Donald Trump tamb\u00e9m j\u00e1 v\u00ea na Escandin\u00e1via. &#8220;A Su\u00e9cia era conhecida como o pa\u00eds mais seguro da Europa, um dos mais seguros do mundo. Agora \u00e9 conhecido como altamente inseguro &#8211; bem, um pa\u00eds muito inseguro. Nem sequer d\u00e1 para acreditar&#8221;, continuou, apontando depois &#8220;dois grandes erros&#8221; \u00e0 Alemanha, com Angela Merkel a permitir uma abertura de fronteiras para a entrada de refugiados e a redu\u00e7\u00e3o da sua independ\u00eancia energ\u00e9tica.<\/p>\n<p>E nem mesmo os avisos do presidente do Conselho Europeu fizeram acalmar o presidente dos Estados Unidos. Ant\u00f3nio Costa avisou, na sequ\u00eancia da tal Estrat\u00e9gia de Seguran\u00e7a Nacional, que a Casa Branca deve respeitar a soberania europeia e o seu direito a governar-se como entender.<\/p>\n<p>\u201cOs aliados n\u00e3o amea\u00e7am interferir na vida democr\u00e1tica ou nas escolhas pol\u00edticas internas dos seus aliados\u201d, afirmou Ant\u00f3nio Costa, que pediu respeito pela Europa e, especificamente, pela Uni\u00e3o Europeia.<\/p>\n<p>Confrontado pelo POLITICO com essas palavras, Donald Trump nem pestanejou. N\u00e3o s\u00f3 se sente no direito a fazer coment\u00e1rios sobre a dire\u00e7\u00e3o pol\u00edtica europeia, como admite vir a apoiar certos candidatos em elei\u00e7\u00f5es futuras, mesmo que isso coloque em causa certas sensibilidades.<\/p>\n<p>\u201cVou apoiar [candidatos]. Vou apoiar pessoas, mas j\u00e1 apoiei pessoas de que muitos europeus n\u00e3o gostam. Apoiei Viktor Orb\u00e1n\u201d, lembrou, admitindo que gosta das pol\u00edticas fronteiri\u00e7as do primeiro-ministro da Hungria, talvez o maior p\u00e1ria da atual composi\u00e7\u00e3o da Uni\u00e3o Europeia.<\/p>\n<p>Al\u00e9m de Viktor Orb\u00e1n, Donald Trump tem tamb\u00e9m bem a dizer do presidente da Turquia, Recep Tayyip Erdogan, que \u00e9, imagine-se, um &#8220;bolo fofo&#8221;. &#8220;Quando algu\u00e9m tem um problema com Erdogan, pede-me para lhe ligar porque n\u00e3o conseguem falar com ele. Ele \u00e9 um bolo fofo. Por acaso gosto muito dele. Penso, at\u00e9, que construiu um grande pa\u00eds, um grande ex\u00e9rcito&#8221;, afirmou, acrescentando tamb\u00e9m elogios \u00e0 pol\u00edtica migrat\u00f3ria da Pol\u00f3nia, que tem sido mais dura nos \u00faltimos anos.<\/p>\n<p>Cr\u00edticas que se estendem, como j\u00e1 se percebeu, \u00e0 quest\u00e3o da guerra. Donald Trump voltou a sugerir que Volodymyr Zelensky deve mesmo aceitar o que tem na mesa, ironizando com a atual posi\u00e7\u00e3o do presidente da Ucr\u00e2nia: \u201cSeria bom se ele lesse [o plano de paz\u201d, afirmou, dizendo que muitos ucranianos gostam do que foi elaborado pelos Estados Unidos, e que tem mais em considera\u00e7\u00e3o os interesses da R\u00fassia do que outra coisa.<\/p>\n<p>Mas tamb\u00e9m a\u00ed se encontra espa\u00e7o para criticar a Europa, nomeadamente Fran\u00e7a, Alemanha e Reino Unido, que t\u00eam liderado os esfor\u00e7os para n\u00e3o deixar a Ucr\u00e2nia sozinha entre dois gigantes. \u201cEles falam, mas n\u00e3o produzem, e a guerra continua e continua\u201d, reiterou, deixando at\u00e9 um novo apelo por elei\u00e7\u00f5es na Ucr\u00e2nia, numa das mais claras confirma\u00e7\u00f5es de que n\u00e3o vai mesmo \u00e0 bola com Volodymyr Zelensky.<\/p>\n<p>\u201cEles n\u00e3o t\u00eam uma elei\u00e7\u00e3o h\u00e1 muito tempo. Sabe, eles falam sobre democracia, mas chegamos a um ponto em que j\u00e1 n\u00e3o \u00e9 democracia\u201d, concluiu.<\/p>\n","protected":false},"excerpt":{"rendered":"Entrevista arrasadora do presidente dos Estados Unidos, que n\u00e3o gosta do rumo que a Europa est\u00e1 a tomar,&hellip;\n","protected":false},"author":2,"featured_media":181417,"comment_status":"","ping_status":"","sticky":false,"template":"","format":"standard","meta":{"footnotes":""},"categories":[50],"tags":[609,836,6953,611,27,28,607,608,333,832,604,135,610,92,476,15,16,301,830,14,1481,1865,603,25,26,570,21,22,831,833,62,834,12,13,19,20,835,602,52,32,23,24,17,18,29,30,31,636,63,64,65],"class_list":{"0":"post-181416","1":"post","2":"type-post","3":"status-publish","4":"format-standard","5":"has-post-thumbnail","7":"category-mundo","8":"tag-alerta","9":"tag-analise","10":"tag-antonio-costa","11":"tag-ao-minuto","12":"tag-breaking-news","13":"tag-breakingnews","14":"tag-cnn","15":"tag-cnn-portugal","16":"tag-comentadores","17":"tag-costa","18":"tag-crime","19":"tag-desporto","20":"tag-direto","21":"tag-donald-trump","22":"tag-economia","23":"tag-featured-news","24":"tag-featurednews","25":"tag-governo","26":"tag-guerra","27":"tag-headlines","28":"tag-imigracao","29":"tag-imigrantes","30":"tag-justica","31":"tag-latest-news","32":"tag-latestnews","33":"tag-live","34":"tag-main-news","35":"tag-mainnews","36":"tag-mais-vistas","37":"tag-marcelo","38":"tag-mundo","39":"tag-negocios","40":"tag-news","41":"tag-noticias","42":"tag-noticias-principais","43":"tag-noticiasprincipais","44":"tag-opiniao","45":"tag-pais","46":"tag-politica","47":"tag-portugal","48":"tag-principais-noticias","49":"tag-principaisnoticias","50":"tag-top-stories","51":"tag-topstories","52":"tag-ultimas","53":"tag-ultimas-noticias","54":"tag-ultimasnoticias","55":"tag-uniao-europeia","56":"tag-world","57":"tag-world-news","58":"tag-worldnews"},"share_on_mastodon":{"url":"","error":"Validation failed: Text character limit of 500 exceeded"},"_links":{"self":[{"href":"https:\/\/www.europesays.com\/pt\/wp-json\/wp\/v2\/posts\/181416","targetHints":{"allow":["GET"]}}],"collection":[{"href":"https:\/\/www.europesays.com\/pt\/wp-json\/wp\/v2\/posts"}],"about":[{"href":"https:\/\/www.europesays.com\/pt\/wp-json\/wp\/v2\/types\/post"}],"author":[{"embeddable":true,"href":"https:\/\/www.europesays.com\/pt\/wp-json\/wp\/v2\/users\/2"}],"replies":[{"embeddable":true,"href":"https:\/\/www.europesays.com\/pt\/wp-json\/wp\/v2\/comments?post=181416"}],"version-history":[{"count":0,"href":"https:\/\/www.europesays.com\/pt\/wp-json\/wp\/v2\/posts\/181416\/revisions"}],"wp:featuredmedia":[{"embeddable":true,"href":"https:\/\/www.europesays.com\/pt\/wp-json\/wp\/v2\/media\/181417"}],"wp:attachment":[{"href":"https:\/\/www.europesays.com\/pt\/wp-json\/wp\/v2\/media?parent=181416"}],"wp:term":[{"taxonomy":"category","embeddable":true,"href":"https:\/\/www.europesays.com\/pt\/wp-json\/wp\/v2\/categories?post=181416"},{"taxonomy":"post_tag","embeddable":true,"href":"https:\/\/www.europesays.com\/pt\/wp-json\/wp\/v2\/tags?post=181416"}],"curies":[{"name":"wp","href":"https:\/\/api.w.org\/{rel}","templated":true}]}}