{"id":181420,"date":"2025-12-09T13:30:42","date_gmt":"2025-12-09T13:30:42","guid":{"rendered":"https:\/\/www.europesays.com\/pt\/181420\/"},"modified":"2025-12-09T13:30:42","modified_gmt":"2025-12-09T13:30:42","slug":"morreu-a-escritora-e-biologa-clara-pinto-correia","status":"publish","type":"post","link":"https:\/\/www.europesays.com\/pt\/181420\/","title":{"rendered":"Morreu a escritora e bi\u00f3loga Clara Pinto Correia"},"content":{"rendered":"<p>&#13;<br \/>\n(em atualiza\u00e7\u00e3o)&#13;\n<\/p>\n<p>&#13;<br \/>\nClara Pinto Correia morreu aos 65 anos, confirmou esta ter\u00e7a-feira a editora Exclama\u00e7\u00e3o, que publicou o seu \u00faltimo livro, Antares, em junho do ano passado.&#13;\n<\/p>\n<p>&#13;<br \/>\nSegundo o\u00a0Correio da Manh\u00e3,\u00a0a bi\u00f3loga, escritora e professora universit\u00e1ria\u00a0<b>foi encontrada morta em casa em Estremoz<\/b> esta manh\u00e3.&#13;\n<\/p>\n<p>O presidente da Rep\u00fablica j\u00e1 apresentou \u201cos seus afetuosos sentimentos\u201d \u00e0 fam\u00edlia, amigos e admiradores de Clara Pinto Correia e disse ter ficado \u201cconsternado pela sua partida prematura\u201d.<\/p>\n<p>\u201c<b>Clara Pinto Correia juntava \u00e0 alegria de viver, uma intelig\u00eancia e um brilho que se expressaram na interven\u00e7\u00e3o oral e escrita<\/b>, no magist\u00e9rio cient\u00edfico e na comunica\u00e7\u00e3o com os outros\u201d, l\u00ea-se numa nota no site da Presid\u00eancia.<\/p>\n<p>\u201cN\u00e3o deixou nunca ningu\u00e9m indiferente. Da\u00ed o sentido de aus\u00eancia por todos partilhado neste momento\u201d, acrescentou Marcelo Rebelo de Sousa.<\/p>\n","protected":false},"excerpt":{"rendered":"&#13; (em atualiza\u00e7\u00e3o)&#13; &#13; Clara Pinto Correia morreu aos 65 anos, confirmou esta ter\u00e7a-feira a editora Exclama\u00e7\u00e3o, que&hellip;\n","protected":false},"author":2,"featured_media":181421,"comment_status":"","ping_status":"","sticky":false,"template":"","format":"standard","meta":{"footnotes":""},"categories":[8],"tags":[37111,27,28,37109,37110,15,16,14,25,26,21,22,588,12,13,19,20,32,23,24,33,17,18,29,30,31],"class_list":{"0":"post-181420","1":"post","2":"type-post","3":"status-publish","4":"format-standard","5":"has-post-thumbnail","7":"category-principais-noticias","8":"tag-biologa","9":"tag-breaking-news","10":"tag-breakingnews","11":"tag-clara-pinto-correia","12":"tag-estremoz","13":"tag-featured-news","14":"tag-featurednews","15":"tag-headlines","16":"tag-latest-news","17":"tag-latestnews","18":"tag-main-news","19":"tag-mainnews","20":"tag-marcelo-rebelo-de-sousa","21":"tag-news","22":"tag-noticias","23":"tag-noticias-principais","24":"tag-noticiasprincipais","25":"tag-portugal","26":"tag-principais-noticias","27":"tag-principaisnoticias","28":"tag-pt","29":"tag-top-stories","30":"tag-topstories","31":"tag-ultimas","32":"tag-ultimas-noticias","33":"tag-ultimasnoticias"},"share_on_mastodon":{"url":"https:\/\/pubeurope.com\/@pt\/115689857845441401","error":""},"_links":{"self":[{"href":"https:\/\/www.europesays.com\/pt\/wp-json\/wp\/v2\/posts\/181420","targetHints":{"allow":["GET"]}}],"collection":[{"href":"https:\/\/www.europesays.com\/pt\/wp-json\/wp\/v2\/posts"}],"about":[{"href":"https:\/\/www.europesays.com\/pt\/wp-json\/wp\/v2\/types\/post"}],"author":[{"embeddable":true,"href":"https:\/\/www.europesays.com\/pt\/wp-json\/wp\/v2\/users\/2"}],"replies":[{"embeddable":true,"href":"https:\/\/www.europesays.com\/pt\/wp-json\/wp\/v2\/comments?post=181420"}],"version-history":[{"count":0,"href":"https:\/\/www.europesays.com\/pt\/wp-json\/wp\/v2\/posts\/181420\/revisions"}],"wp:featuredmedia":[{"embeddable":true,"href":"https:\/\/www.europesays.com\/pt\/wp-json\/wp\/v2\/media\/181421"}],"wp:attachment":[{"href":"https:\/\/www.europesays.com\/pt\/wp-json\/wp\/v2\/media?parent=181420"}],"wp:term":[{"taxonomy":"category","embeddable":true,"href":"https:\/\/www.europesays.com\/pt\/wp-json\/wp\/v2\/categories?post=181420"},{"taxonomy":"post_tag","embeddable":true,"href":"https:\/\/www.europesays.com\/pt\/wp-json\/wp\/v2\/tags?post=181420"}],"curies":[{"name":"wp","href":"https:\/\/api.w.org\/{rel}","templated":true}]}}