{"id":181424,"date":"2025-12-09T13:34:27","date_gmt":"2025-12-09T13:34:27","guid":{"rendered":"https:\/\/www.europesays.com\/pt\/181424\/"},"modified":"2025-12-09T13:34:27","modified_gmt":"2025-12-09T13:34:27","slug":"fabio-provoca-colegas-ainda-vou-pegar-no-cheque-ja-estou-com-um-pezinho-a-cheirar-a-final-secret-story","status":"publish","type":"post","link":"https:\/\/www.europesays.com\/pt\/181424\/","title":{"rendered":"F\u00e1bio provoca colegas: \u00abAinda vou pegar no cheque (\u2026) j\u00e1 estou com um pezinho a cheirar a final\u00bb &#8211; Secret Story"},"content":{"rendered":"<p>No Secret Story 9, F\u00e1bio provoca os colegas e diz que sem eles darem conta ainda vai vencer o programa. J\u00e1 os colegas acham que tem tido apenas \u00absorte\u00bb.\u00a0<\/p>\n<p>A gala de ontem foi cheia de emo\u00e7\u00f5es fortes, <strong>marcada por mais uma sa\u00edda da casa mais vigiada do Pa\u00eds<\/strong>. Ao longo da gala do Secret Story 9 deste domingo, dia 7 de dezembro, <strong>as percentagens foram reveladas e rapidamente se percebeu que a disputa estava mais apertada do que nunca.<\/strong><\/p>\n<p><strong>Marisa foi a primeira concorrente a ser salva<\/strong>, conquistando 36% dos votos. Os restantes quatro nomes mantiveram-se em risco, numa batalha intensa pela perman\u00eancia at\u00e9 ao fim.<\/p>\n<p>Quando chegou o momento decisivo, as diferen\u00e7as eram m\u00ednimas. <strong>Pedro somou 50% e Liliana reuniu 33%<\/strong>. Mas a concorrente menos votada e, por isso, a abandonar este domingo a casa mais vigiada do Pa\u00eds foi <strong>Bruna, com apenas 17% dos votos.\u00a0<\/strong><\/p>\n","protected":false},"excerpt":{"rendered":"No Secret Story 9, F\u00e1bio provoca os colegas e diz que sem eles darem conta ainda vai vencer&hellip;\n","protected":false},"author":2,"featured_media":181425,"comment_status":"","ping_status":"","sticky":false,"template":"","format":"standard","meta":{"footnotes":""},"categories":[142],"tags":[114,115,19082,19033,19034,32,33,151,19032],"class_list":{"0":"post-181424","1":"post","2":"type-post","3":"status-publish","4":"format-standard","5":"has-post-thumbnail","7":"category-tv","8":"tag-entertainment","9":"tag-entretenimento","10":"tag-fabio","11":"tag-galas-em-video","12":"tag-melhores-momentos-casa-dos-segredos","13":"tag-portugal","14":"tag-pt","15":"tag-tv","16":"tag-videos-secret-story-tvi"},"share_on_mastodon":{"url":"https:\/\/pubeurope.com\/@pt\/115689872675308000","error":""},"_links":{"self":[{"href":"https:\/\/www.europesays.com\/pt\/wp-json\/wp\/v2\/posts\/181424","targetHints":{"allow":["GET"]}}],"collection":[{"href":"https:\/\/www.europesays.com\/pt\/wp-json\/wp\/v2\/posts"}],"about":[{"href":"https:\/\/www.europesays.com\/pt\/wp-json\/wp\/v2\/types\/post"}],"author":[{"embeddable":true,"href":"https:\/\/www.europesays.com\/pt\/wp-json\/wp\/v2\/users\/2"}],"replies":[{"embeddable":true,"href":"https:\/\/www.europesays.com\/pt\/wp-json\/wp\/v2\/comments?post=181424"}],"version-history":[{"count":0,"href":"https:\/\/www.europesays.com\/pt\/wp-json\/wp\/v2\/posts\/181424\/revisions"}],"wp:featuredmedia":[{"embeddable":true,"href":"https:\/\/www.europesays.com\/pt\/wp-json\/wp\/v2\/media\/181425"}],"wp:attachment":[{"href":"https:\/\/www.europesays.com\/pt\/wp-json\/wp\/v2\/media?parent=181424"}],"wp:term":[{"taxonomy":"category","embeddable":true,"href":"https:\/\/www.europesays.com\/pt\/wp-json\/wp\/v2\/categories?post=181424"},{"taxonomy":"post_tag","embeddable":true,"href":"https:\/\/www.europesays.com\/pt\/wp-json\/wp\/v2\/tags?post=181424"}],"curies":[{"name":"wp","href":"https:\/\/api.w.org\/{rel}","templated":true}]}}