{"id":181428,"date":"2025-12-09T13:37:30","date_gmt":"2025-12-09T13:37:30","guid":{"rendered":"https:\/\/www.europesays.com\/pt\/181428\/"},"modified":"2025-12-09T13:37:30","modified_gmt":"2025-12-09T13:37:30","slug":"f1-lando-norris-vai-usar-o-no1-em-2026","status":"publish","type":"post","link":"https:\/\/www.europesays.com\/pt\/181428\/","title":{"rendered":"F1: Lando Norris vai usar o N\u00ba1 em 2026"},"content":{"rendered":"<p>Lando Norris, rec\u00e9m-coroado Campe\u00e3o do Mundo de F\u00f3rmula 1, confirmou que utilizar\u00e1 o n\u00famero 1 no seu monolugar na pr\u00f3xima temporada. A decis\u00e3o simboliza a conquista hist\u00f3rica do brit\u00e2nico, que alcan\u00e7ou o t\u00edtulo por apenas dois pontos na \u00faltima corrida do ano, em Abu Dhabi.<\/p>\n<p>O n\u00famero 1 \u00e9 tradicionalmente reservado ao campe\u00e3o em t\u00edtulo, tendo sido utilizado por Max Verstappen desde 2022. Norris, que habitualmente corre com o n\u00famero 4, optou por abandonar o seu n\u00famero em 2026 para assumir o s\u00edmbolo m\u00e1ximo do estatuto de campe\u00e3o do mundo. A escolha refor\u00e7a n\u00e3o apenas o significado pessoal da conquista, mas tamb\u00e9m o reconhecimento do trabalho coletivo da McLaren, num ano que marcou o auge da ascens\u00e3o competitiva do piloto brit\u00e2nico.<\/p>\n<p>Desde 2014, os pilotos t\u00eam liberdade para escolher um n\u00famero permanente, sendo que apenas Lewis Hamilton optou por n\u00e3o usar o n\u00famero 1 enquanto campe\u00e3o, mantendo o seu tradicional 44. <\/p>\n<p>Norris explicou a sua decis\u00e3o:<\/p>\n<p>\u201c\u00c9 tradi\u00e7\u00e3o, existe por uma raz\u00e3o. Est\u00e1 l\u00e1 porque podemos tentar conquist\u00e1-lo e trabalhar arduamente para o alcan\u00e7ar.\u201d<\/p>\n<p>Sobre o significado coletivo do n\u00famero, acrescentou:<\/p>\n<p>\u201cTodos n\u00f3s, enquanto equipa na McLaren, vamos poder us\u00e1-lo com orgulho. Os meus mec\u00e2nicos, os meus engenheiros, todos os que fazem parte da McLaren tamb\u00e9m t\u00eam direito a esse reconhecimento. N\u00e3o \u00e9 para mim, \u00e9 tamb\u00e9m para eles. \u00c9 o orgulho deles, sabendo que trabalharam tanto para poderem dizer \u2018somos n\u00famero um\u2019. N\u00e3o \u00e9 t\u00e3o giro dizer \u2018somos o n\u00famero quatro\u2019, por isso eles estar\u00e3o ainda mais felizes do que eu!\u201d<\/p>\n<p>Foto: MPSA\/Laurent Cartalade<\/p>\n","protected":false},"excerpt":{"rendered":"Lando Norris, rec\u00e9m-coroado Campe\u00e3o do Mundo de F\u00f3rmula 1, confirmou que utilizar\u00e1 o n\u00famero 1 no seu monolugar&hellip;\n","protected":false},"author":2,"featured_media":181429,"comment_status":"","ping_status":"","sticky":false,"template":"","format":"standard","meta":{"footnotes":""},"categories":[87],"tags":[135,1162,970,971,5020,718,32,33,134],"class_list":{"0":"post-181428","1":"post","2":"type-post","3":"status-publish","4":"format-standard","5":"has-post-thumbnail","7":"category-desporto","8":"tag-desporto","9":"tag-destaque-homepage","10":"tag-f1","11":"tag-formula-1","12":"tag-lando-norris","13":"tag-newsletter","14":"tag-portugal","15":"tag-pt","16":"tag-sports"},"share_on_mastodon":{"url":"https:\/\/pubeurope.com\/@pt\/115689884591865378","error":""},"_links":{"self":[{"href":"https:\/\/www.europesays.com\/pt\/wp-json\/wp\/v2\/posts\/181428","targetHints":{"allow":["GET"]}}],"collection":[{"href":"https:\/\/www.europesays.com\/pt\/wp-json\/wp\/v2\/posts"}],"about":[{"href":"https:\/\/www.europesays.com\/pt\/wp-json\/wp\/v2\/types\/post"}],"author":[{"embeddable":true,"href":"https:\/\/www.europesays.com\/pt\/wp-json\/wp\/v2\/users\/2"}],"replies":[{"embeddable":true,"href":"https:\/\/www.europesays.com\/pt\/wp-json\/wp\/v2\/comments?post=181428"}],"version-history":[{"count":0,"href":"https:\/\/www.europesays.com\/pt\/wp-json\/wp\/v2\/posts\/181428\/revisions"}],"wp:featuredmedia":[{"embeddable":true,"href":"https:\/\/www.europesays.com\/pt\/wp-json\/wp\/v2\/media\/181429"}],"wp:attachment":[{"href":"https:\/\/www.europesays.com\/pt\/wp-json\/wp\/v2\/media?parent=181428"}],"wp:term":[{"taxonomy":"category","embeddable":true,"href":"https:\/\/www.europesays.com\/pt\/wp-json\/wp\/v2\/categories?post=181428"},{"taxonomy":"post_tag","embeddable":true,"href":"https:\/\/www.europesays.com\/pt\/wp-json\/wp\/v2\/tags?post=181428"}],"curies":[{"name":"wp","href":"https:\/\/api.w.org\/{rel}","templated":true}]}}