{"id":181430,"date":"2025-12-09T13:38:08","date_gmt":"2025-12-09T13:38:08","guid":{"rendered":"https:\/\/www.europesays.com\/pt\/181430\/"},"modified":"2025-12-09T13:38:08","modified_gmt":"2025-12-09T13:38:08","slug":"alagoas-registra-300-casos-de-aids-em-2025-jovens-de-20-a-34-anos-lideram-estatisticas-e-estado-soma-137-mortes","status":"publish","type":"post","link":"https:\/\/www.europesays.com\/pt\/181430\/","title":{"rendered":"Alagoas registra 300 casos de Aids em 2025; jovens de 20 a 34 anos lideram estat\u00edsticas e estado soma 137 mortes"},"content":{"rendered":"<p data-path-to-node=\"3\">Alagoas contabilizou <b>300 casos de Aids<\/b> ao longo do ano de 2025. Os dados foram divulgados pelo Minist\u00e9rio da Sa\u00fade nesta segunda-feira (1\u00ba), marcando o Dia Mundial de Luta contra a Aids. O levantamento traz um alerta para a popula\u00e7\u00e3o jovem adulta: a faixa et\u00e1ria de <b>20 a 34 anos<\/b> concentrou o maior n\u00famero de diagn\u00f3sticos, com 115 registros.<\/p>\n<p>&#13;<\/p>\n<p data-path-to-node=\"4\">Al\u00e9m dos novos casos, a doen\u00e7a fez v\u00edtimas fatais. O estado registrou <b>137 mortes<\/b> por Aids neste ano, n\u00famero que refor\u00e7a a urg\u00eancia na amplia\u00e7\u00e3o das pol\u00edticas de preven\u00e7\u00e3o e ades\u00e3o ao tratamento.<\/p>\n<p>&#13;<\/p>\n<p data-path-to-node=\"5\"><b>Raio-X dos casos por idade:<\/b><\/p>\n<p>&#13;<\/p>\n<ul data-path-to-node=\"6\">\n<li><b>20 a 34 anos:<\/b> 115 casos (maior incid\u00eancia)<\/li>\n<li><b>35 a 49 anos:<\/b> 105 casos<\/li>\n<li><b>50 a 64 anos:<\/b> 53 casos<\/li>\n<li><b>65 a 79 anos:<\/b> 15 casos<\/li>\n<li><b>15 a 19 anos:<\/b> 7 casos<\/li>\n<li><b>80 anos ou mais:<\/b> 2 casos<\/li>\n<li><b>Crian\u00e7as (0 a 9 anos):<\/b> 3 casos (um em cada subfaixa et\u00e1ria)<\/li>\n<li><b>10 a 14 anos:<\/b> Nenhum caso registrado<\/li>\n<\/ul>\n<p>&#13;<\/p>\n<p data-path-to-node=\"7\">Para especialistas da Secretaria de Estado da Sa\u00fade (Sesau), a predomin\u00e2ncia entre jovens reflete o descuido com m\u00e9todos b\u00e1sicos, principalmente o n\u00e3o uso do preservativo. O infectologista da pasta refor\u00e7a que camisinhas (masculinas e femininas) est\u00e3o dispon\u00edveis gratuitamente nos postos de sa\u00fade dos 102 munic\u00edpios.<\/p>\n<p>&#13;<br \/>\n&#13;<br \/>\nServi\u00e7o: Onde buscar preven\u00e7\u00e3o (PrEP e PEP)&#13;<\/p>\n<p data-path-to-node=\"10\">O Sistema \u00danico de Sa\u00fade (SUS) oferece duas estrat\u00e9gias medicamentosas importantes al\u00e9m do preservativo. Confira onde encontr\u00e1-las em Alagoas:<\/p>\n<p>&#13;<\/p>\n<p data-path-to-node=\"11\"><b>1. PrEP (Profilaxia Pr\u00e9-Exposi\u00e7\u00e3o)<\/b>&#13;<br \/>\nIndicada para pessoas sem HIV, mas com maior risco de exposi\u00e7\u00e3o. \u00c9 um uso programado para evitar a infec\u00e7\u00e3o.<\/p>\n<p>&#13;<\/p>\n<ul data-path-to-node=\"12\">\n<li><b>Macei\u00f3:<\/b> PAM Salgadinho, Hospital Escola Helvio Auto (Servi\u00e7o de Aten\u00e7\u00e3o Especializada) e Cl\u00ednica da Fam\u00edlia do Jacintinho.<\/li>\n<li><b>Interior:<\/b> Servi\u00e7os especializados de Arapiraca, Uni\u00e3o dos Palmares e Palmeira dos \u00cdndios.<\/li>\n<\/ul>\n<p>&#13;<\/p>\n<p data-path-to-node=\"13\"><b>2. PEP (Profilaxia P\u00f3s-Exposi\u00e7\u00e3o)<\/b>&#13;<br \/>\nIndicada para situa\u00e7\u00f5es de urg\u00eancia (viol\u00eancia sexual, rela\u00e7\u00e3o sem prote\u00e7\u00e3o ou acidente com material perfurocortante). O tratamento dura 28 dias e deve ser iniciado o mais r\u00e1pido poss\u00edvel (preferencialmente nas primeiras 72h).<\/p>\n<p>&#13;<\/p>\n<ul data-path-to-node=\"14\">\n<li><b>Macei\u00f3:<\/b> UPA do Trapiche, UPA do Benedito Bentes, UPA do Tabuleiro, Hospital Helvio Auto, HGE e Hospital da Mulher.<\/li>\n<li><b>Interior:<\/b> Hospital de Emerg\u00eancia do Agreste (Arapiraca), Hospital Ib Gatto Falc\u00e3o, Hospital Clodolfo Rodrigues, Hospital Regional do Norte e UPAs de Marechal Deodoro, Palmeira dos \u00cdndios, Delmiro Gouveia e Vi\u00e7osa.<\/li>\n<\/ul>\n","protected":false},"excerpt":{"rendered":"Alagoas contabilizou 300 casos de Aids ao longo do ano de 2025. Os dados foram divulgados pelo Minist\u00e9rio&hellip;\n","protected":false},"author":2,"featured_media":181431,"comment_status":"","ping_status":"","sticky":false,"template":"","format":"standard","meta":{"footnotes":""},"categories":[86],"tags":[15048,9012,15039,726,15045,211,109,315,15041,15046,476,1062,15044,116,15043,3276,15040,3177,62,15038,52,32,33,15042,117,15047],"class_list":{"0":"post-181430","1":"post","2":"type-post","3":"status-publish","4":"format-standard","5":"has-post-thumbnail","7":"category-saude","8":"tag-agreste","9":"tag-alagoas","10":"tag-arapiraca","11":"tag-brasil","12":"tag-cacimbinhas","13":"tag-celebridades","14":"tag-ciencia","15":"tag-cultura","16":"tag-delmiro-gouveia","17":"tag-dois-riachos","18":"tag-economia","19":"tag-esportes","20":"tag-estrela-de-alagoas","21":"tag-health","22":"tag-igaci","23":"tag-litoral","24":"tag-maceio","25":"tag-meio-ambiente","26":"tag-mundo","27":"tag-palmeira-dos-indios","28":"tag-politica","29":"tag-portugal","30":"tag-pt","31":"tag-santana-do-ipanema","32":"tag-saude","33":"tag-sertao"},"share_on_mastodon":{"url":"https:\/\/pubeurope.com\/@pt\/115689888569596119","error":""},"_links":{"self":[{"href":"https:\/\/www.europesays.com\/pt\/wp-json\/wp\/v2\/posts\/181430","targetHints":{"allow":["GET"]}}],"collection":[{"href":"https:\/\/www.europesays.com\/pt\/wp-json\/wp\/v2\/posts"}],"about":[{"href":"https:\/\/www.europesays.com\/pt\/wp-json\/wp\/v2\/types\/post"}],"author":[{"embeddable":true,"href":"https:\/\/www.europesays.com\/pt\/wp-json\/wp\/v2\/users\/2"}],"replies":[{"embeddable":true,"href":"https:\/\/www.europesays.com\/pt\/wp-json\/wp\/v2\/comments?post=181430"}],"version-history":[{"count":0,"href":"https:\/\/www.europesays.com\/pt\/wp-json\/wp\/v2\/posts\/181430\/revisions"}],"wp:featuredmedia":[{"embeddable":true,"href":"https:\/\/www.europesays.com\/pt\/wp-json\/wp\/v2\/media\/181431"}],"wp:attachment":[{"href":"https:\/\/www.europesays.com\/pt\/wp-json\/wp\/v2\/media?parent=181430"}],"wp:term":[{"taxonomy":"category","embeddable":true,"href":"https:\/\/www.europesays.com\/pt\/wp-json\/wp\/v2\/categories?post=181430"},{"taxonomy":"post_tag","embeddable":true,"href":"https:\/\/www.europesays.com\/pt\/wp-json\/wp\/v2\/tags?post=181430"}],"curies":[{"name":"wp","href":"https:\/\/api.w.org\/{rel}","templated":true}]}}