{"id":181432,"date":"2025-12-09T13:39:24","date_gmt":"2025-12-09T13:39:24","guid":{"rendered":"https:\/\/www.europesays.com\/pt\/181432\/"},"modified":"2025-12-09T13:39:24","modified_gmt":"2025-12-09T13:39:24","slug":"o-que-fazer-terca-e-dia-de-sakamoto-zappa-e-outros-usados-de-qualidade-lazer","status":"publish","type":"post","link":"https:\/\/www.europesays.com\/pt\/181432\/","title":{"rendered":"O que fazer? Ter\u00e7a \u00e9 dia de Sakamoto, Zappa e outros Usados de Qualidade | Lazer"},"content":{"rendered":"<p>Rita &amp; Os Usados de Qualidade<\/p>\n<p dir=\"ltr\"><strong>LISBOA Teatro da Trindade. Dia 9\/12, \u00e0s 21h. M\/6. 14\u20ac a 20\u20ac<\/strong><\/p>\n<p dir=\"ltr\">Rita Redshoes na voz, Norton Daiello no baixo, Ruca Reborda\u0303o na percussa\u0303o, Jose\u0301 Peixoto na guitarra e Manuel Paulo no piano. \u00c9 esta a mat\u00e9ria de Rita &amp; Os Usados de Qualidade, projecto que se apresenta com o esp\u00edrito de uma colectividade que celebra a m\u00fasica \u201cna sua forma mais genui\u0301na\u201d, explorando v\u00e1rios estilos e \u00e9pocas e lan\u00e7ando um \u201cum olhar arti\u0301stico e poe\u0301tico\u201d \u00e0 vida e \u00e0s experie\u0302ncias partilhadas de forma aut\u00eantica. A Tour de Outono culmina neste concerto, centrado no \u00e1lbum de estreia hom\u00f3nimo, lan\u00e7ado em Fevereiro passado.<\/p>\n<p>        &#13;<\/p>\n<p>&#13;<br \/>\n                &#13;\n            <\/p>\n<p>&#13;<\/p>\n<p>Remix Ensemble Casa da M\u00fasica<\/p>\n<p dir=\"ltr\"><strong>PORTO Casa da M\u00fasica. Dia 9\/12, \u00e0s 19h30. M\/6. 14\u20ac<\/strong><\/p>\n<p dir=\"ltr\">A proposta \u00e9 para passar Uma Noite com Frank Zappa. Com as pautas tomadas por The Yellow Shark, o derradeiro \u00e1lbum do compositor e multi-instrumentista norte-americano, lan\u00e7ado em Novembro de 1993, vai a palco esta que foi considerada pelo pr\u00f3prio como \u201ca melhor representa\u00e7\u00e3o da sua m\u00fasica orquestral\u201d. Escutam-se ainda outras notas compostas pelos compatriotas Charles Ives, Ruth Crawford Seeger, Conlon Nancarrow e Frederic Rzewski. O maestro Peter Rundel dirige.<\/p>\n<p>Ryuichi Sakamoto &#8211; Opus<\/p>\n<p dir=\"ltr\"><strong>VILA REAL Teatro de Vila Real. Dia 9\/12, \u00e0s 21h30. M\/14. 3\u20ac<\/strong><\/p>\n<p dir=\"ltr\">Falecido no dia 28 de Mar\u00e7o de 2023, o japon\u00eas Ryuichi Sakamoto ficou mundialmente conhecido pela sua m\u00fasica electr\u00f3nica e tamb\u00e9m pelas emblem\u00e1ticas bandas sonoras dos filmes Feliz Natal, Mr. Lawrence (1983), de Nagisa Oshima (Palma de Ouro em Cannes e BAFTA de melhor banda sonora) e de O \u00daltimo Imperador (1987), de Bernardo Bertolucci (que lhe valeu o \u00d3scar).<\/p>\n<p dir=\"ltr\">No final de 2022, poucos meses antes de morrer, Sakamoto entrou no est\u00fadio 509 da emissora p\u00fablica japonesa NHK, em Shibuya (T\u00f3quio), e criou um concerto onde tocou a solo 20 das pe\u00e7as mais distintivas dos seus 50 anos de carreira, num evento que foi transmitido via streaming para v\u00e1rios pa\u00edses do mundo. As raz\u00f5es para um espect\u00e1culo nesses moldes explicou-as assim: \u201cA minha for\u00e7a decaiu bastante, por isso um concerto de uma hora a 90 minutos de dura\u00e7\u00e3o seria muito dif\u00edcil\u201d. \u201cPor conseguinte, gravei-o tema a tema e montei-o para que possa ser apresentado como um concerto convencional \u2013 o que acredito que possa ser prazeroso da forma mais normal poss\u00edvel. Apreciem.\u201d E foi dessa derradeira performance que resultou este <a href=\"https:\/\/cinecartaz.publico.pt\/filme\/ryuichi-sakamoto-opus-411602\" rel=\"nofollow noopener\" target=\"_blank\">Opus<\/a>, um filme-concerto realizado pelo seu filho Neo Sora, que se estreou no Festival de Cinema de Veneza de 2023.<\/p>\n<p>        &#13;<\/p>\n<p>&#13;<br \/>\n                &#13;\n            <\/p>\n<p>&#13;<\/p>\n<p>Hotel &#8211; Ao Vivo<\/p>\n<p dir=\"ltr\"><strong>LISBOA Teatro Tivoli BBVA. Dia 9\/12, \u00e0s 21h. M\/16. 16\u20ac a 25\u20ac<\/strong><\/p>\n<p dir=\"ltr\">Em Junho, Lu\u00eds Franco-Bastos andou a fazer check-out ao vivo do seu Hotel \u2013 o podcast da sua autoria, a que p\u00f4s fim ap\u00f3s seis temporadas \u2013 em v\u00e1rias sess\u00f5es esgotadas. Mas ainda n\u00e3o estava pronto para fechar a porta. \u201cDepois do carinho que demonstraram, fui buscar uma ideia \u00e0 gaveta e percebi que a forma de a concretizar era ao vivo\u201d, justifica nas redes sociais. Venha da\u00ed este spin-off in\u00e9dito, criado in loco com as sugest\u00f5es dos espectadores.<\/p>\n<p>XVIII Festa do Livro<\/p>\n<p dir=\"ltr\"><strong>LISBOA Museu do Oriente. De 18\/11 a 14\/12. Ter\u00e7a a domingo, das 10h \u00e0s 18h (sexta, at\u00e9 \u00e0s 20h). Entrada livre<\/strong><\/p>\n<p dir=\"ltr\">S\u00e3o centenas de t\u00edtulos com a chancela da Funda\u00e7\u00e3o Oriente, a pre\u00e7os especiais e com um programa complementar \u201cem que o livro e a leitura se unem a outras formas de descoberta\u201d, descreve a nota da organiza\u00e7\u00e3o. Destacam-se as visitas orientadas \u00e0s exposi\u00e7\u00f5es patentes no museu, as conversas culturais e a festa de encerramento, no dia 14, com uma sess\u00e3o de ioga em fam\u00edlia e a confer\u00eancia Literatura japonesa do p\u00f3s-guerra \u2013 Osamu Dazai, Mishima, Kawabata e Endo Shunsaku, com o professor Jos\u00e9 \u00c1lvares.<\/p>\n<p>        &#13;<\/p>\n<p>&#13;<br \/>\n                &#13;\n            <\/p>\n<p>&#13;<\/p>\n","protected":false},"excerpt":{"rendered":"Rita &amp; Os Usados de Qualidade LISBOA Teatro da Trindade. Dia 9\/12, \u00e0s 21h. M\/6. 14\u20ac a 20\u20ac&hellip;\n","protected":false},"author":2,"featured_media":181433,"comment_status":"","ping_status":"","sticky":false,"template":"","format":"standard","meta":{"footnotes":""},"categories":[85],"tags":[1632,114,115,287,294,170,150,1633,32,33,291],"class_list":{"0":"post-181432","1":"post","2":"type-post","3":"status-publish","4":"format-standard","5":"has-post-thumbnail","7":"category-entretenimento","8":"tag-agenda","9":"tag-entertainment","10":"tag-entretenimento","11":"tag-fugas","12":"tag-lazer","13":"tag-livros","14":"tag-musica","15":"tag-o-que-fazer","16":"tag-portugal","17":"tag-pt","18":"tag-relaxar"},"share_on_mastodon":{"url":"https:\/\/pubeurope.com\/@pt\/115689892511841387","error":""},"_links":{"self":[{"href":"https:\/\/www.europesays.com\/pt\/wp-json\/wp\/v2\/posts\/181432","targetHints":{"allow":["GET"]}}],"collection":[{"href":"https:\/\/www.europesays.com\/pt\/wp-json\/wp\/v2\/posts"}],"about":[{"href":"https:\/\/www.europesays.com\/pt\/wp-json\/wp\/v2\/types\/post"}],"author":[{"embeddable":true,"href":"https:\/\/www.europesays.com\/pt\/wp-json\/wp\/v2\/users\/2"}],"replies":[{"embeddable":true,"href":"https:\/\/www.europesays.com\/pt\/wp-json\/wp\/v2\/comments?post=181432"}],"version-history":[{"count":0,"href":"https:\/\/www.europesays.com\/pt\/wp-json\/wp\/v2\/posts\/181432\/revisions"}],"wp:featuredmedia":[{"embeddable":true,"href":"https:\/\/www.europesays.com\/pt\/wp-json\/wp\/v2\/media\/181433"}],"wp:attachment":[{"href":"https:\/\/www.europesays.com\/pt\/wp-json\/wp\/v2\/media?parent=181432"}],"wp:term":[{"taxonomy":"category","embeddable":true,"href":"https:\/\/www.europesays.com\/pt\/wp-json\/wp\/v2\/categories?post=181432"},{"taxonomy":"post_tag","embeddable":true,"href":"https:\/\/www.europesays.com\/pt\/wp-json\/wp\/v2\/tags?post=181432"}],"curies":[{"name":"wp","href":"https:\/\/api.w.org\/{rel}","templated":true}]}}