{"id":181440,"date":"2025-12-09T13:43:10","date_gmt":"2025-12-09T13:43:10","guid":{"rendered":"https:\/\/www.europesays.com\/pt\/181440\/"},"modified":"2025-12-09T13:43:10","modified_gmt":"2025-12-09T13:43:10","slug":"arte-dos-barcos-moliceiros-de-aveiro-inscrita-em-lista-de-salvaguarda-urgente-da-unesco","status":"publish","type":"post","link":"https:\/\/www.europesays.com\/pt\/181440\/","title":{"rendered":"Arte dos Barcos Moliceiros de Aveiro inscrita em Lista de Salvaguarda Urgente da UNESCO"},"content":{"rendered":"<p>                A decis\u00e3o foi tomada durante a 20.\u00aa sess\u00e3o do Comit\u00e9 Intergovernamental para a Salvaguarda do Patrim\u00f3nio Cultural Imaterial, a decorrer at\u00e9 s\u00e1bado em Nova Deli, na \u00cdndia.<\/p>\n<p>De acordo com a documenta\u00e7\u00e3o dispon\u00edvel no site da UNESCO, al\u00e9m dos moliceiros para a lista de salvaguarda urgente, Portugal n\u00e3o tinha qualquer nomea\u00e7\u00e3o a vota\u00e7\u00e3o para a lista de Patrim\u00f3nio Cultural Imaterial da Humanidade nesta sess\u00e3o do comit\u00e9.<\/p>\n<p>&#13;<br \/>\n<b>O Barco Moliceiro havia j\u00e1 sido inscrito em 2022 no Invent\u00e1rio Nacional do Patrim\u00f3nio Cultural Imaterial<\/b>, por iniciativa da Comunidade Intermunicipal da Regi\u00e3o de Aveiro (CIRA).&#13;\n<\/p>\n<p>A decis\u00e3o tomada adv\u00e9m da necessidade de medidas de prote\u00e7\u00e3o da arte de carpintaria naval da regi\u00e3o de Aveiro, uma vez que, de acordo com a UNESCO, existem apenas cinco mestres construtores ainda no ativo- quatro deles com mais de 60 anos &#8211; o que coloca em risco a continuidade desta arte.<\/p>\n<p>Algumas das estrat\u00e9gias apresentadas para inverter o decl\u00ednio desta pr\u00e1tica incluem a\u00e7\u00f5es dirigidas \u00e0s escolas para aproximar as novas gera\u00e7\u00f5es deste saber tradicional e propostas como a instala\u00e7\u00e3o de motores el\u00e9tricos nas embarca\u00e7\u00f5es usadas para turismo, adaptando a tradi\u00e7\u00e3o \u00e0s exig\u00eancias atuais.<\/p>\n<p><b>Os moliceiros, outrora essenciais para a recolha de moli\u00e7o na Ria de Aveiro, s\u00e3o hoje reconhecidos pela sua singularidade est\u00e9tica. <\/b>A proa destaca-se pelas pinturas \u00fanicas, descritas pelo autor Jaime Vilar como exclusivas e sem paralelo na navega\u00e7\u00e3o mundial, abrangendo temas sat\u00edricos, humor\u00edsticos, er\u00f3ticos, religiosos, rom\u00e2nticos ou hist\u00f3ricos.<\/p>\n<p>Em m\u00e9dia, um moliceiro mede 15 metros, desloca cinco toneladas e possui fundo plano, permitindo a navega\u00e7\u00e3o em \u00e1guas pouco profundas.<\/p>\n<p>Na d\u00e9cada de 1970, existiam cerca de tr\u00eas mil moliceiros registados na Ria de Aveiro. Atualmente, estima-se que subsistam pouco mais de 50, dos quais metade opera sobretudo em circuitos tur\u00edsticos nos canais urbanos.<\/p>\n<p>Com esta inscri\u00e7\u00e3o, Portugal passa a contar com tr\u00eas patrim\u00f3nios na lista da UNESCO que requerem salvaguarda urgente \u2014 juntando-se ao barro negro de Bisalh\u00e3es e \u00e0 manufatura de chocalhos \u2014 al\u00e9m de oito manifesta\u00e7\u00f5es classificadas como Patrim\u00f3nio Cultural Imaterial da Humanidade e um registo de Boas Pr\u00e1ticas de Salvaguarda.\u00a0&#13;\n<\/p>\n<p>&#13;<br \/>\ncom Lusa&#13;<\/p>\n","protected":false},"excerpt":{"rendered":"A decis\u00e3o foi tomada durante a 20.\u00aa sess\u00e3o do Comit\u00e9 Intergovernamental para a Salvaguarda do Patrim\u00f3nio Cultural Imaterial,&hellip;\n","protected":false},"author":2,"featured_media":181441,"comment_status":"","ping_status":"","sticky":false,"template":"","format":"standard","meta":{"footnotes":""},"categories":[10],"tags":[27,28,15,16,14,25,26,21,22,12,13,19,20,32,23,24,33,420,421,17,18,29,30,31],"class_list":{"0":"post-181440","1":"post","2":"type-post","3":"status-publish","4":"format-standard","5":"has-post-thumbnail","7":"category-portugal","8":"tag-breaking-news","9":"tag-breakingnews","10":"tag-featured-news","11":"tag-featurednews","12":"tag-headlines","13":"tag-latest-news","14":"tag-latestnews","15":"tag-main-news","16":"tag-mainnews","17":"tag-news","18":"tag-noticias","19":"tag-noticias-principais","20":"tag-noticiasprincipais","21":"tag-portugal","22":"tag-principais-noticias","23":"tag-principaisnoticias","24":"tag-pt","25":"tag-rtp","26":"tag-rtp-noticias","27":"tag-top-stories","28":"tag-topstories","29":"tag-ultimas","30":"tag-ultimas-noticias","31":"tag-ultimasnoticias"},"share_on_mastodon":{"url":"https:\/\/pubeurope.com\/@pt\/115689908399854403","error":""},"_links":{"self":[{"href":"https:\/\/www.europesays.com\/pt\/wp-json\/wp\/v2\/posts\/181440","targetHints":{"allow":["GET"]}}],"collection":[{"href":"https:\/\/www.europesays.com\/pt\/wp-json\/wp\/v2\/posts"}],"about":[{"href":"https:\/\/www.europesays.com\/pt\/wp-json\/wp\/v2\/types\/post"}],"author":[{"embeddable":true,"href":"https:\/\/www.europesays.com\/pt\/wp-json\/wp\/v2\/users\/2"}],"replies":[{"embeddable":true,"href":"https:\/\/www.europesays.com\/pt\/wp-json\/wp\/v2\/comments?post=181440"}],"version-history":[{"count":0,"href":"https:\/\/www.europesays.com\/pt\/wp-json\/wp\/v2\/posts\/181440\/revisions"}],"wp:featuredmedia":[{"embeddable":true,"href":"https:\/\/www.europesays.com\/pt\/wp-json\/wp\/v2\/media\/181441"}],"wp:attachment":[{"href":"https:\/\/www.europesays.com\/pt\/wp-json\/wp\/v2\/media?parent=181440"}],"wp:term":[{"taxonomy":"category","embeddable":true,"href":"https:\/\/www.europesays.com\/pt\/wp-json\/wp\/v2\/categories?post=181440"},{"taxonomy":"post_tag","embeddable":true,"href":"https:\/\/www.europesays.com\/pt\/wp-json\/wp\/v2\/tags?post=181440"}],"curies":[{"name":"wp","href":"https:\/\/api.w.org\/{rel}","templated":true}]}}