{"id":181454,"date":"2025-12-09T13:52:14","date_gmt":"2025-12-09T13:52:14","guid":{"rendered":"https:\/\/www.europesays.com\/pt\/181454\/"},"modified":"2025-12-09T13:52:14","modified_gmt":"2025-12-09T13:52:14","slug":"karaoke-vira-aliado-da-saude-e-bem-estar-nas-festas-de-fim-de-ano","status":"publish","type":"post","link":"https:\/\/www.europesays.com\/pt\/181454\/","title":{"rendered":"Karaok\u00ea vira aliado da sa\u00fade e bem-estar nas festas de fim de ano"},"content":{"rendered":"<p>                \t                    <strong class=\"nome_autor\">Com informa\u00e7\u00f5es da assessoria<\/strong><\/p>\n<p>Cantar vai al\u00e9m do entretenimento. A pr\u00e1tica ajuda a reduzir o estresse, diminui os n\u00edveis de cortisol e estimula a libera\u00e7\u00e3o de endorfina e ocitocina, horm\u00f4nios ligados ao prazer e ao bem-estar. Nesta \u00e9poca de fim de ano, a atividade tamb\u00e9m se torna uma aliada contra a ansiedade, fortalecendo a autoestima, a mem\u00f3ria e a fun\u00e7\u00e3o cognitiva, sem exigir voz profissional para que os benef\u00edcios sejam sentidos.<\/p>\n<p><strong>LEIA MAIS:<\/strong><\/p>\n<p>A experi\u00eancia pode come\u00e7ar em casa, no chuveiro ou no carro, mas ganha for\u00e7a em ambientes coletivos, como corais e casas de karaok\u00ea. Em Manaus, o Botteco Videok\u00ea, no bairro Parque 10, oferece h\u00e1 28 anos uma proposta voltada \u00e0 intera\u00e7\u00e3o social, com funcionamento de segunda a quinta, das 18h \u00e0 1h, e de sexta a s\u00e1bado, das 18h \u00e0s 4h, reunindo p\u00fablicos de todas as idades em noites marcadas por m\u00fasica e descontra\u00e7\u00e3o.<\/p>\n<p><img data-lazyloaded=\"1\" fetchpriority=\"high\" decoding=\"async\" width=\"853\" height=\"1024\" data-attachment-id=\"180496\" data-permalink=\"https:\/\/edilenemafra.com\/entretenimento\/karaoke-vira-aliado-da-saude-e-bem-estar-nas-festas-de-fim-de-ano\/attachment\/foto-11\/\" data-orig-file=\"https:\/\/edilenemafra.com\/wp-content\/uploads\/2025\/12\/Foto-11.jpeg\" data-orig-size=\"1333,1600\" data-comments-opened=\"1\" data-image-meta=\"{&quot;aperture&quot;:&quot;0&quot;,&quot;credit&quot;:&quot;&quot;,&quot;camera&quot;:&quot;&quot;,&quot;caption&quot;:&quot;&quot;,&quot;created_timestamp&quot;:&quot;0&quot;,&quot;copyright&quot;:&quot;&quot;,&quot;focal_length&quot;:&quot;0&quot;,&quot;iso&quot;:&quot;0&quot;,&quot;shutter_speed&quot;:&quot;0&quot;,&quot;title&quot;:&quot;&quot;,&quot;orientation&quot;:&quot;0&quot;}\" data-image-title=\"Foto 11\" data-image-description=\"\" data-image-caption=\"\" data-medium-file=\"https:\/\/edilenemafra.com\/wp-content\/uploads\/2025\/12\/Foto-11-250x300.jpeg\" data-large-file=\"https:\/\/www.europesays.com\/pt\/wp-content\/uploads\/2025\/12\/Foto-11-853x1024.jpeg\" src=\"https:\/\/www.europesays.com\/pt\/wp-content\/uploads\/2025\/12\/Foto-11-853x1024.jpeg\" alt=\"\" class=\"wp-image-180496\"  data-\/>Foto: Divulga\u00e7\u00e3o<\/p>\n<p>No espa\u00e7o, a escolha das m\u00fasicas \u00e9 feita por QR Code, com organiza\u00e7\u00e3o por ordem de pedidos e limite de can\u00e7\u00f5es por mesa, o que garante a rotatividade e a participa\u00e7\u00e3o de todos. Al\u00e9m da m\u00fasica, o ambiente tamb\u00e9m se adapta a grandes eventos esportivos, exibidos em tel\u00f5es simult\u00e2neos, transformando o local em um ponto de encontro para lazer e conviv\u00eancia.<\/p>\n<p><strong><a href=\"https:\/\/chat.whatsapp.com\/BO6dT0Xb7pC8uJz2Q3m3Ho\" target=\"_blank\" rel=\"noreferrer noopener nofollow\">Participe do grupo do Portal Edilene Mafra no WhatsApp <\/a><\/strong>\ud83d\udcf2<\/p>\n<p><strong>QUEM CANTA, SEUS MALES ESPANTA!<\/strong><\/p>\n<p>Al\u00e9m dos ganhos emocionais, o canto fortalece a musculatura respirat\u00f3ria, melhora a capacidade pulmonar, estimula o sistema cardiovascular e pode aumentar a imunoglobulina A, relacionada ao fortalecimento da imunidade.<\/p>\n<p>Popularizado no Brasil por meio do videok\u00ea, uma vers\u00e3o com recursos extras como pontua\u00e7\u00e3o e ajustes de tom, o h\u00e1bito de cantar segue se consolidando como uma pr\u00e1tica simples, acess\u00edvel e poderosa para a sa\u00fade f\u00edsica e mental.<\/p>\n","protected":false},"excerpt":{"rendered":"Com informa\u00e7\u00f5es da assessoria Cantar vai al\u00e9m do entretenimento. A pr\u00e1tica ajuda a reduzir o estresse, diminui os&hellip;\n","protected":false},"author":2,"featured_media":181455,"comment_status":"","ping_status":"","sticky":false,"template":"","format":"standard","meta":{"footnotes":""},"categories":[86],"tags":[3274,116,37112,4554,32,33,117],"class_list":{"0":"post-181454","1":"post","2":"type-post","3":"status-publish","4":"format-standard","5":"has-post-thumbnail","7":"category-saude","8":"tag-amazonas","9":"tag-health","10":"tag-karaoke","11":"tag-manaus","12":"tag-portugal","13":"tag-pt","14":"tag-saude"},"share_on_mastodon":{"url":"https:\/\/pubeurope.com\/@pt\/115689943691470943","error":""},"_links":{"self":[{"href":"https:\/\/www.europesays.com\/pt\/wp-json\/wp\/v2\/posts\/181454","targetHints":{"allow":["GET"]}}],"collection":[{"href":"https:\/\/www.europesays.com\/pt\/wp-json\/wp\/v2\/posts"}],"about":[{"href":"https:\/\/www.europesays.com\/pt\/wp-json\/wp\/v2\/types\/post"}],"author":[{"embeddable":true,"href":"https:\/\/www.europesays.com\/pt\/wp-json\/wp\/v2\/users\/2"}],"replies":[{"embeddable":true,"href":"https:\/\/www.europesays.com\/pt\/wp-json\/wp\/v2\/comments?post=181454"}],"version-history":[{"count":0,"href":"https:\/\/www.europesays.com\/pt\/wp-json\/wp\/v2\/posts\/181454\/revisions"}],"wp:featuredmedia":[{"embeddable":true,"href":"https:\/\/www.europesays.com\/pt\/wp-json\/wp\/v2\/media\/181455"}],"wp:attachment":[{"href":"https:\/\/www.europesays.com\/pt\/wp-json\/wp\/v2\/media?parent=181454"}],"wp:term":[{"taxonomy":"category","embeddable":true,"href":"https:\/\/www.europesays.com\/pt\/wp-json\/wp\/v2\/categories?post=181454"},{"taxonomy":"post_tag","embeddable":true,"href":"https:\/\/www.europesays.com\/pt\/wp-json\/wp\/v2\/tags?post=181454"}],"curies":[{"name":"wp","href":"https:\/\/api.w.org\/{rel}","templated":true}]}}