{"id":181480,"date":"2025-12-09T14:12:18","date_gmt":"2025-12-09T14:12:18","guid":{"rendered":"https:\/\/www.europesays.com\/pt\/181480\/"},"modified":"2025-12-09T14:12:18","modified_gmt":"2025-12-09T14:12:18","slug":"como-a-portuguesa-tangerine-quer-ultrapassar-as-multinacionais-na-corrida-do-rent-a-car","status":"publish","type":"post","link":"https:\/\/www.europesays.com\/pt\/181480\/","title":{"rendered":"Como a portuguesa Tangerine quer ultrapassar as multinacionais na corrida do &#8216;rent a car&#8217;"},"content":{"rendered":"<p>\u201cNo neg\u00f3cio do <strong>rent a car<\/strong> existem grupos muitos grandes. N\u00f3s quisemos uma coisa mais flex\u00edvel, \u00e1gil, para se adaptar facilmente \u00e0s mudan\u00e7as do mercado, sempre com o foco no cliente\u201d, diz Nuno Barjona, fundador e gerente da <a href=\"https:\/\/www.tangerinerent.com\/en\/home?gad_source=1&amp;gad_campaignid=22693511941&amp;gbraid=0AAAAA9wNl4rS_Hy9VEYvH5Ik_0h4CuLFv&amp;gclid=Cj0KCQiA_8TJBhDNARIsAPX5qxRU3otqt2fZQh1vvZvJxHFRYOOixvg6byoJRC6evJ2QF-uyGdSojekaAuTiEALw_wcB\" target=\"_blank\" rel=\"noopener noreferrer nofollow\">Tangerine<\/a>, para quem esta \u00e9 a f\u00f3rmula vencedora para enfrentar a concorr\u00eancia das multinacionais e cumprir a ambi\u00e7\u00e3o de ser o maior operador 100% portugu\u00eas num sector que vale uma fatura\u00e7\u00e3o de \u20ac1,1 mil milh\u00f5es por ano, com as grandes marcas a responderem por 60% desse valor.<\/p>\n<p><a href=\"https:\/\/expresso.pt\/subscrever?action=GEN&amp;channel=BAF&amp;type=CAP&amp;source=WEB&amp;returnUrl=https:\/\/expresso.pt\/economia\/empresas\/2025-12-09-como-a-portuguesa-tangerine-quer-ultrapassar-as-multinacionais-na-corrida-do-rent-a-car-5e2a2d9a&amp;utm_source=expresso&amp;utm_medium=locked_article&amp;locked=true&amp;article_id=74d768cc-2b6c-481d-9225-0866d1f2623f&amp;author_id=Margarida+Cardoso&amp;category=Empresas\" target=\"_self\" class=\"\" rel=\"nofollow noopener\">Subscrever<\/a>J\u00e1 \u00e9 Subscritor?Fa\u00e7a login e continue a ler<a href=\"http:\/\/expresso.pt\/codigo?redirectUrl=https:\/\/expresso.pt\/economia\/empresas\/2025-12-09-como-a-portuguesa-tangerine-quer-ultrapassar-as-multinacionais-na-corrida-do-rent-a-car-5e2a2d9a\" target=\"_self\" class=\"\" rel=\"nofollow noopener\">Inserir C\u00f3digo<\/a>Comprou o Expresso?Insira o c\u00f3digo presente na Revista E para continuar a ler<\/p>\n","protected":false},"excerpt":{"rendered":"\u201cNo neg\u00f3cio do rent a car existem grupos muitos grandes. N\u00f3s quisemos uma coisa mais flex\u00edvel, \u00e1gil, para&hellip;\n","protected":false},"author":2,"featured_media":181481,"comment_status":"","ping_status":"","sticky":false,"template":"","format":"standard","meta":{"footnotes":""},"categories":[83],"tags":[88,89,90,32,33],"class_list":{"0":"post-181480","1":"post","2":"type-post","3":"status-publish","4":"format-standard","5":"has-post-thumbnail","7":"category-empresas","8":"tag-business","9":"tag-economy","10":"tag-empresas","11":"tag-portugal","12":"tag-pt"},"share_on_mastodon":{"url":"https:\/\/pubeurope.com\/@pt\/115690022139612945","error":""},"_links":{"self":[{"href":"https:\/\/www.europesays.com\/pt\/wp-json\/wp\/v2\/posts\/181480","targetHints":{"allow":["GET"]}}],"collection":[{"href":"https:\/\/www.europesays.com\/pt\/wp-json\/wp\/v2\/posts"}],"about":[{"href":"https:\/\/www.europesays.com\/pt\/wp-json\/wp\/v2\/types\/post"}],"author":[{"embeddable":true,"href":"https:\/\/www.europesays.com\/pt\/wp-json\/wp\/v2\/users\/2"}],"replies":[{"embeddable":true,"href":"https:\/\/www.europesays.com\/pt\/wp-json\/wp\/v2\/comments?post=181480"}],"version-history":[{"count":0,"href":"https:\/\/www.europesays.com\/pt\/wp-json\/wp\/v2\/posts\/181480\/revisions"}],"wp:featuredmedia":[{"embeddable":true,"href":"https:\/\/www.europesays.com\/pt\/wp-json\/wp\/v2\/media\/181481"}],"wp:attachment":[{"href":"https:\/\/www.europesays.com\/pt\/wp-json\/wp\/v2\/media?parent=181480"}],"wp:term":[{"taxonomy":"category","embeddable":true,"href":"https:\/\/www.europesays.com\/pt\/wp-json\/wp\/v2\/categories?post=181480"},{"taxonomy":"post_tag","embeddable":true,"href":"https:\/\/www.europesays.com\/pt\/wp-json\/wp\/v2\/tags?post=181480"}],"curies":[{"name":"wp","href":"https:\/\/api.w.org\/{rel}","templated":true}]}}