{"id":181482,"date":"2025-12-09T14:13:19","date_gmt":"2025-12-09T14:13:19","guid":{"rendered":"https:\/\/www.europesays.com\/pt\/181482\/"},"modified":"2025-12-09T14:13:19","modified_gmt":"2025-12-09T14:13:19","slug":"portugal-vota-contra-mecanismo-de-solidariedade-migratoria-da-eu-e-nao-se-compromete-com-recolocacoes","status":"publish","type":"post","link":"https:\/\/www.europesays.com\/pt\/181482\/","title":{"rendered":"Portugal vota contra mecanismo de solidariedade migrat\u00f3ria da EU e n\u00e3o se compromete com recoloca\u00e7\u00f5es"},"content":{"rendered":"<p>\t                Governo de Lu\u00eds Montenegro quer prosseguir o di\u00e1logo com a Comiss\u00e3o Europeia para encontrar solu\u00e7\u00f5es que tenham em causa a &#8220;nova situa\u00e7\u00e3o portuguesa&#8221; que os n\u00fameros acima ilustram<\/p>\n<p>O Conselho da Uni\u00e3o Europeia chegou esta segunda-feira a acordo pol\u00edtico para a regulamenta\u00e7\u00e3o do mecanismo de solidariedade previsto no Pacto sobre Migra\u00e7\u00e3o e Asilo, mas Portugal votou contra.<\/p>\n<p>Fonte do Governo garantiu \u00e0 CNN Portugal que o Executivo n\u00e3o se op\u00f5e \u00e0 medida, apontando no entanto um \u201cdesajustamento entre a metodologia aplicada e a realidade nacional\u201d.<\/p>\n<p>Os n\u00fameros de refer\u00eancia para o mecanismo de solidariedade apontam para a necessidade de recolocar 21 mil migrantes ou para contributos financeiros de 420 milh\u00f5es de euros.<\/p>\n<p>A Comiss\u00e3o Europeia concluiu que Chipre, Gr\u00e9cia, It\u00e1lia e Espanha est\u00e3o sob press\u00e3o migrat\u00f3ria, o que torna estes pa\u00edses eleg\u00edveis para ativar as medidas de solidariedade do diploma.<\/p>\n<p>Na lista de pa\u00edses que enfrentam uma situa\u00e7\u00e3o migrat\u00f3ria significativa est\u00e3o \u00c1ustria, Bulg\u00e1ria, Cro\u00e1cia, Ch\u00e9quia, Est\u00f3nia e Pol\u00f3nia. Estes seis pa\u00edses apresentam press\u00e3o migrat\u00f3ria cumulativa de anos anteriores, e por isso podem pedir a isen\u00e7\u00e3o total ou redu\u00e7\u00e3o parcial das suas contribui\u00e7\u00f5es para o fundo de solidariedade.<\/p>\n<p>J\u00e1 Portugal n\u00e3o consta desta lista, ou seja, n\u00e3o pode ativar este mecanismo. Fonte do Governo contesta o relat\u00f3rio da Comiss\u00e3o Europeia por discordar \u201cquanto \u00e0 forma como a realidade nacional foi medida e enquadrada\u201d, j\u00e1 que, \u201cdurante anos, Portugal n\u00e3o tratou nem reportou \u00e0 Comiss\u00e3o centenas de milhares de processos pendentes, nomeadamente mais de 440 mil associados ao regime da Manifesta\u00e7\u00e3o de Interesse, e praticamente n\u00e3o ordenou retornos a imigrantes em situa\u00e7\u00e3o ilegal\u201d.<\/p>\n<p>No Relat\u00f3rio de Migra\u00e7\u00f5es e Asilo de 2024, divulgado em outubro, pode ler-se que o trabalho realizado pela estrutura de miss\u00e3o \u201cimplica uma corre\u00e7\u00e3o estat\u00edstica ao n\u00famero de cidad\u00e3os estrangeiros em Portugal nos anos anteriores a 2024, com a sua revis\u00e3o em alta: de 1.044.606 para 1.304.833 em 2023, o que representa um aumento de 260.227 face ao n\u00famero apresentado no Relat\u00f3rio de Migra\u00e7\u00f5es e Asilo relativo a 2023\u201d.<\/p>\n<p>Fonte governativa entende por isso que este aumento merecia uma leitura diferente no relat\u00f3rio do executivo comunit\u00e1rio, porque \u201ca verdadeira dimens\u00e3o da press\u00e3o migrat\u00f3ria tornou-se evidente\u201d nos servi\u00e7os p\u00fablicos e na capacidade administrativa do sistema.<\/p>\n<p>Portugal quer prosseguir o di\u00e1logo com a Comiss\u00e3o Europeia para encontrar solu\u00e7\u00f5es que tenham em causa a \u201cnova situa\u00e7\u00e3o portuguesa\u201d que os n\u00fameros acima ilustram.<\/p>\n","protected":false},"excerpt":{"rendered":"Governo de Lu\u00eds Montenegro quer prosseguir o di\u00e1logo com a Comiss\u00e3o Europeia para encontrar solu\u00e7\u00f5es que tenham em&hellip;\n","protected":false},"author":2,"featured_media":181483,"comment_status":"","ping_status":"","sticky":false,"template":"","format":"standard","meta":{"footnotes":""},"categories":[50],"tags":[609,611,27,28,607,608,604,610,539,15,16,14,37118,603,25,26,570,21,22,37119,606,2125,37117,62,12,13,19,20,37120,602,32,23,24,58,605,17,18,29,30,31,63,64,65],"class_list":{"0":"post-181482","1":"post","2":"type-post","3":"status-publish","4":"format-standard","5":"has-post-thumbnail","7":"category-mundo","8":"tag-alerta","9":"tag-ao-minuto","10":"tag-breaking-news","11":"tag-breakingnews","12":"tag-cnn","13":"tag-cnn-portugal","14":"tag-crime","15":"tag-direto","16":"tag-educacao","17":"tag-featured-news","18":"tag-featurednews","19":"tag-headlines","20":"tag-imigrantes-portugal","21":"tag-justica","22":"tag-latest-news","23":"tag-latestnews","24":"tag-live","25":"tag-main-news","26":"tag-mainnews","27":"tag-mecanismo-de-solidariedade-migratoria","28":"tag-meteorologia","29":"tag-migrantes","30":"tag-migrantes-portugal","31":"tag-mundo","32":"tag-news","33":"tag-noticias","34":"tag-noticias-principais","35":"tag-noticiasprincipais","36":"tag-pacto-sobre-migracao-e-asilo","37":"tag-pais","38":"tag-portugal","39":"tag-principais-noticias","40":"tag-principaisnoticias","41":"tag-sociedade","42":"tag-tempo","43":"tag-top-stories","44":"tag-topstories","45":"tag-ultimas","46":"tag-ultimas-noticias","47":"tag-ultimasnoticias","48":"tag-world","49":"tag-world-news","50":"tag-worldnews"},"share_on_mastodon":{"url":"","error":"Validation failed: Text character limit of 500 exceeded"},"_links":{"self":[{"href":"https:\/\/www.europesays.com\/pt\/wp-json\/wp\/v2\/posts\/181482","targetHints":{"allow":["GET"]}}],"collection":[{"href":"https:\/\/www.europesays.com\/pt\/wp-json\/wp\/v2\/posts"}],"about":[{"href":"https:\/\/www.europesays.com\/pt\/wp-json\/wp\/v2\/types\/post"}],"author":[{"embeddable":true,"href":"https:\/\/www.europesays.com\/pt\/wp-json\/wp\/v2\/users\/2"}],"replies":[{"embeddable":true,"href":"https:\/\/www.europesays.com\/pt\/wp-json\/wp\/v2\/comments?post=181482"}],"version-history":[{"count":0,"href":"https:\/\/www.europesays.com\/pt\/wp-json\/wp\/v2\/posts\/181482\/revisions"}],"wp:featuredmedia":[{"embeddable":true,"href":"https:\/\/www.europesays.com\/pt\/wp-json\/wp\/v2\/media\/181483"}],"wp:attachment":[{"href":"https:\/\/www.europesays.com\/pt\/wp-json\/wp\/v2\/media?parent=181482"}],"wp:term":[{"taxonomy":"category","embeddable":true,"href":"https:\/\/www.europesays.com\/pt\/wp-json\/wp\/v2\/categories?post=181482"},{"taxonomy":"post_tag","embeddable":true,"href":"https:\/\/www.europesays.com\/pt\/wp-json\/wp\/v2\/tags?post=181482"}],"curies":[{"name":"wp","href":"https:\/\/api.w.org\/{rel}","templated":true}]}}