{"id":181484,"date":"2025-12-09T14:14:14","date_gmt":"2025-12-09T14:14:14","guid":{"rendered":"https:\/\/www.europesays.com\/pt\/181484\/"},"modified":"2025-12-09T14:14:14","modified_gmt":"2025-12-09T14:14:14","slug":"cp-preve-perturbacoes-de-quarta-a-sexta-feira-devido-a-paralisacao","status":"publish","type":"post","link":"https:\/\/www.europesays.com\/pt\/181484\/","title":{"rendered":"CP prev\u00ea perturba\u00e7\u00f5es de quarta a sexta-feira devido \u00e0 paralisa\u00e7\u00e3o"},"content":{"rendered":"<p>A CP informou hoje que se preveem \u201cperturba\u00e7\u00f5es na circula\u00e7\u00e3o de comboios\u201d na quinta-feira e \u201cposs\u00edveis impactos\u201d na quarta e sexta-feira devido \u00e0 greve geral convocada para dia 11 de dezembro.<\/p>\n<p class=\"text-paragraph\">\u201cAos clientes que j\u00e1 tenham bilhetes adquiridos para viajar em comboios dos servi\u00e7os Alfa Pendular, Intercidades, Internacional, InterRegional e Regional, a CP permitir\u00e1 o reembolso, no valor total do bilhete adquirido, ou a sua troca gratuita para outro comboio da mesma categoria e na mesma classe\u201d, l\u00ea-se em comunicado.<\/p>\n<p class=\"text-paragraph\">O reembolso ou troca podem ser efetuados em myCP na \u00e1rea \u201cOs seus bilhetes\u201d (para bilhetes adquiridos na Bilheteira Online e App CP) at\u00e9 aos 15 minutos que antecedem a partida do comboio da esta\u00e7\u00e3o de origem do cliente, ou nas bilheteiras.<\/p>\n<p class=\"text-paragraph\">Passado este prazo, e at\u00e9 10 dias ap\u00f3s terminada a greve, pode ser pedido o reembolso atrav\u00e9s do preenchimento do formul\u00e1rio de contacto \u2018online\u2019 \u201cReembolso por Atraso ou Supress\u00e3o\u201d, com o envio da digitaliza\u00e7\u00e3o do original do bilhete.<\/p>\n<p class=\"text-paragraph\">Na CP a \u00e9 greve convocada pelos sindicatos ASCEF, FECTRANS\/SNTSF, FENTCOP, SINAFE, SINDEFER, SINFA, SINFB, SINTTI, SIOFA, SNAQ, STF e STMEFE.<\/p>\n<p class=\"text-paragraph\">A greve geral de quinta-feira contra o anteprojeto do Governo de reforma da legisla\u00e7\u00e3o laboral ser\u00e1 a primeira paralisa\u00e7\u00e3o a juntar as duas centrais sindicais, CGTP e UGT, desde junho de 2013, altura em que Portugal estava sob interven\u00e7\u00e3o da \u2018troika\u2019.<\/p>\n","protected":false},"excerpt":{"rendered":"A CP informou hoje que se preveem \u201cperturba\u00e7\u00f5es na circula\u00e7\u00e3o de comboios\u201d na quinta-feira e \u201cposs\u00edveis impactos\u201d na&hellip;\n","protected":false},"author":2,"featured_media":181485,"comment_status":"","ping_status":"","sticky":false,"template":"","format":"standard","meta":{"footnotes":""},"categories":[10],"tags":[27,28,15,16,14,25,26,21,22,12,13,19,20,32,23,24,33,17,18,29,30,31],"class_list":{"0":"post-181484","1":"post","2":"type-post","3":"status-publish","4":"format-standard","5":"has-post-thumbnail","7":"category-portugal","8":"tag-breaking-news","9":"tag-breakingnews","10":"tag-featured-news","11":"tag-featurednews","12":"tag-headlines","13":"tag-latest-news","14":"tag-latestnews","15":"tag-main-news","16":"tag-mainnews","17":"tag-news","18":"tag-noticias","19":"tag-noticias-principais","20":"tag-noticiasprincipais","21":"tag-portugal","22":"tag-principais-noticias","23":"tag-principaisnoticias","24":"tag-pt","25":"tag-top-stories","26":"tag-topstories","27":"tag-ultimas","28":"tag-ultimas-noticias","29":"tag-ultimasnoticias"},"share_on_mastodon":{"url":"https:\/\/pubeurope.com\/@pt\/115690029962526231","error":""},"_links":{"self":[{"href":"https:\/\/www.europesays.com\/pt\/wp-json\/wp\/v2\/posts\/181484","targetHints":{"allow":["GET"]}}],"collection":[{"href":"https:\/\/www.europesays.com\/pt\/wp-json\/wp\/v2\/posts"}],"about":[{"href":"https:\/\/www.europesays.com\/pt\/wp-json\/wp\/v2\/types\/post"}],"author":[{"embeddable":true,"href":"https:\/\/www.europesays.com\/pt\/wp-json\/wp\/v2\/users\/2"}],"replies":[{"embeddable":true,"href":"https:\/\/www.europesays.com\/pt\/wp-json\/wp\/v2\/comments?post=181484"}],"version-history":[{"count":0,"href":"https:\/\/www.europesays.com\/pt\/wp-json\/wp\/v2\/posts\/181484\/revisions"}],"wp:featuredmedia":[{"embeddable":true,"href":"https:\/\/www.europesays.com\/pt\/wp-json\/wp\/v2\/media\/181485"}],"wp:attachment":[{"href":"https:\/\/www.europesays.com\/pt\/wp-json\/wp\/v2\/media?parent=181484"}],"wp:term":[{"taxonomy":"category","embeddable":true,"href":"https:\/\/www.europesays.com\/pt\/wp-json\/wp\/v2\/categories?post=181484"},{"taxonomy":"post_tag","embeddable":true,"href":"https:\/\/www.europesays.com\/pt\/wp-json\/wp\/v2\/tags?post=181484"}],"curies":[{"name":"wp","href":"https:\/\/api.w.org\/{rel}","templated":true}]}}