{"id":181500,"date":"2025-12-09T14:32:32","date_gmt":"2025-12-09T14:32:32","guid":{"rendered":"https:\/\/www.europesays.com\/pt\/181500\/"},"modified":"2025-12-09T14:32:32","modified_gmt":"2025-12-09T14:32:32","slug":"testaram-a-autonomia-real-de-140-eletricos-todas-as-marcas-mentem-umas-mais-que-outras","status":"publish","type":"post","link":"https:\/\/www.europesays.com\/pt\/181500\/","title":{"rendered":"Testaram a autonomia real de 140 el\u00e9tricos. Todas as marcas mentem (umas mais que outras)"},"content":{"rendered":"<p class=\"wp-caption-text top\">Tesla<\/p>\n<p><img decoding=\"async\" loading=\"lazy\" class=\"size-kopa-image-size-3 wp-image-704730\" src=\"https:\/\/www.europesays.com\/pt\/wp-content\/uploads\/2025\/10\/c108f30c4deda9d5706680ccd4418a1f-783x450.jpg\" alt=\"\" width=\"700\" height=\"402\"  \/><\/p>\n<p class=\"wp-caption-text bot\">A Tesla registou os menores desvios entre autonomia anunciada e real<\/p>\n<p><strong>O Governo australiano lan\u00e7ou uma iniciativa para proteger os consumidores. Os primeiros resultados s\u00e3o tudo menos tranquilizadores.<\/strong><\/p>\n<p>Ensaios independentes de autonomia em carros el\u00e9tricos demonstraram que <strong>nenhum dos modelos<\/strong> testados consegue percorrer a dist\u00e2ncia anunciada pelo fabricante, de acordo com <a href=\"https:\/\/www.aaa.asn.au\/2025\/12\/new-test-results-to-help-ev-buyers\/\" data-wpel-link=\"external\" target=\"_blank\" rel=\"nofollow external noopener noreferrer\" class=\"ext-link\">testes recentes<\/a> conduzidos pela Australian Automobile Association.<\/p>\n<p>A conclus\u00e3o volta a colocar a<strong> autonomia real<\/strong> dos ve\u00edculos el\u00e9tricos no centro das decis\u00f5es de compra e do desenvolvimento do pr\u00f3prio sector, cujo crescimento tem sido travado pela dificuldade em mitigar a chamada \u201cansiedade da autonomia\u201d.<\/p>\n<p>No \u00e2mbito do programa governamental australiano\u00a0 <a href=\"https:\/\/realworld.org.au\/\" data-wpel-link=\"external\" target=\"_blank\" rel=\"nofollow external noopener noreferrer\" class=\"ext-link\">Real-World Testing<\/a>, cada ve\u00edculo \u00e9 submetido a um percurso de 93 quil\u00f3metros que combina tro\u00e7os urbanos, estradas rurais e autoestradas em redor de Geelong.<\/p>\n<p>O objetivo \u00e9 <strong>comparar o desempenho anunciado<\/strong> com o comportamento em utiliza\u00e7\u00e3o quotidiana \u2013 um contraste fundamental para aferir a efici\u00eancia real de cada modelo e a sua capacidade de corresponder \u00e0s expectativas dos condutores.<\/p>\n<p>Entre o conjunto de ve\u00edculos analisados, a <strong>Tesla registou para j\u00e1 o menor desvio<\/strong>. O Model Y, homologado para 466 quil\u00f3metros, ficou <strong>16 quil\u00f3metros aqu\u00e9m<\/strong> em condu\u00e7\u00e3o real. Apesar de esta diferen\u00e7a ser reduzida face a outros modelos, o resultado confirma que n\u00e3o foi atingida a autonomia indicada na documenta\u00e7\u00e3o oficial.<\/p>\n<p><strong>Bem pior foi o desempenho do MG4<\/strong>, que apresentou a maior varia\u00e7\u00e3o detetada: ficou<strong> 124 quil\u00f3metros abaixo dos 405 quil\u00f3metros<\/strong> anunciados, um desvio de 31%.<\/p>\n<p>Tamb\u00e9m se verificaram diferen\u00e7as significativas no <strong>Kia EV3<\/strong>, que ficou 67 quil\u00f3metros aqu\u00e9m do valor homologado, e no <strong>Smart #1<\/strong>, que falhou o objetivo em 53 quil\u00f3metros, o que representa uma quebra de 13%.<\/p>\n<p>O diretor-geral da Australian Automobile Association, <strong>Michael Bradley<\/strong>, sublinha a utilidade destes dados para quem pondera comprar um carro el\u00e9trico.<\/p>\n<p>\u201cEstes resultados d\u00e3o aos consumidores uma indica\u00e7\u00e3o independente da autonomia real, o que significa que agora sabem que carros cumprem o que \u00e9 anunciado e quais n\u00e3o cumprem\u201d, afirmou Bradley, citado pelo <a href=\"https:\/\/www.elconfidencial.com\/tecnologia\/2025-12-04\/autonomia-coche-electrico-marcas-mienten-1qrt_4260209\/\" data-wpel-link=\"external\" target=\"_blank\" rel=\"nofollow external noopener noreferrer\" class=\"ext-link\">El Confidencial<\/a>.<\/p>\n<p>Segundo a associa\u00e7\u00e3o, dispor deste tipo de medi\u00e7\u00f5es ajuda a r<strong>eduzir a ansiedade<\/strong> relacionada com a carga e contribui para uma <strong>utiliza\u00e7\u00e3o mais segura e confi\u00e1vel<\/strong> deste tipo de ve\u00edculos.<\/p>\n<p>A iniciativa, financiada com verbas federais e criada na sequ\u00eancia do esc\u00e2ndalo de <strong>manipula\u00e7\u00e3o de emiss\u00f5es revelado em 2015 na Volkswagen<\/strong>, j\u00e1 avaliou 140 dos 200 ve\u00edculos previstos.<\/p>\n<p>O projeto detetou ainda que a<strong> maioria dos modelos h\u00edbridos<\/strong> e a combust\u00e3o <strong>consomem mais energia ou combust\u00edvel<\/strong> do que o indicado nas fichas oficiais, refor\u00e7ando a import\u00e2ncia de testes independentes para garantir transpar\u00eancia e fiabilidade.<\/p>\n<p>    <a href=\"https:\/\/zap.aeiou.pt\/subscrever-newsletter\" data-wpel-link=\"internal\" rel=\"nofollow noopener\" target=\"_blank\">&#13;<br \/>\n        <img loading=\"lazy\" decoding=\"async\" class=\"aligncenter size-full wp-image-575475\" src=\"https:\/\/www.europesays.com\/pt\/wp-content\/uploads\/2025\/12\/2d51fe4a0ba54894421ead1809309ed9-1-450x140.jpg\" alt=\"Subscreva a Newsletter ZAP\" width=\"450\" height=\"140\"\/>&#13;<br \/>\n    <\/a><\/p>\n<p>                <a href=\"https:\/\/whatsapp.com\/channel\/0029VaIC4EE2f3EJZPPSbR34\" data-wpel-link=\"external\" target=\"_blank\" rel=\"nofollow external noopener noreferrer\" class=\"ext-link\">&#13;<br \/>\n                    <img loading=\"lazy\" decoding=\"async\" class=\"aligncenter size-full wp-image-575475\" src=\"https:\/\/www.europesays.com\/pt\/wp-content\/uploads\/2025\/12\/c68c559d956d4ca20f435ed74a6e71e6.png\" alt=\"Siga-nos no WhatsApp\" width=\"175\" height=\"64\"\/>&#13;<br \/>\n                <\/a><\/p>\n<p>                <a href=\"https:\/\/news.google.com\/publications\/CAAiEHRwZondIV71PDjWNoqMduEqFAgKIhB0cGaJ3SFe9Tw41jaKjHbh?hl=en-US&amp;gl=US&amp;ceid=US%3Aen\" data-wpel-link=\"external\" target=\"_blank\" rel=\"nofollow external noopener noreferrer\" class=\"ext-link\">&#13;<br \/>\n                    <img loading=\"lazy\" decoding=\"async\" class=\"aligncenter size-full wp-image-575475\" src=\"https:\/\/www.europesays.com\/pt\/wp-content\/uploads\/2025\/12\/5123dd8b087b644fdb8f8603acd1bad4.png\" alt=\"Siga-nos no Google News\" width=\"176\" height=\"64\"\/>&#13;<br \/>\n                <\/a><\/p>\n","protected":false},"excerpt":{"rendered":"Tesla A Tesla registou os menores desvios entre autonomia anunciada e real O Governo australiano lan\u00e7ou uma iniciativa&hellip;\n","protected":false},"author":2,"featured_media":102309,"comment_status":"","ping_status":"","sticky":false,"template":"","format":"standard","meta":{"footnotes":""},"categories":[83],"tags":[2337,2702,88,269,89,428,90,295,32,33],"class_list":{"0":"post-181500","1":"post","2":"type-post","3":"status-publish","4":"format-standard","5":"has-post-thumbnail","7":"category-empresas","8":"tag-australia","9":"tag-auto","10":"tag-business","11":"tag-capa","12":"tag-economy","13":"tag-eletricos","14":"tag-empresas","15":"tag-industria","16":"tag-portugal","17":"tag-pt"},"share_on_mastodon":{"url":"https:\/\/pubeurope.com\/@pt\/115690101335141194","error":""},"_links":{"self":[{"href":"https:\/\/www.europesays.com\/pt\/wp-json\/wp\/v2\/posts\/181500","targetHints":{"allow":["GET"]}}],"collection":[{"href":"https:\/\/www.europesays.com\/pt\/wp-json\/wp\/v2\/posts"}],"about":[{"href":"https:\/\/www.europesays.com\/pt\/wp-json\/wp\/v2\/types\/post"}],"author":[{"embeddable":true,"href":"https:\/\/www.europesays.com\/pt\/wp-json\/wp\/v2\/users\/2"}],"replies":[{"embeddable":true,"href":"https:\/\/www.europesays.com\/pt\/wp-json\/wp\/v2\/comments?post=181500"}],"version-history":[{"count":0,"href":"https:\/\/www.europesays.com\/pt\/wp-json\/wp\/v2\/posts\/181500\/revisions"}],"wp:featuredmedia":[{"embeddable":true,"href":"https:\/\/www.europesays.com\/pt\/wp-json\/wp\/v2\/media\/102309"}],"wp:attachment":[{"href":"https:\/\/www.europesays.com\/pt\/wp-json\/wp\/v2\/media?parent=181500"}],"wp:term":[{"taxonomy":"category","embeddable":true,"href":"https:\/\/www.europesays.com\/pt\/wp-json\/wp\/v2\/categories?post=181500"},{"taxonomy":"post_tag","embeddable":true,"href":"https:\/\/www.europesays.com\/pt\/wp-json\/wp\/v2\/tags?post=181500"}],"curies":[{"name":"wp","href":"https:\/\/api.w.org\/{rel}","templated":true}]}}