{"id":181505,"date":"2025-12-09T14:35:17","date_gmt":"2025-12-09T14:35:17","guid":{"rendered":"https:\/\/www.europesays.com\/pt\/181505\/"},"modified":"2025-12-09T14:35:17","modified_gmt":"2025-12-09T14:35:17","slug":"mourinho-justifica-chamada-de-jose-neto-ao-treino-do-benfica","status":"publish","type":"post","link":"https:\/\/www.europesays.com\/pt\/181505\/","title":{"rendered":"Mourinho justifica chamada de Jos\u00e9 Neto ao treino do Benfica"},"content":{"rendered":"<p>A presen\u00e7a de Jos\u00e9 Neto foi a grande novidade no treino desta ter\u00e7a-feira do <a class=\"autolink-enabled\" data-resource-id=\"450\" data-resource-type=\"team\" data-sport=\"football\" href=\"https:\/\/www.abola.pt\/futebol\/benfica-450\" rel=\"nofollow noopener\" target=\"_blank\">Benfica<\/a>, o \u00faltimo de prepara\u00e7\u00e3o para o jogo de quarta-feira com o <a class=\"autolink-enabled\" data-resource-id=\"262\" data-resource-type=\"team\" data-sport=\"football\" href=\"https:\/\/www.abola.pt\/futebol\/ssc-napoles-262\" rel=\"nofollow noopener\" target=\"_blank\">N\u00e1poles<\/a>, referente \u00e0 6.\u00aa jornada da fase de liga da <a class=\"autolink-enabled\" data-resource-id=\"27\" data-resource-type=\"competition\" data-sport=\"football\" href=\"https:\/\/www.abola.pt\/futebol\/competicao\/uefa-champions-league-27\" rel=\"nofollow noopener\" target=\"_blank\">UEFA Champions League<\/a>.<\/p>\n<p>Em declara\u00e7\u00f5es \u00e0 BTV, Jos\u00e9 Mourinho justificou a chamada do lateral-esquerdo, que foi campe\u00e3o do Mundo de sub-17 por <a class=\"autolink-enabled\" data-resource-id=\"1651\" data-resource-type=\"team\" data-sport=\"football\" href=\"https:\/\/www.abola.pt\/futebol\/portugal-1651\" rel=\"nofollow noopener\" target=\"_blank\">Portugal<\/a>, no Qatar.<\/p>\n<p>\u00abOlhando para o potencial que j\u00e1 foi desenvolvido do [Jos\u00e9] Neto, obviamente tem 17 anos e nem na equipa <a class=\"autolink-enabled\" data-resource-id=\"2940\" data-resource-type=\"team\" data-sport=\"football\" href=\"https:\/\/www.abola.pt\/futebol\/benfica-b-2940\" rel=\"nofollow noopener\" target=\"_blank\">B<\/a> tem um n\u00famero suficiente de jogos para dizermos que est\u00e1 no ponto, mas, estar a treinar connosco, a poder ser convocado e, eventualmente, a poder jogar alguns minutos na primeira equipa \u00e9 a acelera\u00e7\u00e3o de um processo de um jogador com um potencial fant\u00e1stico\u00bb, afian\u00e7ou o treinador das \u00e1guias.<\/p>\n","protected":false},"excerpt":{"rendered":"A presen\u00e7a de Jos\u00e9 Neto foi a grande novidade no treino desta ter\u00e7a-feira do Benfica, o \u00faltimo de&hellip;\n","protected":false},"author":2,"featured_media":181506,"comment_status":"","ping_status":"","sticky":false,"template":"","format":"standard","meta":{"footnotes":""},"categories":[8],"tags":[27,28,15,16,14,25,26,21,22,12,13,19,20,32,23,24,33,17,18,29,30,31],"class_list":{"0":"post-181505","1":"post","2":"type-post","3":"status-publish","4":"format-standard","5":"has-post-thumbnail","7":"category-principais-noticias","8":"tag-breaking-news","9":"tag-breakingnews","10":"tag-featured-news","11":"tag-featurednews","12":"tag-headlines","13":"tag-latest-news","14":"tag-latestnews","15":"tag-main-news","16":"tag-mainnews","17":"tag-news","18":"tag-noticias","19":"tag-noticias-principais","20":"tag-noticiasprincipais","21":"tag-portugal","22":"tag-principais-noticias","23":"tag-principaisnoticias","24":"tag-pt","25":"tag-top-stories","26":"tag-topstories","27":"tag-ultimas","28":"tag-ultimas-noticias","29":"tag-ultimasnoticias"},"share_on_mastodon":{"url":"https:\/\/pubeurope.com\/@pt\/115690112595398838","error":""},"_links":{"self":[{"href":"https:\/\/www.europesays.com\/pt\/wp-json\/wp\/v2\/posts\/181505","targetHints":{"allow":["GET"]}}],"collection":[{"href":"https:\/\/www.europesays.com\/pt\/wp-json\/wp\/v2\/posts"}],"about":[{"href":"https:\/\/www.europesays.com\/pt\/wp-json\/wp\/v2\/types\/post"}],"author":[{"embeddable":true,"href":"https:\/\/www.europesays.com\/pt\/wp-json\/wp\/v2\/users\/2"}],"replies":[{"embeddable":true,"href":"https:\/\/www.europesays.com\/pt\/wp-json\/wp\/v2\/comments?post=181505"}],"version-history":[{"count":0,"href":"https:\/\/www.europesays.com\/pt\/wp-json\/wp\/v2\/posts\/181505\/revisions"}],"wp:featuredmedia":[{"embeddable":true,"href":"https:\/\/www.europesays.com\/pt\/wp-json\/wp\/v2\/media\/181506"}],"wp:attachment":[{"href":"https:\/\/www.europesays.com\/pt\/wp-json\/wp\/v2\/media?parent=181505"}],"wp:term":[{"taxonomy":"category","embeddable":true,"href":"https:\/\/www.europesays.com\/pt\/wp-json\/wp\/v2\/categories?post=181505"},{"taxonomy":"post_tag","embeddable":true,"href":"https:\/\/www.europesays.com\/pt\/wp-json\/wp\/v2\/tags?post=181505"}],"curies":[{"name":"wp","href":"https:\/\/api.w.org\/{rel}","templated":true}]}}