{"id":181509,"date":"2025-12-09T14:37:18","date_gmt":"2025-12-09T14:37:18","guid":{"rendered":"https:\/\/www.europesays.com\/pt\/181509\/"},"modified":"2025-12-09T14:37:18","modified_gmt":"2025-12-09T14:37:18","slug":"detido-um-suspeito-do-roubo-de-obras-de-matisse-e-portinari-no-brasil","status":"publish","type":"post","link":"https:\/\/www.europesays.com\/pt\/181509\/","title":{"rendered":"Detido um suspeito do roubo de obras de Matisse e Portinari no Brasil"},"content":{"rendered":"<p>O suspeito foi detido no centro de S\u00e3o Paulo, ap\u00f3s ter sido &#8220;identificado na sequ\u00eancia de uma investiga\u00e7\u00e3o e an\u00e1lise das imagens de videovigil\u00e2ncia que registaram o roubo de domingo&#8221;, refere o governo do estado de S\u00e3o Paulo, num comunicado hoje divulgado e citado pela ag\u00eancia France-Presse.<\/p>\n<p>O ve\u00edculo usado pelos suspeitos para fugirem do local &#8220;foi localizado&#8221; e &#8220;a investiga\u00e7\u00e3o continua para identificar o segundo suspeito&#8221;.<\/p>\n<p>Dois homens armados levaram oito gravuras de Henri Matisse e cinco de Candido Portinari da Biblioteca Municipal M\u00e1rio de Andrade no domingo.<\/p>\n<p>As gravuras integravam a exposi\u00e7\u00e3o &#8220;Do livro ao museu: MAM [Museu de Arte Moderna] S\u00e3o Paulo e a Biblioteca M\u00e1rio de Andrade&#8221;, inaugurada em 04 de outubro e que esteve patente at\u00e9 domingo.<\/p>\n<p>De acordo com a pol\u00edcia, ap\u00f3s dominarem uma guarda e um casal de idosos que visitava a exposi\u00e7\u00e3o, os dois homens pegaram nas obras e colocaram-nas numa bolsa de lona antes de abandonarem o local pela porta principal.<\/p>\n<p>O ve\u00edculo usado para a fuga foi &#8220;enviado para uma per\u00edcia t\u00e9cnica&#8221;.<\/p>\n<p>Imagens divulgadas pelo portal de not\u00edcias g1 mostram os dois suspeitos a descarregarem quadros de uma pequena carrinha e a encostarem-nos a uma parede numa rua em plena luz do dia.<\/p>\n<p>O g1 publicou tamb\u00e9m fotografias dos dois suspeitos a caminharem numa rua, estando o rosto de um deles coberto por um bon\u00e9. S\u00e3o Paulo possui um sofisticado sistema de videovigil\u00e2ncia e reconhecimento facial.<\/p>\n<p>De acordo com informa\u00e7\u00e3o dispon\u00edvel no site do Museu de Arte Moderna de S\u00e3o Paulo, a exposi\u00e7\u00e3o integrava maioritariamente obras das d\u00e9cadas de 1949 e 1950, &#8220;per\u00edodo de sedimenta\u00e7\u00e3o da arte moderna e de espa\u00e7os a esta dedicados&#8221;, al\u00e9m de &#8220;uma sele\u00e7\u00e3o criteriosa de livros adquiridos a fim de representar a produ\u00e7\u00e3o moderna na cole\u00e7\u00e3o da Biblioteca M\u00e1rio de Andrade nesse per\u00edodo&#8221;.<\/p>\n<p>A mostra inclu\u00eda &#8220;obras raras e importantes, como &#8216;Jazz&#8217;, de Henri Matisse, ou &#8216;Cirque&#8217;, de Fernand L\u00e9ger, exemplares de grande relev\u00e2ncia que colocaram artistas e investigadores brasileiros em contacto com a produ\u00e7\u00e3o modernista europeia&#8221;.<\/p>\n<p>&#8220;Jazz&#8221; \u00e9 apresentada no cat\u00e1logo da exposi\u00e7\u00e3o como &#8220;uma obra expoente&#8221; da produ\u00e7\u00e3o art\u00edstica tardia do artista franc\u00eas.<\/p>\n<p>&#8220;Matisse iniciou o livro em 1943, quando j\u00e1 tinha a mobilidade reduzida ap\u00f3s procedimentos m\u00e9dicos, o que o levou a &#8216;pintar com a tesoura'&#8221;, l\u00ea-se no cat\u00e1logo, dispon\u00edvel online.<\/p>\n<p>De Candido Portinari, integravam a exposi\u00e7\u00e3o ilustra\u00e7\u00f5es criadas para uma edi\u00e7\u00e3o de luxo de &#8220;Mem\u00f3rias p\u00f3stumas de Br\u00e1s Cubas&#8221;, de Machado de Assis, e para uma edi\u00e7\u00e3o especial de &#8220;Menino de engenho&#8221;, de Jos\u00e9 Lins do Rego.<\/p>\n<p>Leia Tamb\u00e9m: <a href=\"https:\/\/www.noticiasaominuto.com\/mundo\/2901212\/identificado-um-dos-suspeitos-do-roubo-de-obras-de-matisse-e-portinari\" target=\"_blank\" rel=\"noopener noreferrer nofollow\">Identificado um dos suspeitos do roubo de obras de Matisse e Portinari<\/a><\/p>\n","protected":false},"excerpt":{"rendered":"O suspeito foi detido no centro de S\u00e3o Paulo, ap\u00f3s ter sido &#8220;identificado na sequ\u00eancia de uma investiga\u00e7\u00e3o&hellip;\n","protected":false},"author":2,"featured_media":181510,"comment_status":"","ping_status":"","sticky":false,"template":"","format":"standard","meta":{"footnotes":""},"categories":[144],"tags":[207,205,206,203,201,202,204,114,115,32,33],"class_list":{"0":"post-181509","1":"post","2":"type-post","3":"status-publish","4":"format-standard","5":"has-post-thumbnail","7":"category-arte-e-design","8":"tag-arte","9":"tag-arte-e-design","10":"tag-artedesign","11":"tag-arts","12":"tag-arts-and-design","13":"tag-artsanddesign","14":"tag-design","15":"tag-entertainment","16":"tag-entretenimento","17":"tag-portugal","18":"tag-pt"},"share_on_mastodon":{"url":"https:\/\/pubeurope.com\/@pt\/115690120373117257","error":""},"_links":{"self":[{"href":"https:\/\/www.europesays.com\/pt\/wp-json\/wp\/v2\/posts\/181509","targetHints":{"allow":["GET"]}}],"collection":[{"href":"https:\/\/www.europesays.com\/pt\/wp-json\/wp\/v2\/posts"}],"about":[{"href":"https:\/\/www.europesays.com\/pt\/wp-json\/wp\/v2\/types\/post"}],"author":[{"embeddable":true,"href":"https:\/\/www.europesays.com\/pt\/wp-json\/wp\/v2\/users\/2"}],"replies":[{"embeddable":true,"href":"https:\/\/www.europesays.com\/pt\/wp-json\/wp\/v2\/comments?post=181509"}],"version-history":[{"count":0,"href":"https:\/\/www.europesays.com\/pt\/wp-json\/wp\/v2\/posts\/181509\/revisions"}],"wp:featuredmedia":[{"embeddable":true,"href":"https:\/\/www.europesays.com\/pt\/wp-json\/wp\/v2\/media\/181510"}],"wp:attachment":[{"href":"https:\/\/www.europesays.com\/pt\/wp-json\/wp\/v2\/media?parent=181509"}],"wp:term":[{"taxonomy":"category","embeddable":true,"href":"https:\/\/www.europesays.com\/pt\/wp-json\/wp\/v2\/categories?post=181509"},{"taxonomy":"post_tag","embeddable":true,"href":"https:\/\/www.europesays.com\/pt\/wp-json\/wp\/v2\/tags?post=181509"}],"curies":[{"name":"wp","href":"https:\/\/api.w.org\/{rel}","templated":true}]}}