{"id":181600,"date":"2025-12-09T15:51:12","date_gmt":"2025-12-09T15:51:12","guid":{"rendered":"https:\/\/www.europesays.com\/pt\/181600\/"},"modified":"2025-12-09T15:51:12","modified_gmt":"2025-12-09T15:51:12","slug":"regresso-de-andrej-babis-reacende-turbulencia-populista-na-europa-central","status":"publish","type":"post","link":"https:\/\/www.europesays.com\/pt\/181600\/","title":{"rendered":"Regresso de Andrej Babis reacende turbul\u00eancia populista na Europa Central"},"content":{"rendered":"<p>                O bilion\u00e1rio de direita voltou esta ter\u00e7a-feira ao cargo de primeiro-ministro da Ch\u00e9quia, causando preocupa\u00e7\u00f5es em Bruxelas sobre um poss\u00edvel refor\u00e7o das alian\u00e7as populistas na Europa Central.\u00a0<br \/>\nDe acordo com edi\u00e7\u00e3o europeia do <a href=\"https:\/\/www.politico.eu\/article\/andrej-babis-prime-minister-bbrussels-populist\/\" target=\"_blank\" rel=\"nofollow noopener\">Politico<\/a>, o presidente checo, Petr Pavel, oficializou a nomea\u00e7\u00e3o depois de semanas de negocia\u00e7\u00f5es e da exig\u00eancia de que Babis encontrasse uma solu\u00e7\u00e3o para os seus persistentes conflitos de interesse ligados ao conglomerado Agrofert.<\/p>\n<p>&#13;<br \/>\nA decis\u00e3o desbloqueia o regresso ao poder de um l\u00edder que combina influ\u00eancia econ\u00f3mica, ambi\u00e7\u00e3o pol\u00edtica e um discurso frequentemente cr\u00edtico das institui\u00e7\u00f5es europeias.&#13;\n<\/p>\n<p>\n<b>Em Bruxelas, o alerta j\u00e1 soou. A expectativa \u00e9 de que Babis fortale\u00e7a pontes com Viktor Orb\u00e1n, da Hungria, e com Robert Fico, da Eslov\u00e1quia<\/b> \u2014 ambos resistentes \u00e0s pol\u00edticas comunit\u00e1rias e contr\u00e1rios ao apoio militar \u00e0 Ucr\u00e2nia. Uma aproxima\u00e7\u00e3o entre estes l\u00edderes poderia refor\u00e7ar um bloco capaz de atrasar ou travar dossi\u00eas centrais para a Uni\u00e3o Europeia, desde reformas clim\u00e1ticas como o <a href=\"https:\/\/climate.ec.europa.eu\/eu-action\/carbon-markets\/ets2-buildings-road-transport-and-additional-sectors_en\" target=\"_blank\" rel=\"nofollow noopener\">ETS2<\/a> at\u00e9 ao plano para p\u00f4r fim aos motores de combust\u00e3o.<\/p>\n<p>Babis, cujo partido Alian\u00e7a dos Cidad\u00e3os Descontentes (ANO) integra o grupo euroc\u00e9tico Patriotas pela Europa, governa agora em coliga\u00e7\u00e3o com os partidos de direita radical Liberdade e Democracia Direta (SPD) e Motoristas por Si Pr\u00f3prios.<\/p>\n<p>Apesar de ter feito campanha propondo reduzir a ajuda a Kiev, suavizou o tom ap\u00f3s a vit\u00f3ria eleitoral de 3 e 4 de outubro, levantando d\u00favidas sobre o alcance das mudan\u00e7as que pretende implementar.<\/p>\n<p>&#13;<br \/>\nO atual primeiro-ministro checo tem mostrado interesse em revitalizar o grupo Visegr\u00e1d- alian\u00e7a informal de coopera\u00e7\u00e3o regional entre Pol\u00f3nia, Hungria, Eslov\u00e1quia e Ch\u00e9quia &#8211; quase adormecido desde a invas\u00e3o russa da Ucr\u00e2nia. Agora, por\u00e9m, o que antes eram quatro pa\u00edses poder\u00e1 transformar-se num trio, dado o distanciamento do Governo polaco de Donald Tusk, firmemente pr\u00f3-Ucr\u00e2nia.&#13;\n<\/p>\n<p>&#13;<br \/>\nQuem \u00e9\u00a0Andrej Babis?&#13;\n<\/p>\n<p>\nA figura de Babis permanece t\u00e3o controversa quanto influente. Nascido em Bratislava e naturalizado checo ap\u00f3s a divis\u00e3o da Checoslov\u00e1quia, construiu um imp\u00e9rio empresarial e uma carreira pol\u00edtica marcada por ascens\u00f5es r\u00e1pidas, derrotas e um regresso inesperado. <b>Governou o pa\u00eds entre 2017 e 2021, e apesar de ter perdido a elei\u00e7\u00e3o presidencial de 2023 para Petr Pavel, consegue agora uma nova oportunidade de liderar o pa\u00eds.<\/b><\/p>\n<p>Mas o seu regresso n\u00e3o vem sem pol\u00e9micas. Processos judiciais por alegada fraude em subs\u00eddios europeus continuam a pairar sobre ele, tal como antigas acusa\u00e7\u00f5es \u2014 que nega \u2014 de ter colaborado com a pol\u00edcia secreta comunista nos anos 1980. Os cr\u00edticos insistem que Babis nunca separou totalmente os interesses do Estado dos interesses do Agrofert, enquanto o pr\u00f3prio descreve as acusa\u00e7\u00f5es como tentativas de o descredibilizar.<\/p>\n<p>Os pr\u00f3ximos dias dever\u00e3o clarificar at\u00e9 que ponto a Ch\u00e9quia adotar\u00e1 uma postura mais confrontacional na UE. <b>Babis dever\u00e1 participar no Conselho Europeu no decorrer desta semana, caso finalize a composi\u00e7\u00e3o do Governo.<\/b><\/p>\n<p>Ser\u00e1 a primeira ocasi\u00e3o em que os l\u00edderes europeus ter\u00e3o de lidar diretamente com o novo chefe de Governo checo \u2014 e a primeira oportunidade para medir at\u00e9 que ponto o seu regresso poder\u00e1 alterar o equil\u00edbrio pol\u00edtico da Uni\u00e3o Europeia. &#13;\n            <\/p>\n","protected":false},"excerpt":{"rendered":"O bilion\u00e1rio de direita voltou esta ter\u00e7a-feira ao cargo de primeiro-ministro da Ch\u00e9quia, causando preocupa\u00e7\u00f5es em Bruxelas sobre&hellip;\n","protected":false},"author":2,"featured_media":181601,"comment_status":"","ping_status":"","sticky":false,"template":"","format":"standard","meta":{"footnotes":""},"categories":[50],"tags":[27,28,15,16,14,25,26,21,22,62,12,13,19,20,23,24,420,421,17,18,29,30,31,63,64,65],"class_list":{"0":"post-181600","1":"post","2":"type-post","3":"status-publish","4":"format-standard","5":"has-post-thumbnail","7":"category-mundo","8":"tag-breaking-news","9":"tag-breakingnews","10":"tag-featured-news","11":"tag-featurednews","12":"tag-headlines","13":"tag-latest-news","14":"tag-latestnews","15":"tag-main-news","16":"tag-mainnews","17":"tag-mundo","18":"tag-news","19":"tag-noticias","20":"tag-noticias-principais","21":"tag-noticiasprincipais","22":"tag-principais-noticias","23":"tag-principaisnoticias","24":"tag-rtp","25":"tag-rtp-noticias","26":"tag-top-stories","27":"tag-topstories","28":"tag-ultimas","29":"tag-ultimas-noticias","30":"tag-ultimasnoticias","31":"tag-world","32":"tag-world-news","33":"tag-worldnews"},"share_on_mastodon":{"url":"https:\/\/pubeurope.com\/@pt\/115690411429344624","error":""},"_links":{"self":[{"href":"https:\/\/www.europesays.com\/pt\/wp-json\/wp\/v2\/posts\/181600","targetHints":{"allow":["GET"]}}],"collection":[{"href":"https:\/\/www.europesays.com\/pt\/wp-json\/wp\/v2\/posts"}],"about":[{"href":"https:\/\/www.europesays.com\/pt\/wp-json\/wp\/v2\/types\/post"}],"author":[{"embeddable":true,"href":"https:\/\/www.europesays.com\/pt\/wp-json\/wp\/v2\/users\/2"}],"replies":[{"embeddable":true,"href":"https:\/\/www.europesays.com\/pt\/wp-json\/wp\/v2\/comments?post=181600"}],"version-history":[{"count":0,"href":"https:\/\/www.europesays.com\/pt\/wp-json\/wp\/v2\/posts\/181600\/revisions"}],"wp:featuredmedia":[{"embeddable":true,"href":"https:\/\/www.europesays.com\/pt\/wp-json\/wp\/v2\/media\/181601"}],"wp:attachment":[{"href":"https:\/\/www.europesays.com\/pt\/wp-json\/wp\/v2\/media?parent=181600"}],"wp:term":[{"taxonomy":"category","embeddable":true,"href":"https:\/\/www.europesays.com\/pt\/wp-json\/wp\/v2\/categories?post=181600"},{"taxonomy":"post_tag","embeddable":true,"href":"https:\/\/www.europesays.com\/pt\/wp-json\/wp\/v2\/tags?post=181600"}],"curies":[{"name":"wp","href":"https:\/\/api.w.org\/{rel}","templated":true}]}}