{"id":181612,"date":"2025-12-09T16:04:09","date_gmt":"2025-12-09T16:04:09","guid":{"rendered":"https:\/\/www.europesays.com\/pt\/181612\/"},"modified":"2025-12-09T16:04:09","modified_gmt":"2025-12-09T16:04:09","slug":"simposio-de-pediatria-tem-foco-no-manejo-das-doencas-respiratorias","status":"publish","type":"post","link":"https:\/\/www.europesays.com\/pt\/181612\/","title":{"rendered":"Simp\u00f3sio de Pediatria tem foco no manejo das doen\u00e7as respirat\u00f3rias"},"content":{"rendered":"<p>&#13;<br \/>\n                        <b>Nei Jos\u00e9 Sant&#8217;Anna<\/b><br \/>&#13;<br \/>\n                Sa\u00fade&#13;\n            <\/p>\n<p>O Hospital Municipal Dr. Jos\u00e9 de Carvalho Florence, unidade da Prefeitura de S\u00e3o Jos\u00e9 dos Campos gerenciada pela SPDM (Associa\u00e7\u00e3o Paulista para o Desenvolvimento da Medicina) realiza nesta sexta-feira (12) o 1\u00ba Simp\u00f3sio de Pediatria.<\/p>\n<p>O encontro t\u00e9cnico-cient\u00edfico \u00e9 voltado a profissionais de sa\u00fade e estudantes interessados em aprofundar conhecimentos e ter\u00e9 como tema &#8220;O Manejo das doen\u00e7as respirat\u00f3rias na inf\u00e2ncia, desde a aten\u00e7\u00e3o prim\u00e1ria at\u00e9 os casos de alta complexidade&#8221;.<\/p>\n<p>O evento ser\u00e1 realizado no anfiteatro do HMJCF (Rua Saigiro Nakamura, 800, Vila Industrial), a partir das 8h, e contar\u00e1 com palestras, rodas de conversa e discuss\u00f5es multidisciplinares ao longo de todo o dia.<\/p>\n<p>As inscri\u00e7\u00f5es s\u00e3o gratuitas e j\u00e1 est\u00e3o abertas, com limite de 70 vagas preenchidas por ordem de cadastro, por meio deste <a rel=\"noopener nofollow\" href=\"https:\/\/forms.office.com\/pages\/responsepage.aspx?id=i-XNIdmBA0ex5GEJObgvGUAwOpRuHx5DldcYpdjZ6RpUNjg1STNRM0xQQzlMQVNKSTRFV0dBVFozRy4u&amp;route=shorturl\" target=\"_blank\" data-anchor=\"?id=i-XNIdmBA0ex5GEJObgvGUAwOpRuHx5DldcYpdjZ6RpUNjg1STNRM0xQQzlMQVNKSTRFV0dBVFozRy4u&amp;route=shorturl\">link<\/a>.<\/p>\n<p>O simp\u00f3sio tem como objetivo promover a atualiza\u00e7\u00e3o profissional, fortalecer protocolos assistenciais e estimular a integra\u00e7\u00e3o multiprofissional, oferecendo uma vis\u00e3o ampla e pr\u00e1tica sobre o diagn\u00f3stico, preven\u00e7\u00e3o, interven\u00e7\u00e3o e reabilita\u00e7\u00e3o das doen\u00e7as respirat\u00f3rias pedi\u00e1tricas.<\/p>\n<p>Programa\u00e7\u00e3o\u00a0<\/p>\n<p><strong>8h \u2013 Cadastro e abertura<\/strong><br \/>Recep\u00e7\u00e3o e boas-vindas pela equipe organizadora, com participa\u00e7\u00e3o da Dra. Carolina Scarpa.<\/p>\n<p><strong>9h \u2013 Palestra:<\/strong><br \/>Doen\u00e7as respirat\u00f3rias na pediatria \u2013 incid\u00eancia e sazonalidade<br \/>Palestrante: Dra. Mariana Yamada \u2013 Pediatra e Infectologista.<\/p>\n<p><strong>9h40 \u2013 Palestra:<\/strong><br \/>O papel da aten\u00e7\u00e3o b\u00e1sica na preven\u00e7\u00e3o das doen\u00e7as respirat\u00f3rias<br \/>Palestrante: Enf. David Ribeiro \u2013 Enfermeiro Cl\u00ednico do HMJCF.<\/p>\n<p><strong>10h30 \u2013 Roda de Conversa:<\/strong><br \/>O manejo das doen\u00e7as respirat\u00f3rias durante o processo de interna\u00e7\u00e3o<br \/>Participantes:<br \/>* Dr. Gerval<br \/>* Enf. Luciana<br \/>* Fisioterapeuta Monique<br \/>* Fonoaudi\u00f3loga Larissa<br \/>* Enf. Ingrid<br \/>Media\u00e7\u00e3o: Dr. Caio Marson<\/p>\n<p><strong>11h \u2013 Palestra:<\/strong><br \/>Emerg\u00eancias respirat\u00f3rias: como identificar os sinais de alerta<br \/>Palestrante: Dr. Lucas Salgado \u2013 Pediatra.<\/p>\n<p><strong>13h30 \u2013 Palestra:<\/strong><br \/>Da emerg\u00eancia respirat\u00f3ria \u00e0 estabiliza\u00e7\u00e3o cl\u00ednica na UTI<br \/>Sob a \u00f3tica dos cuidados intensivos<br \/>Palestrante: Dra. Yasmin Cury \u2013 M\u00e9dica da UTI Pedi\u00e1trica HMJCF.<\/p>\n<p><strong>14h30 \u2013 Roda de Conversa:<\/strong><br \/>A import\u00e2ncia da equipe multiprofissional na reabilita\u00e7\u00e3o dos pacientes respirat\u00f3rios<br \/>Participantes:<br \/>* Fisioterapeuta Sabrina<br \/>* Psic\u00f3loga Eduarda<br \/>* Dra. Carolina<br \/>* Nutri. Isabela<br \/>Media\u00e7\u00e3o: Enf. Vatusi<\/p>\n<p><strong>15h30 \u2013 Palestra:<\/strong><br \/>Vacinas importam \u2013 uma abordagem do N\u00facleo de Vigil\u00e2ncia Epidemiol\u00f3gica do HMJCF<br \/>Palestrantes: Enfermeiras Clarice e M\u00e1rcia<\/p>\n<p><strong>16h \u2013 Encerramento<\/strong><\/p>\n<p>&#13;<br \/>\n                    <strong>MAIS NOT\u00cdCIAS<\/strong><br \/>&#13;<br \/>\n                    <a href=\"https:\/\/www.sjc.sp.gov.br\/noticias\/?tema=13\" rel=\"nofollow noopener\" target=\"_blank\">Sa\u00fade<\/a>&#13;\n                <\/p>\n","protected":false},"excerpt":{"rendered":"&#13; Nei Jos\u00e9 Sant&#8217;Anna&#13; Sa\u00fade&#13; O Hospital Municipal Dr. Jos\u00e9 de Carvalho Florence, unidade da Prefeitura de S\u00e3o&hellip;\n","protected":false},"author":2,"featured_media":181613,"comment_status":"","ping_status":"","sticky":false,"template":"","format":"standard","meta":{"footnotes":""},"categories":[86],"tags":[1300,116,3048,32,3046,33,3049,117,3047],"class_list":{"0":"post-181612","1":"post","2":"type-post","3":"status-publish","4":"format-standard","5":"has-post-thumbnail","7":"category-saude","8":"tag-cidade","9":"tag-health","10":"tag-online","11":"tag-portugal","12":"tag-prefeitura","13":"tag-pt","14":"tag-so-jos-dos-campos","15":"tag-saude","16":"tag-servios"},"share_on_mastodon":{"url":"https:\/\/pubeurope.com\/@pt\/115690462442784066","error":""},"_links":{"self":[{"href":"https:\/\/www.europesays.com\/pt\/wp-json\/wp\/v2\/posts\/181612","targetHints":{"allow":["GET"]}}],"collection":[{"href":"https:\/\/www.europesays.com\/pt\/wp-json\/wp\/v2\/posts"}],"about":[{"href":"https:\/\/www.europesays.com\/pt\/wp-json\/wp\/v2\/types\/post"}],"author":[{"embeddable":true,"href":"https:\/\/www.europesays.com\/pt\/wp-json\/wp\/v2\/users\/2"}],"replies":[{"embeddable":true,"href":"https:\/\/www.europesays.com\/pt\/wp-json\/wp\/v2\/comments?post=181612"}],"version-history":[{"count":0,"href":"https:\/\/www.europesays.com\/pt\/wp-json\/wp\/v2\/posts\/181612\/revisions"}],"wp:featuredmedia":[{"embeddable":true,"href":"https:\/\/www.europesays.com\/pt\/wp-json\/wp\/v2\/media\/181613"}],"wp:attachment":[{"href":"https:\/\/www.europesays.com\/pt\/wp-json\/wp\/v2\/media?parent=181612"}],"wp:term":[{"taxonomy":"category","embeddable":true,"href":"https:\/\/www.europesays.com\/pt\/wp-json\/wp\/v2\/categories?post=181612"},{"taxonomy":"post_tag","embeddable":true,"href":"https:\/\/www.europesays.com\/pt\/wp-json\/wp\/v2\/tags?post=181612"}],"curies":[{"name":"wp","href":"https:\/\/api.w.org\/{rel}","templated":true}]}}