{"id":181618,"date":"2025-12-09T16:09:15","date_gmt":"2025-12-09T16:09:15","guid":{"rendered":"https:\/\/www.europesays.com\/pt\/181618\/"},"modified":"2025-12-09T16:09:15","modified_gmt":"2025-12-09T16:09:15","slug":"homem-agrediu-e-violou-mulher-a-frente-dos-filhos-durante-anos-em-oeiras","status":"publish","type":"post","link":"https:\/\/www.europesays.com\/pt\/181618\/","title":{"rendered":"Homem agrediu e violou mulher \u00e0 frente dos filhos durante anos em Oeiras"},"content":{"rendered":"<p>Um homem de 50 anos foi detido, em Oeiras, por agredir e violar a companheira \u00e0 frente dos filhos, durante anos, revelou a Pol\u00edcia de Seguran\u00e7a P\u00fablica (PSP) num comunicado enviado esta ter\u00e7a-feira, 9 de dezembro, ao Not\u00edcias ao Minuto.<\/p>\n<p>De acordo com esta autoridade,\u00a0 o suspeito foi detido no dia 4 de dezembro, na freguesia de Porto Salvo.<\/p>\n<p>O homem \u00e9 suspeito n\u00e3o do crime de viol\u00eancia dom\u00e9stica, como de viola\u00e7\u00e3o agravada.<\/p>\n<p>A investiga\u00e7\u00e3o apurou que os factos persistiam &#8220;h\u00e1 v\u00e1rios anos, tendo como v\u00edtimas a companheira e os filhos menores do arguido&#8221;.<\/p>\n<p>As dilig\u00eancias realizadas permitiram confirmar que, por diversas vezes, &#8220;o homem for\u00e7ou a companheira a manter rela\u00e7\u00f5es sexuais contra a sua vontade, amea\u00e7ando matar os filhos caso esta recusasse&#8221;-<\/p>\n<p>Segundo a PSP, foi ainda poss\u00edvel perceber que &#8220;algumas destas viola\u00e7\u00f5es ocorreram na presen\u00e7a das crian\u00e7as, aumentando a gravidade dos factos&#8221;.<\/p>\n<p>Al\u00e9m de agredir e violar a mulher, o suspeito tinha &#8220;controlo permanente&#8221; sobre mesma, &#8220;monitorizando contas banc\u00e1rias, redes sociais e o telem\u00f3vel&#8221;.<\/p>\n<p>No decurso de discuss\u00f5es, contou a PSP no mesmo comunicado, &#8220;expulsava a companheira da resid\u00eancia, impedindo-a de regressar durante per\u00edodos prolongados&#8221;, um comportamento que era acompanhado de amea\u00e7as e agress\u00f5es f\u00edsicas frequentes, que criavam um ambiente de &#8220;medo constante e grande desgaste emocional&#8221;.<\/p>\n<p>O detido j\u00e1 foi, entretanto, presente \u00e0 Autoridade Judici\u00e1ria competente para primeiro interrogat\u00f3rio judicial, tendo-lhe sido aplicada a medida de coa\u00e7\u00e3o depris\u00e3o preventiva.<\/p>\n<p>Leia Tamb\u00e9m: <a href=\"https:\/\/www.noticiasaominuto.com\/pais\/2900869\/esmurra-psp-que-o-instou-a-parar-de-perturbar-pessoas-na-gare-do-oriente\" target=\"_blank\" rel=\"noopener noreferrer nofollow\">Esmurra PSP que o instou a parar de perturbar pessoas na Gare do Oriente<\/a><\/p>\n","protected":false},"excerpt":{"rendered":"Um homem de 50 anos foi detido, em Oeiras, por agredir e violar a companheira \u00e0 frente dos&hellip;\n","protected":false},"author":2,"featured_media":181619,"comment_status":"","ping_status":"","sticky":false,"template":"","format":"standard","meta":{"footnotes":""},"categories":[10],"tags":[27,28,15,16,14,25,26,21,22,12,13,19,20,32,23,24,33,17,18,29,30,31],"class_list":{"0":"post-181618","1":"post","2":"type-post","3":"status-publish","4":"format-standard","5":"has-post-thumbnail","7":"category-portugal","8":"tag-breaking-news","9":"tag-breakingnews","10":"tag-featured-news","11":"tag-featurednews","12":"tag-headlines","13":"tag-latest-news","14":"tag-latestnews","15":"tag-main-news","16":"tag-mainnews","17":"tag-news","18":"tag-noticias","19":"tag-noticias-principais","20":"tag-noticiasprincipais","21":"tag-portugal","22":"tag-principais-noticias","23":"tag-principaisnoticias","24":"tag-pt","25":"tag-top-stories","26":"tag-topstories","27":"tag-ultimas","28":"tag-ultimas-noticias","29":"tag-ultimasnoticias"},"share_on_mastodon":{"url":"https:\/\/pubeurope.com\/@pt\/115690482112764757","error":""},"_links":{"self":[{"href":"https:\/\/www.europesays.com\/pt\/wp-json\/wp\/v2\/posts\/181618","targetHints":{"allow":["GET"]}}],"collection":[{"href":"https:\/\/www.europesays.com\/pt\/wp-json\/wp\/v2\/posts"}],"about":[{"href":"https:\/\/www.europesays.com\/pt\/wp-json\/wp\/v2\/types\/post"}],"author":[{"embeddable":true,"href":"https:\/\/www.europesays.com\/pt\/wp-json\/wp\/v2\/users\/2"}],"replies":[{"embeddable":true,"href":"https:\/\/www.europesays.com\/pt\/wp-json\/wp\/v2\/comments?post=181618"}],"version-history":[{"count":0,"href":"https:\/\/www.europesays.com\/pt\/wp-json\/wp\/v2\/posts\/181618\/revisions"}],"wp:featuredmedia":[{"embeddable":true,"href":"https:\/\/www.europesays.com\/pt\/wp-json\/wp\/v2\/media\/181619"}],"wp:attachment":[{"href":"https:\/\/www.europesays.com\/pt\/wp-json\/wp\/v2\/media?parent=181618"}],"wp:term":[{"taxonomy":"category","embeddable":true,"href":"https:\/\/www.europesays.com\/pt\/wp-json\/wp\/v2\/categories?post=181618"},{"taxonomy":"post_tag","embeddable":true,"href":"https:\/\/www.europesays.com\/pt\/wp-json\/wp\/v2\/tags?post=181618"}],"curies":[{"name":"wp","href":"https:\/\/api.w.org\/{rel}","templated":true}]}}