{"id":181624,"date":"2025-12-09T16:16:33","date_gmt":"2025-12-09T16:16:33","guid":{"rendered":"https:\/\/www.europesays.com\/pt\/181624\/"},"modified":"2025-12-09T16:16:33","modified_gmt":"2025-12-09T16:16:33","slug":"justica-artificial-sci-fi-com-chris-pratt-ganha-novo-trailer","status":"publish","type":"post","link":"https:\/\/www.europesays.com\/pt\/181624\/","title":{"rendered":"Justi\u00e7a Artificial | Sci-fi com Chris Pratt ganha novo trailer"},"content":{"rendered":"<p><strong>Justi\u00e7a Artificial<\/strong>, Sci-fi que traz <strong>Chris Pratt\u00a0<\/strong>enfrentando Intelig\u00eancias Artificiais, acaba de ganhar um novo trailer. Veja acima!<\/p>\n<p>O longa ser\u00e1 ambientado em um futuro dist\u00f3pico onde a sociedade foi dominada pelo crime. Pratt interpretar\u00e1 um detetive acusado de um crime e que precisar\u00e1 provar sua inoc\u00eancia, enquanto Ferguson interpreta uma intelig\u00eancia artificial que, supostamente, pode determinar corretamente o veredito de diferentes julgamentos.<\/p>\n<p>            Continua depois da Publicidade<\/p>\n<p>Em 90 minutos, o personagem de Pratt precisa provar sua inoc\u00eancia ou ele ser\u00e1 executado.<\/p>\n<p>Justi\u00e7a Artificial ter\u00e1 dire\u00e7\u00e3o de\u00a0<strong>Timur Bekmambetov<\/strong>\u00a0(O Procurado). Juntamente a Timur,\u00a0<strong>Marco van Belle<\/strong>\u00a0(Arthur &amp; Merlin) integra a equipe, sendo respons\u00e1vel pelo roteiro.\u00a0<strong>Rebecca Ferguson<\/strong>\u00a0tamb\u00e9m est\u00e1 no elenco.<\/p>\n<p>O filme chega aos cinemas em 22 de janeiro no Brasil. Como o filme \u00e9 produzido pela\u00a0<strong>Amazon MGM Studios<\/strong>, a distribui\u00e7\u00e3o no Brasil fica por conta da\u00a0<strong>Sony Pictures<\/strong>.<\/p>\n","protected":false},"excerpt":{"rendered":"Justi\u00e7a Artificial, Sci-fi que traz Chris Pratt\u00a0enfrentando Intelig\u00eancias Artificiais, acaba de ganhar um novo trailer. Veja acima! O&hellip;\n","protected":false},"author":2,"featured_media":181625,"comment_status":"","ping_status":"","sticky":false,"template":"","format":"standard","meta":{"footnotes":""},"categories":[140],"tags":[114,115,147,148,146,32,33],"class_list":{"0":"post-181624","1":"post","2":"type-post","3":"status-publish","4":"format-standard","5":"has-post-thumbnail","7":"category-filmes","8":"tag-entertainment","9":"tag-entretenimento","10":"tag-film","11":"tag-filmes","12":"tag-movies","13":"tag-portugal","14":"tag-pt"},"share_on_mastodon":{"url":"https:\/\/pubeurope.com\/@pt\/115690510158320707","error":""},"_links":{"self":[{"href":"https:\/\/www.europesays.com\/pt\/wp-json\/wp\/v2\/posts\/181624","targetHints":{"allow":["GET"]}}],"collection":[{"href":"https:\/\/www.europesays.com\/pt\/wp-json\/wp\/v2\/posts"}],"about":[{"href":"https:\/\/www.europesays.com\/pt\/wp-json\/wp\/v2\/types\/post"}],"author":[{"embeddable":true,"href":"https:\/\/www.europesays.com\/pt\/wp-json\/wp\/v2\/users\/2"}],"replies":[{"embeddable":true,"href":"https:\/\/www.europesays.com\/pt\/wp-json\/wp\/v2\/comments?post=181624"}],"version-history":[{"count":0,"href":"https:\/\/www.europesays.com\/pt\/wp-json\/wp\/v2\/posts\/181624\/revisions"}],"wp:featuredmedia":[{"embeddable":true,"href":"https:\/\/www.europesays.com\/pt\/wp-json\/wp\/v2\/media\/181625"}],"wp:attachment":[{"href":"https:\/\/www.europesays.com\/pt\/wp-json\/wp\/v2\/media?parent=181624"}],"wp:term":[{"taxonomy":"category","embeddable":true,"href":"https:\/\/www.europesays.com\/pt\/wp-json\/wp\/v2\/categories?post=181624"},{"taxonomy":"post_tag","embeddable":true,"href":"https:\/\/www.europesays.com\/pt\/wp-json\/wp\/v2\/tags?post=181624"}],"curies":[{"name":"wp","href":"https:\/\/api.w.org\/{rel}","templated":true}]}}