{"id":181634,"date":"2025-12-09T16:23:16","date_gmt":"2025-12-09T16:23:16","guid":{"rendered":"https:\/\/www.europesays.com\/pt\/181634\/"},"modified":"2025-12-09T16:23:16","modified_gmt":"2025-12-09T16:23:16","slug":"apos-reunioes-com-aliados-zelensky-apresenta-contraproposta-aos-eua-diario-de-noticias","status":"publish","type":"post","link":"https:\/\/www.europesays.com\/pt\/181634\/","title":{"rendered":"Ap\u00f3s reuni\u00f5es com aliados, Zelensky apresenta contraproposta aos EUA &#8211; Di\u00e1rio de Not\u00edcias"},"content":{"rendered":"<ol>\n<li><a href=\"https:\/\/news.google.com\/rss\/articles\/CBMingFBVV95cUxPWldNbVU0WHVDYUZKZUx3RE5sZnNNckw4M25ZSk1ycTAyNG1oQ1lZUHpQcWxiOEI5UDNjX0lRajZ5NDFXam9zcWhmUWh3QkYyQldOWE12bjB1a2NUTEJQbzZrVGZ4ZlRRODBzeE1UX1VNb09vbjB5R3MzcHFFU1ktT2ZNZ2Y1Z05LcmRqbVN2NTZRcjRSZ1R3Sk1wX180dw?oc=5\" target=\"_blank\" rel=\"nofollow noopener\">Ap\u00f3s reuni\u00f5es com aliados, Zelensky apresenta contraproposta aos EUA<\/a>&nbsp;&nbsp;Di\u00e1rio de Not\u00edcias<\/li>\n<li><a href=\"https:\/\/news.google.com\/rss\/articles\/CBMihAJBVV95cUxNU3R2bTFJdmRaZDVWSWZVd0dnWTV2VU93ajhjc3FvOW91VUZLSDFBSTZxNUI2Y1lkaWNZNXBvNHg5S0JvSC1wWWptUjJLdjJlV2VYUFlMclJPaFl0aC0teEJYSmdkZXFIUGFKRWpOZHY4c2F5SzBXUExvWlpzVWtrc2o3UlhXUmhJMy1SSXdIb3phc1drb0ZIR0hzaFBabUpVdndmSl84ekZBLXhuUUFmU3hwV1l6eWIwWmVSZkVZX0pGMDlJRkdCVmI1WmFoTDQtVnJjMUNyQkpTd1JpVmIySmNSRUlOZ0x4ZnJrSlZ2dWVtU1lYcWhPbS1Ia19ydWJQMXYwNNIBkwJBVV95cUxQcUQ0Vy10NDFYM29lbTh6ZTlRck1tZGxyZWpEQlBZb2VkT3RTeDZ0c0NrTC1tdldRV3pQQW02RmJGbExuNVY5ZGdRODJfd3pBa2pZb1A0NGVoOG02Ukt6b2xIcThpUHc4b1pmWmFnZ1lQNV9Fb1N3b0NBQVlaWXpwblh5VjZCaG5jU2dXdGZGQ0t4QXVjSnIzbDNBTUdOdzJJSXRROWc5bTV0N19fZmNScW5NNkp4cDJvTzZGS2lhSUt0Wk1OdHZySzNyZ1VMa1Z1RElzTmxjazdGSUFkN2VEdEY1SE9EN0ZkV1NQVUdnRVI5aXZzX0JONUFkamhHUG0wYVNWZWZPa0JlNzBRM0RrTmVncw?oc=5\" target=\"_blank\" rel=\"nofollow noopener\">Zelensky reafirma rejei\u00e7\u00e3o \u00e0 cess\u00e3o territorial em troca de paz com a R\u00fassia; plano revisado ser\u00e1 entregue aos EUA hoje<\/a>&nbsp;&nbsp;O Globo<\/li>\n<li><a href=\"https:\/\/news.google.com\/rss\/articles\/CBMipwFBVV95cUxNQV9tQ2R0SF8yTno0TEVvTXJsY2xBQnNnRnFfcGJfaDV3MkRWWjJiVW11R3g4QlBPc0JLLWdIWEdyeUR5VWtBbkZ5emVSRXFFcUp1czl6Yko5MnNHX3dBZXk3TjcyUGFBeTFKTU9SUm8tZVRRYTUzVHBTUlFoNF9yTmY3Ni1TcWdCcmZ5NGphdEZmYmstUTNzVG1WZ1NYR1JtcUxhTzk0dw?oc=5\" target=\"_blank\" rel=\"nofollow noopener\">Ucr\u00e2nia se recusar\u00e1 a ceder territ\u00f3rio \u00e0 R\u00fassia, diz Zelensky<\/a>&nbsp;&nbsp;CNN Brasil<\/li>\n<li><a href=\"https:\/\/news.google.com\/rss\/articles\/CBMimwFBVV95cUxQNVl6eFE4bUwwcGVGcHN1TG0wamgwM19QZjFmVnkzcHo4Xzd2TGxyRGJCSEdqTlQyM1dzREk4WkFHYTRvMXBGVzBRNkRJNmRCVFRRUmJMM2gzR0EwcUNBaDRkX2MwT3NLM2lTM3Z0OFBkZk8wemN2TlFOMjJSeHo4UEJkQk5LSll2UF9TaWJ1ajB3SHhTWU5sQmJDdw?oc=5\" target=\"_blank\" rel=\"nofollow noopener\">Ucr\u00e2nia vai apresentar vers\u00e3o revisada de plano de paz aos EUA<\/a>&nbsp;&nbsp;VEJA<\/li>\n<li><a href=\"https:\/\/news.google.com\/rss\/articles\/CBMi_wFBVV95cUxNZ3c2b1F0c0U1ZkJ0TkRyeEQydVlYRFh2eklWS2dnWDUxVnE1TmxId1I0QlhKNnBWcl9VSUNCajExb2JQaU1HenlKUzhPczdvTEJnMEVQWUxTUEVkUHE2MVFSb0dqRHA3QmZXZ3VabFduYnpKNVVtU3Q2bGQ2WEM1TExXMEk3QWZkVWdNRDAxajM4UGI2Q1VUXzNZa3h5OHFudXBFSUROSGZpQzhvMHRDQkZWdE8tTHE2aG9QYXcxYzZ0NVZuMXVfd1NZcXNvc2FGZGxIOFdKa0JjUUw0TC0zN1VTWW13THM0OXFtaDdMYVloYlktVklsQkFBeHNBYkE?oc=5\" target=\"_blank\" rel=\"nofollow noopener\">Cess\u00e3o de Donbas \u00e0 R\u00fassia \u00e9 &#8216;quest\u00e3o mais problem\u00e1tica&#8217; para acordo de guerra<\/a>&nbsp;&nbsp;UOL Not\u00edcias<\/li>\n<\/ol>\n","protected":false},"excerpt":{"rendered":"Ap\u00f3s reuni\u00f5es com aliados, Zelensky apresenta contraproposta aos EUA&nbsp;&nbsp;Di\u00e1rio de Not\u00edcias Zelensky reafirma rejei\u00e7\u00e3o \u00e0 cess\u00e3o territorial em&hellip;\n","protected":false},"author":2,"featured_media":181635,"comment_status":"","ping_status":"","sticky":false,"template":"","format":"standard","meta":{"footnotes":""},"categories":[50],"tags":[6953,27,28,306,15,16,8307,889,14,25,26,21,22,62,2967,12,13,19,20,23,24,17,18,29,30,31,2416,63,64,65],"class_list":{"0":"post-181634","1":"post","2":"type-post","3":"status-publish","4":"format-standard","5":"has-post-thumbnail","7":"category-mundo","8":"tag-antonio-costa","9":"tag-breaking-news","10":"tag-breakingnews","11":"tag-edicao-impressa","12":"tag-featured-news","13":"tag-featurednews","14":"tag-friedrich-merz","15":"tag-guerra-na-ucrania","16":"tag-headlines","17":"tag-latest-news","18":"tag-latestnews","19":"tag-main-news","20":"tag-mainnews","21":"tag-mundo","22":"tag-negociacoes","23":"tag-news","24":"tag-noticias","25":"tag-noticias-principais","26":"tag-noticiasprincipais","27":"tag-principais-noticias","28":"tag-principaisnoticias","29":"tag-top-stories","30":"tag-topstories","31":"tag-ultimas","32":"tag-ultimas-noticias","33":"tag-ultimasnoticias","34":"tag-volodymyr-zelensky","35":"tag-world","36":"tag-world-news","37":"tag-worldnews"},"share_on_mastodon":{"url":"","error":"Validation failed: Text character limit of 500 exceeded"},"_links":{"self":[{"href":"https:\/\/www.europesays.com\/pt\/wp-json\/wp\/v2\/posts\/181634","targetHints":{"allow":["GET"]}}],"collection":[{"href":"https:\/\/www.europesays.com\/pt\/wp-json\/wp\/v2\/posts"}],"about":[{"href":"https:\/\/www.europesays.com\/pt\/wp-json\/wp\/v2\/types\/post"}],"author":[{"embeddable":true,"href":"https:\/\/www.europesays.com\/pt\/wp-json\/wp\/v2\/users\/2"}],"replies":[{"embeddable":true,"href":"https:\/\/www.europesays.com\/pt\/wp-json\/wp\/v2\/comments?post=181634"}],"version-history":[{"count":0,"href":"https:\/\/www.europesays.com\/pt\/wp-json\/wp\/v2\/posts\/181634\/revisions"}],"wp:featuredmedia":[{"embeddable":true,"href":"https:\/\/www.europesays.com\/pt\/wp-json\/wp\/v2\/media\/181635"}],"wp:attachment":[{"href":"https:\/\/www.europesays.com\/pt\/wp-json\/wp\/v2\/media?parent=181634"}],"wp:term":[{"taxonomy":"category","embeddable":true,"href":"https:\/\/www.europesays.com\/pt\/wp-json\/wp\/v2\/categories?post=181634"},{"taxonomy":"post_tag","embeddable":true,"href":"https:\/\/www.europesays.com\/pt\/wp-json\/wp\/v2\/tags?post=181634"}],"curies":[{"name":"wp","href":"https:\/\/api.w.org\/{rel}","templated":true}]}}