{"id":181636,"date":"2025-12-09T16:24:40","date_gmt":"2025-12-09T16:24:40","guid":{"rendered":"https:\/\/www.europesays.com\/pt\/181636\/"},"modified":"2025-12-09T16:24:40","modified_gmt":"2025-12-09T16:24:40","slug":"o-ano-do-apagao-que-deixou-cerca-de-60-milhoes-de-pessoas-as-escuras","status":"publish","type":"post","link":"https:\/\/www.europesays.com\/pt\/181636\/","title":{"rendered":"O ano do apag\u00e3o que deixou cerca de 60 milh\u00f5es de pessoas \u00e0s escuras"},"content":{"rendered":"<p>        O Governo criou um grupo de trabalho para acompanhar o apag\u00e3o e, inicialmente, ainda com pouca informa\u00e7\u00e3o dispon\u00edvel, apontou para um problema na rede de transporte de eletricidade em Espanha, cuja raz\u00e3o era ainda desconhecida.    <\/p>\n<p>Um grupo de pessoas aguarda o restabelecimento da luz no Bairro da Liberdade, devido ao apag\u00e3o que afeta Portugal de Norte a Sul e outros pa\u00edses europeus, em Lisboa, 28 de abril de 2025. O Governo criou um grupo de trabalho para acompanhar o apag\u00e3o que afeta Portugal de Norte a Sul e outros pa\u00edses europeus e aponta que o problema \u201cter\u00e1 tido origem\u201d fora de Portugal. ANT\u00d3NIO PEDRO SANTOS\/LUSA<\/p>\n<p>O ano de 2025 fica marcado pelo corte no abastecimento el\u00e9trico que deixou a Pen\u00ednsula Ib\u00e9rica e parte do territ\u00f3rio franc\u00eas sem eletricidade durante mais de dez horas, em 28 de abril, afetando cerca de 60 milh\u00f5es de pessoas.<\/p>\n<p class=\"text-paragraph\">Pelas 11:30 em Lisboa, um corte generalizado de eletricidade afetou o territ\u00f3rio continental, com a E-Redes a comunicar a reposi\u00e7\u00e3o total e normaliza\u00e7\u00e3o do servi\u00e7o de distribui\u00e7\u00e3o de eletricidade nas primeiras horas do dia seguinte.<\/p>\n<p class=\"text-paragraph\">O Governo criou um grupo de trabalho para acompanhar o apag\u00e3o e, inicialmente, ainda com pouca informa\u00e7\u00e3o dispon\u00edvel, apontou para um problema na rede de transporte de eletricidade em Espanha, cuja raz\u00e3o era ainda desconhecida.<\/p>\n<p class=\"text-paragraph\">Tamb\u00e9m \u00e0s primeiras horas do incidente, o ministro Adjunto e da Coes\u00e3o Territorial, Manuel Castro Almeida, admitiu a possibilidade de o apag\u00e3o se dever a um ciberataque, embora fosse \u201cinforma\u00e7\u00e3o n\u00e3o confirmada\u201d.<\/p>\n<p class=\"text-paragraph\">Pelas 15:00, e depois de divulgadas v\u00e1rias not\u00edcias falsas sobre as causas do incidente, o primeiro-ministro, Lu\u00eds Montenegro, afirmou que tudo apontava para que a origem da falha de energia estivesse na interconex\u00e3o com Espanha, n\u00e3o existindo quaisquer indica\u00e7\u00f5es de ciberataque. Aquela hip\u00f3tese tinha sido tamb\u00e9m descartada pelo Centro Nacional de Ciberseguran\u00e7a.<\/p>\n<p class=\"text-paragraph\">Na sequ\u00eancia do apag\u00e3o, v\u00e1rios servi\u00e7os essenciais conseguiram manter-se em funcionamento com recurso a geradores, como os sistemas telef\u00f3nico e inform\u00e1tico do Instituto Nacional de Emerg\u00eancia M\u00e9dica (INEM) e hospitais.<\/p>\n<p class=\"text-paragraph\">Naquela noite, o primeiro-ministro admitiu que o mais dif\u00edcil de gerir foi o abastecimento de energia aos hospitais, assegurando que n\u00e3o se tinha registado \u201cnenhuma situa\u00e7\u00e3o limite\u201d.<\/p>\n<p class=\"text-paragraph\">Dois dias depois, Manuel Castro Almeida disse que a Maternidade Alfredo da Costa (MAC), em Lisboa, s\u00f3 tinha combust\u00edvel destinado aos geradores para uma hora e indicou que os motoristas dos ministros chegaram a comprar e levar combust\u00edvel at\u00e9 \u00e0 MAC, solu\u00e7\u00e3o que acabou por n\u00e3o ser necess\u00e1ria.<\/p>\n<p class=\"text-paragraph\">Centenas de voos cancelados, congestionamento nos transportes e no tr\u00e2nsito nas grandes cidades e falta de combust\u00edveis foram algumas das consequ\u00eancias do corte de energia.<\/p>\n<p class=\"text-paragraph\">O grupo de peritos da Rede Europeia de Operadores de Transporte de Eletricidade (ENTSO-E) apontou como causa mais prov\u00e1vel um aumento de tens\u00e3o em cascata \u2014 observado no sul de Espanha na fase final do incidente \u2014 seguido de desligamentos s\u00fabitos de produ\u00e7\u00e3o, sobretudo renov\u00e1vel, que conduziram \u00e0 separa\u00e7\u00e3o el\u00e9trica da Pen\u00ednsula Ib\u00e9rica em rela\u00e7\u00e3o ao sistema continental, com perda de sincronismo e colapso da frequ\u00eancia e tens\u00e3o.<\/p>\n<p class=\"text-paragraph\">O relat\u00f3rio final sobre o apag\u00e3o el\u00e9trico ser\u00e1 publicado no primeiro trimestre de 2026.<\/p>\n<p class=\"text-paragraph\">A Comiss\u00e3o Europeia classificou este apag\u00e3o como o \u201cmais severo\u201d dos \u00faltimos 20 anos na Europa e prometeu uma \u201cinvestiga\u00e7\u00e3o minuciosa\u201d para apurar as causas.<\/p>\n<p class=\"text-paragraph\">At\u00e9 ent\u00e3o, o mais grave incidente deste tipo tinha ocorrido em 28 de setembro de 2003, afetando quase 56 milh\u00f5es de pessoas em It\u00e1lia.<\/p>\n<p class=\"text-paragraph\">Tr\u00eas anos depois, em 05 de novembro de 2006, cerca de 15 milh\u00f5es de pessoas ficaram sem eletricidade nas zonas sul e central da Europa, devido a um apag\u00e3o que afetou v\u00e1rios pa\u00edses (Alemanha, Fran\u00e7a, It\u00e1lia, Espanha, Portugal, B\u00e9lgica, \u00c1ustria e Cro\u00e1cia) e teve uma dura\u00e7\u00e3o que oscilou entre 30 minutos e algumas horas.<\/p>\n<p class=\"text-paragraph\">Em Portugal, em 09 de maio de 2000, uma cegonha deixou a metade sul do pa\u00eds \u00e0s escuras, incluindo Lisboa, durante duas horas, na sequ\u00eancia do embate contra uma linha de alta tens\u00e3o em Lavos, na Figueira da Foz (distrito de Coimbra).<\/p>\n","protected":false},"excerpt":{"rendered":"O Governo criou um grupo de trabalho para acompanhar o apag\u00e3o e, inicialmente, ainda com pouca informa\u00e7\u00e3o dispon\u00edvel,&hellip;\n","protected":false},"author":2,"featured_media":181637,"comment_status":"","ping_status":"","sticky":false,"template":"","format":"standard","meta":{"footnotes":""},"categories":[10],"tags":[2877,27,28,37135,15,16,14,25,26,21,22,12,13,19,20,32,23,24,33,17,18,29,30,31],"class_list":{"0":"post-181636","1":"post","2":"type-post","3":"status-publish","4":"format-standard","5":"has-post-thumbnail","7":"category-portugal","8":"tag-apagao","9":"tag-breaking-news","10":"tag-breakingnews","11":"tag-escuras","12":"tag-featured-news","13":"tag-featurednews","14":"tag-headlines","15":"tag-latest-news","16":"tag-latestnews","17":"tag-main-news","18":"tag-mainnews","19":"tag-news","20":"tag-noticias","21":"tag-noticias-principais","22":"tag-noticiasprincipais","23":"tag-portugal","24":"tag-principais-noticias","25":"tag-principaisnoticias","26":"tag-pt","27":"tag-top-stories","28":"tag-topstories","29":"tag-ultimas","30":"tag-ultimas-noticias","31":"tag-ultimasnoticias"},"share_on_mastodon":{"url":"https:\/\/pubeurope.com\/@pt\/115690541046227664","error":""},"_links":{"self":[{"href":"https:\/\/www.europesays.com\/pt\/wp-json\/wp\/v2\/posts\/181636","targetHints":{"allow":["GET"]}}],"collection":[{"href":"https:\/\/www.europesays.com\/pt\/wp-json\/wp\/v2\/posts"}],"about":[{"href":"https:\/\/www.europesays.com\/pt\/wp-json\/wp\/v2\/types\/post"}],"author":[{"embeddable":true,"href":"https:\/\/www.europesays.com\/pt\/wp-json\/wp\/v2\/users\/2"}],"replies":[{"embeddable":true,"href":"https:\/\/www.europesays.com\/pt\/wp-json\/wp\/v2\/comments?post=181636"}],"version-history":[{"count":0,"href":"https:\/\/www.europesays.com\/pt\/wp-json\/wp\/v2\/posts\/181636\/revisions"}],"wp:featuredmedia":[{"embeddable":true,"href":"https:\/\/www.europesays.com\/pt\/wp-json\/wp\/v2\/media\/181637"}],"wp:attachment":[{"href":"https:\/\/www.europesays.com\/pt\/wp-json\/wp\/v2\/media?parent=181636"}],"wp:term":[{"taxonomy":"category","embeddable":true,"href":"https:\/\/www.europesays.com\/pt\/wp-json\/wp\/v2\/categories?post=181636"},{"taxonomy":"post_tag","embeddable":true,"href":"https:\/\/www.europesays.com\/pt\/wp-json\/wp\/v2\/tags?post=181636"}],"curies":[{"name":"wp","href":"https:\/\/api.w.org\/{rel}","templated":true}]}}