{"id":181650,"date":"2025-12-09T16:35:10","date_gmt":"2025-12-09T16:35:10","guid":{"rendered":"https:\/\/www.europesays.com\/pt\/181650\/"},"modified":"2025-12-09T16:35:10","modified_gmt":"2025-12-09T16:35:10","slug":"se-ha-algo-que-nao-me-identifico-e","status":"publish","type":"post","link":"https:\/\/www.europesays.com\/pt\/181650\/","title":{"rendered":"Se h\u00e1 algo que n\u00e3o me identifico \u00e9&#8230;"},"content":{"rendered":"<p>\t\t\t\t\t\t\t\t\t\t\t\t<a href=\"#\" onclick=\"window.open('http:\/\/www.facebook.com\/sharer.php?u=https:\/\/cusquices.com\/bruno-savate-retira-apoio-a-pedro-jorge-se-ha-algo-que-nao-me-identifico-e\/&amp;t=Bruno Savate retira apoio a Pedro Jorge?: \u201cSe h\u00e1 algo que n\u00e3o me identifico \u00e9\u2026\u201d', 'facebookShare', 'width=626,height=436'); return false;\" title=\"Share on Facebook\"><\/p>\n<p>Share<\/p>\n<p><\/a><br \/>\n\t\t\t\t\t\t\t\t\t\t\t\t<a href=\"#\" onclick=\"window.open('http:\/\/twitter.com\/share?text=Bruno Savate retira apoio a Pedro Jorge?: \u201cSe h\u00e1 algo que n\u00e3o me identifico \u00e9\u2026\u201d -&amp;url=https:\/\/cusquices.com\/bruno-savate-retira-apoio-a-pedro-jorge-se-ha-algo-que-nao-me-identifico-e\/', 'twitterShare', 'width=626,height=436'); return false;\" title=\"Tweet This Post\"><\/p>\n<p>Tweet<\/p>\n<p><\/a><br \/>\n\t\t\t\t\t\t\t\t\t\t\t\t<a href=\"whatsapp:\/\/send?text=Bruno Savate retira apoio a Pedro Jorge?: \u201cSe h\u00e1 algo que n\u00e3o me identifico \u00e9\u2026\u201d https:\/\/cusquices.com\/bruno-savate-retira-apoio-a-pedro-jorge-se-ha-algo-que-nao-me-identifico-e\/\" rel=\"nofollow\"><\/p>\n<p>Share<\/p>\n<p><\/a><br \/>\n\t\t\t\t\t\t\t\t\t\t\t\t<a href=\"#\" onclick=\"window.open('http:\/\/pinterest.com\/pin\/create\/button\/?url=https:\/\/cusquices.com\/bruno-savate-retira-apoio-a-pedro-jorge-se-ha-algo-que-nao-me-identifico-e\/&amp;media=https:\/\/cusquices.com\/wp-content\/uploads\/2025\/11\/savate-pedro-1000x600.jpg&amp;description=Bruno Savate retira apoio a Pedro Jorge?: \u201cSe h\u00e1 algo que n\u00e3o me identifico \u00e9\u2026\u201d', 'pinterestShare', 'width=750,height=350'); return false;\" title=\"Pin This Post\"><\/p>\n<p>Share<\/p>\n<p><\/a><br \/>\n\t\t\t\t\t\t\t\t\t\t\t\t<a href=\"mailto:?subject=Bruno Savate retira apoio a Pedro Jorge?: \u201cSe h\u00e1 algo que n\u00e3o me identifico \u00e9\u2026\u201d&amp;BODY=I found this article interesting and thought of sharing it with you. Check it out: https:\/\/cusquices.com\/bruno-savate-retira-apoio-a-pedro-jorge-se-ha-algo-que-nao-me-identifico-e\/\"><\/p>\n<p>Email<\/p>\n<p><\/a><br \/>\n\t\t\t\t\t\t\t\t\t\t\t\t\t\t\t\t\t\t\t\t\t\t\t\t\t\t\t\t\t\t\t\t\t\t\t\t\t\t\t\t\t\t\t\t\t\t\t\t\t\t\t\t\t<a href=\"https:\/\/cusquices.com\/bruno-savate-retira-apoio-a-pedro-jorge-se-ha-algo-que-nao-me-identifico-e\/#respond\" rel=\"nofollow noopener\" target=\"_blank\"><\/p>\n<p>Esta manh\u00e3, 9 de dezembro, os concorrentes do<strong> Secret Story<\/strong> fizeram mais uma din\u00e2mica proposta pela VOZ, que est\u00e1 a dar que falar, dentro e fora da casa mais vigiada do pa\u00eds. <\/p>\n<p>Pedro Jorge foi o primeiro a participar e teve que responder quem \u00e9 que gostava que sa\u00edsse j\u00e1 do program<strong>a: \u201cSe dependesse s\u00f3 de ti, quem sa\u00eda hoje do programa?\u201d.<\/strong> A resposta de Pedro Jorge surpreendeu todos: <strong>\u201cVou responder a verdade \u2013 o Leandro. Porque eu quero ganhar e se poder eliminar a meu ver os mais fortes do jogo terei sempre mais possibilidades  de o fazer\u201d<\/strong>.<\/p>\n<p>Quem n\u00e3o ficou indiferente foi <strong>Bruno Savate,<\/strong> que n\u00e3o escondeu a desilus\u00e3o com a atitude de Pedro: <strong>\u201cAqui est\u00e1 a prova de que num reality show a amizade verdadeira \u00e9 rara. J\u00e1 vivi isso na pele dentro deste tipo de programas e se h\u00e1 algo com que n\u00e3o me identifico, \u00e9 a falta de lealdade para com um amigo. Forte ou fraco, sempre quis ter os meus aliados ao meu lado at\u00e9 \u00e0 final\u201d<\/strong>. O veterano rematou identificando Leandro e refor\u00e7ou o seu apoio ao concorrente.<\/p>\n<p><img loading=\"lazy\" decoding=\"async\" width=\"582\" height=\"1024\" src=\"https:\/\/www.europesays.com\/pt\/wp-content\/uploads\/2025\/12\/savate-desiludido-582x1024.png\" alt=\"\" class=\"wp-image-100938 webpexpress-processed\"  \/><\/p>\n<p><strong>Leia tamb\u00e9m:<\/strong><\/p>\n<p>\t\t\t\t\t\t\t\t\t\t\t\t\t\t\t\t\t\t\t\t\t\t\t\t\t<img decoding=\"async\" src=\"https:\/\/www.europesays.com\/pt\/wp-content\/uploads\/2025\/10\/cusquices-logo-52x.png\" class=\"webpexpress-processed\"\/><\/p>\n<p>\t\t\t\t\t\t\t\t\t\t\t\t\t\t\t\t\t\t\t\t\t            \t\t\t\t\t\t\t\t\t\t\t\t\t\t\t\t\t\t\t\t\t\t\t\t\t\t\t\t\t\t\t\t\t\t\t\t\t\t\t<script async src=\"https:\/\/platform.twitter.com\/widgets.js\" charset=\"utf-8\"><\/script><\/p>\n","protected":false},"excerpt":{"rendered":"Share Tweet Share Share Email Esta manh\u00e3, 9 de dezembro, os concorrentes do Secret Story fizeram mais uma&hellip;\n","protected":false},"author":2,"featured_media":139709,"comment_status":"","ping_status":"","sticky":false,"template":"","format":"standard","meta":{"footnotes":""},"categories":[85],"tags":[1253,2632,49,114,115,21416,32,33],"class_list":{"0":"post-181650","1":"post","2":"type-post","3":"status-publish","4":"format-standard","5":"has-post-thumbnail","7":"category-entretenimento","8":"tag-bruno-savate","9":"tag-casa-dos-segredos","10":"tag-destaques","11":"tag-entertainment","12":"tag-entretenimento","13":"tag-pedro-jorge","14":"tag-portugal","15":"tag-pt"},"share_on_mastodon":{"url":"","error":""},"_links":{"self":[{"href":"https:\/\/www.europesays.com\/pt\/wp-json\/wp\/v2\/posts\/181650","targetHints":{"allow":["GET"]}}],"collection":[{"href":"https:\/\/www.europesays.com\/pt\/wp-json\/wp\/v2\/posts"}],"about":[{"href":"https:\/\/www.europesays.com\/pt\/wp-json\/wp\/v2\/types\/post"}],"author":[{"embeddable":true,"href":"https:\/\/www.europesays.com\/pt\/wp-json\/wp\/v2\/users\/2"}],"replies":[{"embeddable":true,"href":"https:\/\/www.europesays.com\/pt\/wp-json\/wp\/v2\/comments?post=181650"}],"version-history":[{"count":0,"href":"https:\/\/www.europesays.com\/pt\/wp-json\/wp\/v2\/posts\/181650\/revisions"}],"wp:featuredmedia":[{"embeddable":true,"href":"https:\/\/www.europesays.com\/pt\/wp-json\/wp\/v2\/media\/139709"}],"wp:attachment":[{"href":"https:\/\/www.europesays.com\/pt\/wp-json\/wp\/v2\/media?parent=181650"}],"wp:term":[{"taxonomy":"category","embeddable":true,"href":"https:\/\/www.europesays.com\/pt\/wp-json\/wp\/v2\/categories?post=181650"},{"taxonomy":"post_tag","embeddable":true,"href":"https:\/\/www.europesays.com\/pt\/wp-json\/wp\/v2\/tags?post=181650"}],"curies":[{"name":"wp","href":"https:\/\/api.w.org\/{rel}","templated":true}]}}