{"id":181654,"date":"2025-12-09T16:39:07","date_gmt":"2025-12-09T16:39:07","guid":{"rendered":"https:\/\/www.europesays.com\/pt\/181654\/"},"modified":"2025-12-09T16:39:07","modified_gmt":"2025-12-09T16:39:07","slug":"menino-de-dois-anos-morre-engasgado-com-maca-em-guimaraes","status":"publish","type":"post","link":"https:\/\/www.europesays.com\/pt\/181654\/","title":{"rendered":"Menino de dois anos morre engasgado com ma\u00e7\u00e3 em Guimar\u00e3es"},"content":{"rendered":"<p data-remotead-prev-elm=\"true\" data-remotead-elm-id=\"inread\">O epis\u00f3dio aconteceu no dia 24 de novembro, ao princ\u00edpio da noite. Os pais, que moram perto dos Bombeiros Volunt\u00e1rios das Taipas, entraram no quartel com a crian\u00e7a ao colo, em paragem cardiorrespirat\u00f3ria, por volta das 21 horas.<\/p>\n<p>&#8220;Inici\u00e1mos de imediato as manobras de reanima\u00e7\u00e3o e solicit\u00e1mos o apoio da VMER [viatura m\u00e9dica de emerg\u00eancia e reanima\u00e7\u00e3o]&#8221;, esclareceu o adjunto de comando, Jo\u00e3o Ribeiro, que tamb\u00e9m \u00e9 enfermeiro e esteve envolvido diretamente no socorro. &#8220;Conseguimos reverter a paragem e a crian\u00e7a foi transportada diretamente para o Hospital de S\u00e3o Jo\u00e3o, uma vez que em Guimar\u00e3es n\u00e3o h\u00e1 cuidados intensivos pedi\u00e1tricos&#8221;, acrescentou.<\/p>\n<p>No local, al\u00e9m dos meios dos bombeiros, esteve a VMER do Hospital Senhora da Oliveira, em Guimar\u00e3es, e a Unidade M\u00f3vel de Apoio Psicol\u00f3gico do INEM, que acompanhou os pais e os profissionais que estiveram envolvidos no socorro. &#8220;Neste caso, funcionou tudo como \u00e9 suposto. Note-se que os pais vieram diretamente ao quartel por morarem aqui ao lado e n\u00e3o por o 112 n\u00e3o ter atendido&#8221;, sublinhou o adjunto de comando.<\/p>\n<p>As cerim\u00f3nias f\u00fanebres realizam-se, esta quarta-feira, \u00e0s 10.30 horas, com missa na igreja paroquial de S\u00e3o Clemente. O corpo ser\u00e1 sepultado no cemit\u00e9rio da mesma freguesia. O vel\u00f3rio acontece a partir das 17 horas desta ter\u00e7a-feira. <\/p>\n","protected":false},"excerpt":{"rendered":"O epis\u00f3dio aconteceu no dia 24 de novembro, ao princ\u00edpio da noite. Os pais, que moram perto dos&hellip;\n","protected":false},"author":2,"featured_media":181655,"comment_status":"","ping_status":"","sticky":false,"template":"","format":"standard","meta":{"footnotes":""},"categories":[10],"tags":[27,28,20262,838,37137,15,16,14,25,26,21,22,12,13,19,20,32,23,24,33,17,18,29,30,31],"class_list":{"0":"post-181654","1":"post","2":"type-post","3":"status-publish","4":"format-standard","5":"has-post-thumbnail","7":"category-portugal","8":"tag-breaking-news","9":"tag-breakingnews","10":"tag-concelho-guimaraes","11":"tag-criancas","12":"tag-engasgamento","13":"tag-featured-news","14":"tag-featurednews","15":"tag-headlines","16":"tag-latest-news","17":"tag-latestnews","18":"tag-main-news","19":"tag-mainnews","20":"tag-news","21":"tag-noticias","22":"tag-noticias-principais","23":"tag-noticiasprincipais","24":"tag-portugal","25":"tag-principais-noticias","26":"tag-principaisnoticias","27":"tag-pt","28":"tag-top-stories","29":"tag-topstories","30":"tag-ultimas","31":"tag-ultimas-noticias","32":"tag-ultimasnoticias"},"share_on_mastodon":{"url":"https:\/\/pubeurope.com\/@pt\/115690600071224824","error":""},"_links":{"self":[{"href":"https:\/\/www.europesays.com\/pt\/wp-json\/wp\/v2\/posts\/181654","targetHints":{"allow":["GET"]}}],"collection":[{"href":"https:\/\/www.europesays.com\/pt\/wp-json\/wp\/v2\/posts"}],"about":[{"href":"https:\/\/www.europesays.com\/pt\/wp-json\/wp\/v2\/types\/post"}],"author":[{"embeddable":true,"href":"https:\/\/www.europesays.com\/pt\/wp-json\/wp\/v2\/users\/2"}],"replies":[{"embeddable":true,"href":"https:\/\/www.europesays.com\/pt\/wp-json\/wp\/v2\/comments?post=181654"}],"version-history":[{"count":0,"href":"https:\/\/www.europesays.com\/pt\/wp-json\/wp\/v2\/posts\/181654\/revisions"}],"wp:featuredmedia":[{"embeddable":true,"href":"https:\/\/www.europesays.com\/pt\/wp-json\/wp\/v2\/media\/181655"}],"wp:attachment":[{"href":"https:\/\/www.europesays.com\/pt\/wp-json\/wp\/v2\/media?parent=181654"}],"wp:term":[{"taxonomy":"category","embeddable":true,"href":"https:\/\/www.europesays.com\/pt\/wp-json\/wp\/v2\/categories?post=181654"},{"taxonomy":"post_tag","embeddable":true,"href":"https:\/\/www.europesays.com\/pt\/wp-json\/wp\/v2\/tags?post=181654"}],"curies":[{"name":"wp","href":"https:\/\/api.w.org\/{rel}","templated":true}]}}