{"id":181660,"date":"2025-12-09T16:46:35","date_gmt":"2025-12-09T16:46:35","guid":{"rendered":"https:\/\/www.europesays.com\/pt\/181660\/"},"modified":"2025-12-09T16:46:35","modified_gmt":"2025-12-09T16:46:35","slug":"chris-pratt-lancara-documentario-sobre-o-tumulo-de-sao-pedro","status":"publish","type":"post","link":"https:\/\/www.europesays.com\/pt\/181660\/","title":{"rendered":"Chris Pratt lan\u00e7ar\u00e1 document\u00e1rio sobre o t\u00famulo de s\u00e3o Pedro"},"content":{"rendered":"<p>                              <a href=\"https:\/\/www.acidigital.com\/autor\/73\/francesca-pollio-fenton\" rel=\"nofollow noopener\" target=\"_blank\"><br \/>\n                  <img loading=\"lazy\" decoding=\"async\" alt=\"Francesca Pollio Fenton\" class=\"author-image m-0 mr-4\" height=\"48\" src=\"https:\/\/www.europesays.com\/pt\/wp-content\/uploads\/2025\/12\/zKyGHVqvnqMyJXmiHUcTahX4iW93WplxrnqJXCjO.png\" width=\"48\"\/><br \/>\n                <\/a><\/p>\n<p>Por                   <a href=\"https:\/\/www.acidigital.com\/autor\/73\/francesca-pollio-fenton\" rel=\"nofollow noopener\" target=\"_blank\">Francesca Pollio Fenton<\/a>\n                                                <\/p>\n<p class=\"post-info\">\n            8 de dez de 2025 \u00e0s 13:00\n          <\/p>\n<p>O ator americano Chris Pratt, famoso pelos filmes \u201cGuardi\u00f5es da Gal\u00e1xia\u201d e \u201cJurassic World\u201d, est\u00e1 filmando um document\u00e1rio sobre a Necr\u00f3pole Vaticana, que fica sob a Cidade do Vaticano e cont\u00e9m t\u00famulos que datam do s\u00e9culo I ao IV d.C., a profundidades que variam entre cinco e 12 metros abaixo da bas\u00edlica de S\u00e3o Pedro.<\/p>\n<p>O filme, produzido por Vatican Media, F\u00e1brica de S\u00e3o Pedro e AF Films, ser\u00e1 lan\u00e7ado em 2026, por ocasi\u00e3o dos 400 anos da inaugura\u00e7\u00e3o e dedica\u00e7\u00e3o da bas\u00edlica.<\/p>\n<p>Pratt guiar\u00e1 os espectadores em uma jornada para descobrir o t\u00famulo de s\u00e3o Pedro por meio de hist\u00f3rias de f\u00e9, hist\u00f3ria e arqueologia.<\/p>\n<p>\u201c\u00c9 uma honra extraordin\u00e1ria colaborar com o papa Le\u00e3o e o Vaticano neste projeto. A hist\u00f3ria de s\u00e3o Pedro \u00e9 fundamental para a f\u00e9 crist\u00e3, e sou profundamente grato pela confian\u00e7a e pelo acesso concedidos para ajudar a levar seu legado \u00e0s telas\u201d, disse Pratt a Vatican News, site de not\u00edcias da Santa S\u00e9.<\/p>\n<p>\tReceba as principais de ACI Digital por WhatsApp e Telegram<\/p>\n<p class=\"box-desc\">Est\u00e1 cada vez mais dif\u00edcil ver not\u00edcias cat\u00f3licas nas redes sociais. Inscreva-se hoje mesmo em nossos canais gratuitos:<\/p>\n<p>Embora Pratt n\u00e3o seja cat\u00f3lico, ele e sua mulher, Katherine Schwarzenegger, cat\u00f3lica praticante, v\u00e3o \u00e0 missa com frequ\u00eancia e criam seus filhos na f\u00e9 cat\u00f3lica. Pratt fala abertamente sobre sua f\u00e9 e a import\u00e2ncia que d\u00e1 \u00e0 ora\u00e7\u00e3o di\u00e1ria. Ele tamb\u00e9m j\u00e1 colaborou com o Hallow, um aplicativo cat\u00f3lico de ora\u00e7\u00e3o e medita\u00e7\u00e3o, em diversas ocasi\u00f5es e participou de seus desafios de ora\u00e7\u00e3o da Quaresma, do Advento e ora\u00e7\u00f5es di\u00e1rias.<\/p>\n<p>Atrav\u00e9s de provas hist\u00f3ricas e descobertas arqueol\u00f3gicas, os espectadores do novo filme s\u00e3o convidados a descobrir o local de sepultamento de s\u00e3o Pedro na Necr\u00f3pole Vaticana, oficialmente anunciado pelo papa Pio XII em 1950.<\/p>\n<p>Em 1939, o papa Pio XII ordenou o in\u00edcio de escava\u00e7\u00f5es sob a bas\u00edlica para tentar encontrar o local do t\u00famulo do ap\u00f3stolo. Em 1950, o papa anunciou oficialmente que o local do t\u00famulo havia sido encontrado, juntamente com fragmentos \u00f3sseos que provavelmente pertenciam ao santo. Em 1968, o papa Paulo VI anunciou que os fragmentos \u00f3sseos encontrados eram, de fato, de s\u00e3o Pedro.<\/p>\n<p>Os ossos de s\u00e3o Pedro foram exibidos publicamente pela primeira vez em 2013 pelo papa Francisco numa missa na Pra\u00e7a de S\u00e3o Pedro, que marcou o fim do Ano da F\u00e9 da Igreja.<\/p>\n<p>                    <a href=\"https:\/\/www.acidigital.com\/autor\/73\/francesca-pollio-fenton\" rel=\"nofollow noopener\" target=\"_blank\"><br \/>\n                      <img decoding=\"async\" alt=\"Francesca Pollio Fenton\" src=\"https:\/\/www.europesays.com\/pt\/wp-content\/uploads\/2025\/12\/1765298795_103_zKyGHVqvnqMyJXmiHUcTahX4iW93WplxrnqJXCjO.png\"\/><br \/>\n                    <\/a><\/p>\n<p>Francesca \u00e9 gerente de m\u00eddia social da Catholic News Agency (CNA) formada em Comunica\u00e7\u00e3o com \u00eanfase em M\u00eddia Digital pela Universidade do Colorado em Denver, nos EUA.<\/p>\n","protected":false},"excerpt":{"rendered":"Por Francesca Pollio Fenton 8 de dez de 2025 \u00e0s 13:00 O ator americano Chris Pratt, famoso pelos&hellip;\n","protected":false},"author":2,"featured_media":181661,"comment_status":"","ping_status":"","sticky":false,"template":"","format":"standard","meta":{"footnotes":""},"categories":[140],"tags":[114,115,147,148,545,146,62,37138,32,33,5598],"class_list":{"0":"post-181660","1":"post","2":"type-post","3":"status-publish","4":"format-standard","5":"has-post-thumbnail","7":"category-filmes","8":"tag-entertainment","9":"tag-entretenimento","10":"tag-film","11":"tag-filmes","12":"tag-igreja-catolica","13":"tag-movies","14":"tag-mundo","15":"tag-noticias-catolicas","16":"tag-portugal","17":"tag-pt","18":"tag-vaticano"},"share_on_mastodon":{"url":"https:\/\/pubeurope.com\/@pt\/115690628031887842","error":""},"_links":{"self":[{"href":"https:\/\/www.europesays.com\/pt\/wp-json\/wp\/v2\/posts\/181660","targetHints":{"allow":["GET"]}}],"collection":[{"href":"https:\/\/www.europesays.com\/pt\/wp-json\/wp\/v2\/posts"}],"about":[{"href":"https:\/\/www.europesays.com\/pt\/wp-json\/wp\/v2\/types\/post"}],"author":[{"embeddable":true,"href":"https:\/\/www.europesays.com\/pt\/wp-json\/wp\/v2\/users\/2"}],"replies":[{"embeddable":true,"href":"https:\/\/www.europesays.com\/pt\/wp-json\/wp\/v2\/comments?post=181660"}],"version-history":[{"count":0,"href":"https:\/\/www.europesays.com\/pt\/wp-json\/wp\/v2\/posts\/181660\/revisions"}],"wp:featuredmedia":[{"embeddable":true,"href":"https:\/\/www.europesays.com\/pt\/wp-json\/wp\/v2\/media\/181661"}],"wp:attachment":[{"href":"https:\/\/www.europesays.com\/pt\/wp-json\/wp\/v2\/media?parent=181660"}],"wp:term":[{"taxonomy":"category","embeddable":true,"href":"https:\/\/www.europesays.com\/pt\/wp-json\/wp\/v2\/categories?post=181660"},{"taxonomy":"post_tag","embeddable":true,"href":"https:\/\/www.europesays.com\/pt\/wp-json\/wp\/v2\/tags?post=181660"}],"curies":[{"name":"wp","href":"https:\/\/api.w.org\/{rel}","templated":true}]}}