{"id":181666,"date":"2025-12-09T16:50:16","date_gmt":"2025-12-09T16:50:16","guid":{"rendered":"https:\/\/www.europesays.com\/pt\/181666\/"},"modified":"2025-12-09T16:50:16","modified_gmt":"2025-12-09T16:50:16","slug":"black-flag-e-revelado-por-orgao-de-classificacao-indicativa-da-europa","status":"publish","type":"post","link":"https:\/\/www.europesays.com\/pt\/181666\/","title":{"rendered":"Black Flag \u00e9 revelado por \u00f3rg\u00e3o de classifica\u00e7\u00e3o indicativa da Europa"},"content":{"rendered":"<p>Assassin&#8217;s Creed Black Flag Resynced \u00e9 o nome completo do remake de <a href=\"https:\/\/br.ign.com\/assassins-creed-black-flag\/146113\/news\/fas-de-assassins-creed-reclamam-apos-rumor-de-que-remake-de-black-flag-removera-conteudo-dos-dias-mo\" rel=\"nofollow noopener\" target=\"_blank\">Assassin&#8217;s Creed 4: Black Flag<\/a>, um cl\u00e1ssico da <a href=\"https:\/\/br.ign.com\/ubisoft\/143484\/news\/para-ubisoft-microtransacoes-em-games-single-player-deixam-a-experiencia-mais-divertida\" rel=\"nofollow noopener\" target=\"_blank\">Ubisoft<\/a> que h\u00e1 tempos tem sido protagonista de uma s\u00e9rie de vazamentos.<\/p>\n<p>Al\u00e9m disso, h\u00e1 men\u00e7\u00e3o de que Black Flag Resynced incluir\u00e1 a possibilidade de compras dentro do jogo. Ainda n\u00e3o se sabe como Resynced se integrar\u00e1 ao Animus Hub, sistema j\u00e1 existente na franquia, que permite a compra de conte\u00fados cosm\u00e9ticos opcionais. Alternativamente, isso pode significar a possibilidade de comprar DLCs futuramente. Ser\u00e1 que a memor\u00e1vel expans\u00e3o Freedom Cry, considerada uma das melhores da franquia, tamb\u00e9m ganhar\u00e1 um remake?<\/p>\n<p>A revela\u00e7\u00e3o desta ter\u00e7a-feira surge apenas algumas semanas depois da data de lan\u00e7amento do jogo ter sido supostamente vazada online. Durante a apresenta\u00e7\u00e3o dos resultados financeiros mais recentes da Ubisoft, a publicadora francesa revelou uma lista de jogos que chegar\u00e3o antes do fim do seu atual ano fiscal, em 31 de mar\u00e7o de 2026.<\/p>\n<p>O nome de um desses jogos foi mantido como &#8220;n\u00e3o anunciado&#8221;, embora uma reportagem posterior do Insider Gaming tenha afirmado que esse projeto n\u00e3o t\u00e3o misterioso era a nova vers\u00e3o de Black Flag, com lan\u00e7amento previsto para a semana de 23 de mar\u00e7o de 2026.<\/p>\n<p>Apesar de anos de vazamentos internos, especula\u00e7\u00f5es de f\u00e3s e at\u00e9 mesmo dicas do ator principal do jogo original, a Ubisoft ainda n\u00e3o confirmou oficialmente a exist\u00eancia do remake de Black Flag. O IGN entrou em contato com a Ubisoft novamente nesta ter\u00e7a-feira, mas n\u00e3o obteve resposta at\u00e9 o momento. Ou talvez a Ubisoft traga novidades sobre o remake de Black Flag no The Game Awards, que acontece nesta quinta-feira.<\/p>\n<p><img decoding=\"async\" alt=\"null\" class=\"article-image-full-size\" data-position=\"0\" src=\"https:\/\/www.europesays.com\/pt\/wp-content\/uploads\/2025\/12\/assassins-creed-black-flag-resynced-is-the-name-of-ubisofts_qvv6.jpg\"  viewbox=\"0 0 16 9\"\/><br \/>\nREMAKE DE Assassin&#8217;s Creed Black Flag J\u00c1 APARECE LISTADO EM SITE DE CLASSIFICA\u00c7\u00c3O INDICATIVA. FOTO: IGN\/PEGI<\/p>\n<p>Relat\u00f3rios anteriores sugerem que Black Flag Resynced ser\u00e1 um remake substancial do aclamado jogo de piratas da s\u00e9rie, com melhorias visuais e de jogabilidade que aproximam a qualidade do jogo \u00e0 de <a href=\"https:\/\/br.ign.com\/assassins-creed-shadows\/137663\/review\/assassins-creed-shadows-o-japao-feudal-nunca-foi-tao-vivo-e-mortal-review\" rel=\"nofollow noopener\" target=\"_blank\">Assassin&#8217;s Creed Shadows<\/a>, lan\u00e7ado este ano.<\/p>\n<p>Segundo informa\u00e7\u00f5es, novos conte\u00fados de hist\u00f3ria ser\u00e3o adicionados para aprofundar a vida do her\u00f3i Edward Kenway, embora as se\u00e7\u00f5es de jogabilidade ambientadas no presente tenham sido aparentemente removidas \u2014 algo que desagradou muitos f\u00e3s. Ser\u00e1 interessante observar como a Ubisoft lidar\u00e1 com o novo final do jogo \u2014 que anteriormente conectava elementos da narrativa hist\u00f3rica e contempor\u00e2nea \u2014 diante dessa grande mudan\u00e7a.<\/p>\n<p>Inscreva-se no canal do <strong>IGN Brasil<\/strong> no <a href=\"https:\/\/www.youtube.com\/c\/ignbrasil\" rel=\"noopener nofollow\" target=\"_blank\">Youtube<\/a> e visite as nossas p\u00e1ginas no <a href=\"https:\/\/www.facebook.com\/ignbrasil\/\" rel=\"noopener nofollow\" target=\"_blank\">Facebook<\/a>, <a href=\"https:\/\/x.com\/IGNBrasil\" rel=\"noopener nofollow\" target=\"_blank\">Twitter<\/a>, <a href=\"https:\/\/www.threads.net\/@ignbrasil\" rel=\"noopener nofollow\" target=\"_blank\">Threads<\/a>, <a href=\"https:\/\/bsky.app\/profile\/ignbrasil.bsky.social\" rel=\"noopener nofollow\" target=\"_blank\">Bluesky<\/a>, <a href=\"https:\/\/www.instagram.com\/ignbrasil\/\" rel=\"noopener nofollow\" target=\"_blank\">Instagram<\/a> e <a href=\"https:\/\/www.twitch.tv\/ignbrasil\" rel=\"noopener nofollow\" target=\"_blank\">Twitch<\/a>! | Siga <strong>Gabriel Sales<\/strong> no <a href=\"https:\/\/x.com\/gabriolv\" rel=\"noopener nofollow\" target=\"_blank\">Twitter<\/a>, <a href=\"https:\/\/www.threads.net\/@gabriel.oliveira1302\" rel=\"noopener nofollow\" target=\"_blank\">Threads<\/a> e <a href=\"https:\/\/bsky.app\/profile\/gabrielolvsales.bsky.social\" rel=\"noopener nofollow\" target=\"_blank\">Bluesky<\/a>.<\/p>\n<p>                <script async src=\"\/\/www.instagram.com\/embed.js\"><\/script><\/p>\n","protected":false},"excerpt":{"rendered":"Assassin&#8217;s Creed Black Flag Resynced \u00e9 o nome completo do remake de Assassin&#8217;s Creed 4: Black Flag, um&hellip;\n","protected":false},"author":2,"featured_media":181667,"comment_status":"","ping_status":"","sticky":false,"template":"","format":"standard","meta":{"footnotes":""},"categories":[84],"tags":[109,107,108,32,33,105,103,104,106,110],"class_list":{"0":"post-181666","1":"post","2":"type-post","3":"status-publish","4":"format-standard","5":"has-post-thumbnail","7":"category-ciencia-e-tecnologia","8":"tag-ciencia","9":"tag-ciencia-e-tecnologia","10":"tag-cienciaetecnologia","11":"tag-portugal","12":"tag-pt","13":"tag-science","14":"tag-science-and-technology","15":"tag-scienceandtechnology","16":"tag-technology","17":"tag-tecnologia"},"share_on_mastodon":{"url":"https:\/\/pubeurope.com\/@pt\/115690643611104300","error":""},"_links":{"self":[{"href":"https:\/\/www.europesays.com\/pt\/wp-json\/wp\/v2\/posts\/181666","targetHints":{"allow":["GET"]}}],"collection":[{"href":"https:\/\/www.europesays.com\/pt\/wp-json\/wp\/v2\/posts"}],"about":[{"href":"https:\/\/www.europesays.com\/pt\/wp-json\/wp\/v2\/types\/post"}],"author":[{"embeddable":true,"href":"https:\/\/www.europesays.com\/pt\/wp-json\/wp\/v2\/users\/2"}],"replies":[{"embeddable":true,"href":"https:\/\/www.europesays.com\/pt\/wp-json\/wp\/v2\/comments?post=181666"}],"version-history":[{"count":0,"href":"https:\/\/www.europesays.com\/pt\/wp-json\/wp\/v2\/posts\/181666\/revisions"}],"wp:featuredmedia":[{"embeddable":true,"href":"https:\/\/www.europesays.com\/pt\/wp-json\/wp\/v2\/media\/181667"}],"wp:attachment":[{"href":"https:\/\/www.europesays.com\/pt\/wp-json\/wp\/v2\/media?parent=181666"}],"wp:term":[{"taxonomy":"category","embeddable":true,"href":"https:\/\/www.europesays.com\/pt\/wp-json\/wp\/v2\/categories?post=181666"},{"taxonomy":"post_tag","embeddable":true,"href":"https:\/\/www.europesays.com\/pt\/wp-json\/wp\/v2\/tags?post=181666"}],"curies":[{"name":"wp","href":"https:\/\/api.w.org\/{rel}","templated":true}]}}