{"id":181668,"date":"2025-12-09T16:52:29","date_gmt":"2025-12-09T16:52:29","guid":{"rendered":"https:\/\/www.europesays.com\/pt\/181668\/"},"modified":"2025-12-09T16:52:29","modified_gmt":"2025-12-09T16:52:29","slug":"russia-nega-acusacoes-de-preparar-ataque-sobre-paises-da-nato","status":"publish","type":"post","link":"https:\/\/www.europesays.com\/pt\/181668\/","title":{"rendered":"R\u00fassia nega acusa\u00e7\u00f5es de preparar ataque sobre pa\u00edses da NATO"},"content":{"rendered":"<p>Recentemente, o Presidente da R\u00fassia, Vladimir Putin, disse que o pa\u00eds estaria preparado para um confronto com a Europa.\u00a0<\/p>\n<p>Em confer\u00eancia de imprensa, o porta-voz da Presid\u00eancia russa, Dmitri Peskov,\u00a0disse que a prepara\u00e7\u00e3o de um ataque contra a Alian\u00e7a Atl\u00e2ntica &#8220;\u00e9 um disparate&#8221; e pediu para que se escute &#8220;a fonte original: Vladimir Putin&#8221;.<\/p>\n<p>O porta-voz disse ainda que o chefe de Estado da R\u00fassia n\u00e3o tem\u00a0qualquer inten\u00e7\u00e3o de restaurar a Uni\u00e3o das Rep\u00fablicas Socialistas Sovi\u00e9ticas (URSS).<\/p>\n<p>&#8220;Isso \u00e9 imposs\u00edvel&#8221;, disse Peskov citado pela ag\u00eancia TASS acrescentando que declara\u00e7\u00f5es sobre a\u00a0&#8220;restaura\u00e7\u00e3o da URSS&#8221; \u00e9 desrespeitosa para com os aliados de Moscovo na Comunidade dos Estados Independentes (CEI)&#8221;.<\/p>\n<p>Desta forma, o porta-voz de Vladimir Putin criticou as recentes declara\u00e7\u00f5es do Governo da Alemanha sobre o desejo do presidente russo fazer &#8220;renascer&#8221; a Uni\u00e3o Sovi\u00e9tica.<\/p>\n<p>Leia Tamb\u00e9m: <a href=\"https:\/\/www.noticiasaominuto.com\/mundo\/2892181\/russia-aconselha-zelensky-a-negociar-ja-para-nao-perder-mais-territorio\" target=\"_blank\" rel=\"noopener noreferrer nofollow\">R\u00fassia aconselha Zelensky a negociar j\u00e1 para n\u00e3o perder mais territ\u00f3rio<\/a><\/p>\n","protected":false},"excerpt":{"rendered":"Recentemente, o Presidente da R\u00fassia, Vladimir Putin, disse que o pa\u00eds estaria preparado para um confronto com a&hellip;\n","protected":false},"author":2,"featured_media":181669,"comment_status":"","ping_status":"","sticky":false,"template":"","format":"standard","meta":{"footnotes":""},"categories":[50],"tags":[27,28,15,16,14,25,26,21,22,62,12,13,19,20,23,24,17,18,29,30,31,63,64,65],"class_list":{"0":"post-181668","1":"post","2":"type-post","3":"status-publish","4":"format-standard","5":"has-post-thumbnail","7":"category-mundo","8":"tag-breaking-news","9":"tag-breakingnews","10":"tag-featured-news","11":"tag-featurednews","12":"tag-headlines","13":"tag-latest-news","14":"tag-latestnews","15":"tag-main-news","16":"tag-mainnews","17":"tag-mundo","18":"tag-news","19":"tag-noticias","20":"tag-noticias-principais","21":"tag-noticiasprincipais","22":"tag-principais-noticias","23":"tag-principaisnoticias","24":"tag-top-stories","25":"tag-topstories","26":"tag-ultimas","27":"tag-ultimas-noticias","28":"tag-ultimasnoticias","29":"tag-world","30":"tag-world-news","31":"tag-worldnews"},"share_on_mastodon":{"url":"https:\/\/pubeurope.com\/@pt\/115690651227537858","error":""},"_links":{"self":[{"href":"https:\/\/www.europesays.com\/pt\/wp-json\/wp\/v2\/posts\/181668","targetHints":{"allow":["GET"]}}],"collection":[{"href":"https:\/\/www.europesays.com\/pt\/wp-json\/wp\/v2\/posts"}],"about":[{"href":"https:\/\/www.europesays.com\/pt\/wp-json\/wp\/v2\/types\/post"}],"author":[{"embeddable":true,"href":"https:\/\/www.europesays.com\/pt\/wp-json\/wp\/v2\/users\/2"}],"replies":[{"embeddable":true,"href":"https:\/\/www.europesays.com\/pt\/wp-json\/wp\/v2\/comments?post=181668"}],"version-history":[{"count":0,"href":"https:\/\/www.europesays.com\/pt\/wp-json\/wp\/v2\/posts\/181668\/revisions"}],"wp:featuredmedia":[{"embeddable":true,"href":"https:\/\/www.europesays.com\/pt\/wp-json\/wp\/v2\/media\/181669"}],"wp:attachment":[{"href":"https:\/\/www.europesays.com\/pt\/wp-json\/wp\/v2\/media?parent=181668"}],"wp:term":[{"taxonomy":"category","embeddable":true,"href":"https:\/\/www.europesays.com\/pt\/wp-json\/wp\/v2\/categories?post=181668"},{"taxonomy":"post_tag","embeddable":true,"href":"https:\/\/www.europesays.com\/pt\/wp-json\/wp\/v2\/tags?post=181668"}],"curies":[{"name":"wp","href":"https:\/\/api.w.org\/{rel}","templated":true}]}}