{"id":181684,"date":"2025-12-09T17:10:16","date_gmt":"2025-12-09T17:10:16","guid":{"rendered":"https:\/\/www.europesays.com\/pt\/181684\/"},"modified":"2025-12-09T17:10:16","modified_gmt":"2025-12-09T17:10:16","slug":"csm-aprova-carlos-alexandre-a-frente-do-combate-a-fraude","status":"publish","type":"post","link":"https:\/\/www.europesays.com\/pt\/181684\/","title":{"rendered":"CSM aprova Carlos Alexandre \u00e0 frente do combate \u00e0 fraude"},"content":{"rendered":"<p>O Conselho Superior de Magistratura (CSM) aprovou por unanimidade o nome de Carlos Alexandre para liderar a nova Comiss\u00e3o de Combate \u00e0 Fraude no SNS, segundo avan\u00e7ou fonte oficial do CSM ao Observador.<\/p>\n<p>O nome do juiz desembargador da Rela\u00e7\u00e3o de Lisboa, anunciado <a href=\"https:\/\/observador.pt\/2025\/11\/26\/juiz-carlos-alexandre-vai-liderar-comissao-de-combate-a-fraude-no-sns\/\" rel=\"nofollow noopener\" target=\"_blank\">no final de novembro<\/a>, foi proposto por membros do Governo respons\u00e1veis pelas \u00e1reas da justi\u00e7a e da sa\u00fade. Ao que apurou o Observador, o pedido de nomea\u00e7\u00e3o foi formulado junto do \u00f3rg\u00e3o de disciplina dos ju\u00edzes pela ministra da Justi\u00e7a, tendo apenas sido analisado em plen\u00e1rio esta ter\u00e7a-feira.<\/p>\n<p>Desta forma, Carlos Alexandre, que deixou em 2023 o Tribunal Central de Instru\u00e7\u00e3o Criminal, tem luz verde para dirigir a comiss\u00e3o que ter\u00e1 como objetivo analisar e impedir v\u00e1rios desperd\u00edcios e irregularidades no SNS. O an\u00fancio da cria\u00e7\u00e3o desta entidade \u00e9 feito ap\u00f3s casos como o dos avultados pagamentos de cirurgias extra na Dermatologia do Hospital de Santa Maria ou o da m\u00e9dica que passou milhares de receitas a falsos diab\u00e9ticos, levando a uma comparticipa\u00e7\u00e3o indevida.<\/p>\n<p>O magistrado ter\u00e1 um mandato de tr\u00eas anos e um vencimento bruto de 6.100,94 euros por m\u00eas, correspondente ao n\u00edvel remunerat\u00f3rio 102 da tabela da fun\u00e7\u00e3o p\u00fablica. Ter\u00e1, para efeitos de despesas de representa\u00e7\u00e3o, um abono mensal pago 12 vezes ao ano, correspondente a 40% do sal\u00e1rio, ou seja cerca de mais 2.440 euros por m\u00eas. Um sal\u00e1rio que \u00e9 equiparado ao do presidente do Mecanismo Nacional Anticorrup\u00e7\u00e3o, cargo igualmente nomeado por resolu\u00e7\u00e3o do Conselho de Ministros. Entretanto, o presidente \u201cpode optar, mediante autoriza\u00e7\u00e3o expressa constante do ato de nomea\u00e7\u00e3o, pela remunera\u00e7\u00e3o de origem.\u201d<\/p>\n<p>A nova entidade foi aprovada em conselho de ministros a 22 de outubro, esperando-se uma poupan\u00e7a de cerca de 800 milh\u00f5es euros. A equipa liderada por Carlos Alexandre ser\u00e1 composta por um representante de cada uma das seguintes entidades: Pol\u00edcia Judici\u00e1ria, Inspe\u00e7\u00e3o-Geral das Finan\u00e7as, Inspe\u00e7\u00e3o-Geral das Atividades em Sa\u00fade, Servi\u00e7os Partilhados do Minist\u00e9rio da Sa\u00fade, E. P. E., Administra\u00e7\u00e3o Central do Sistema de Sa\u00fade, I. P. e INFARMED \u2013 Autoridade Nacional do Medicamento e Produtos de Sa\u00fade, I. P.<\/p>\n","protected":false},"excerpt":{"rendered":"O Conselho Superior de Magistratura (CSM) aprovou por unanimidade o nome de Carlos Alexandre para liderar a nova&hellip;\n","protected":false},"author":2,"featured_media":181685,"comment_status":"","ping_status":"","sticky":false,"template":"","format":"standard","meta":{"footnotes":""},"categories":[8],"tags":[27,28,15,16,14,25,26,21,22,12,13,19,20,32,23,24,33,17,18,29,30,31],"class_list":{"0":"post-181684","1":"post","2":"type-post","3":"status-publish","4":"format-standard","5":"has-post-thumbnail","7":"category-principais-noticias","8":"tag-breaking-news","9":"tag-breakingnews","10":"tag-featured-news","11":"tag-featurednews","12":"tag-headlines","13":"tag-latest-news","14":"tag-latestnews","15":"tag-main-news","16":"tag-mainnews","17":"tag-news","18":"tag-noticias","19":"tag-noticias-principais","20":"tag-noticiasprincipais","21":"tag-portugal","22":"tag-principais-noticias","23":"tag-principaisnoticias","24":"tag-pt","25":"tag-top-stories","26":"tag-topstories","27":"tag-ultimas","28":"tag-ultimas-noticias","29":"tag-ultimasnoticias"},"share_on_mastodon":{"url":"https:\/\/pubeurope.com\/@pt\/115690722026797182","error":""},"_links":{"self":[{"href":"https:\/\/www.europesays.com\/pt\/wp-json\/wp\/v2\/posts\/181684","targetHints":{"allow":["GET"]}}],"collection":[{"href":"https:\/\/www.europesays.com\/pt\/wp-json\/wp\/v2\/posts"}],"about":[{"href":"https:\/\/www.europesays.com\/pt\/wp-json\/wp\/v2\/types\/post"}],"author":[{"embeddable":true,"href":"https:\/\/www.europesays.com\/pt\/wp-json\/wp\/v2\/users\/2"}],"replies":[{"embeddable":true,"href":"https:\/\/www.europesays.com\/pt\/wp-json\/wp\/v2\/comments?post=181684"}],"version-history":[{"count":0,"href":"https:\/\/www.europesays.com\/pt\/wp-json\/wp\/v2\/posts\/181684\/revisions"}],"wp:featuredmedia":[{"embeddable":true,"href":"https:\/\/www.europesays.com\/pt\/wp-json\/wp\/v2\/media\/181685"}],"wp:attachment":[{"href":"https:\/\/www.europesays.com\/pt\/wp-json\/wp\/v2\/media?parent=181684"}],"wp:term":[{"taxonomy":"category","embeddable":true,"href":"https:\/\/www.europesays.com\/pt\/wp-json\/wp\/v2\/categories?post=181684"},{"taxonomy":"post_tag","embeddable":true,"href":"https:\/\/www.europesays.com\/pt\/wp-json\/wp\/v2\/tags?post=181684"}],"curies":[{"name":"wp","href":"https:\/\/api.w.org\/{rel}","templated":true}]}}