{"id":181686,"date":"2025-12-09T17:11:21","date_gmt":"2025-12-09T17:11:21","guid":{"rendered":"https:\/\/www.europesays.com\/pt\/181686\/"},"modified":"2025-12-09T17:11:21","modified_gmt":"2025-12-09T17:11:21","slug":"fabiana-justus-e-ticiane-pinheiro-esquecem-apresentacao-das-filhas-na-escola-celebridades","status":"publish","type":"post","link":"https:\/\/www.europesays.com\/pt\/181686\/","title":{"rendered":"Fabiana Justus e Ticiane Pinheiro esquecem apresenta\u00e7\u00e3o das filhas na escola | Celebridades"},"content":{"rendered":"<p>                                        Fabiana Justus e TIciane Pinheiro &#8211; Reprodu\u00e7\u00e3o \/ Instagram<\/p>\n<p class=\"content-media__description\">Fabiana Justus e TIciane PinheiroReprodu\u00e7\u00e3o \/ Instagram<\/p>\n<p>                            Publicado 09\/12\/2025 11:16\n                    <\/p>\n<p>Rio &#8211; Fabiana Justus e Ticiane Pinheiro esqueceram de olhar os e-mails e perderam a apresenta\u00e7\u00e3o das filhas, que estudam na mesma escola, nesta segunda-feira (8). Elas s\u00f3 souberam do evento quando receberam uma liga\u00e7\u00e3o do col\u00e9gio perguntando sobre a presen\u00e7a delas no local.\u00a0<\/p>\n<p>Fabiana Justus postou uma foto, no Instagram Stories, e escreveu: &#8220;Sa\u00ed da reuni\u00e3o e a escola me ligou dizendo que a Kiki (Chiara) estava me esperando para a apresenta\u00e7\u00e3o de patins (que eu n\u00e3o sabia que era hoje)&#8221;.\u00a0Depois, a influenciadora gravou um v\u00eddeo ao lado de Ticiane, j\u00e1 na escola, e comentou que a apresentadora tamb\u00e9m havia esquecido da apresenta\u00e7\u00e3o: &#8220;Que bom que eu n\u00e3o fui a \u00fanica&#8221;.<\/p>\n<p>Como n\u00e3o chegaram a tempo da\u00a0performance\u00a0da turma, Fabiana e Ticiane ganharam um espet\u00e1culo particular das herdeiras. &#8220;Foi muito mais especial porque n\u00e3o tinha ningu\u00e9m&#8221;, disse Chiara, filha de Fabiana.<\/p>\n<p>Fabiana e Ticiane continuam amigas, mesmo ap\u00f3s a separa\u00e7\u00e3o da apresentadora e Roberto Justus, pai da influenciadora, em 2013. Atualmente,\u00a0Ticiane \u00e9 casada com o jornalista C\u00e9sar Tralli, com quem tem uma filha, Manuella.\u00a0<\/p>\n","protected":false},"excerpt":{"rendered":"Fabiana Justus e TIciane Pinheiro &#8211; Reprodu\u00e7\u00e3o \/ Instagram Fabiana Justus e TIciane PinheiroReprodu\u00e7\u00e3o \/ Instagram Publicado 09\/12\/2025&hellip;\n","protected":false},"author":2,"featured_media":181687,"comment_status":"","ping_status":"","sticky":false,"template":"","format":"standard","meta":{"footnotes":""},"categories":[145],"tags":[211,210,114,115,37139,32,33,4787],"class_list":{"0":"post-181686","1":"post","2":"type-post","3":"status-publish","4":"format-standard","5":"has-post-thumbnail","7":"category-celebridades","8":"tag-celebridades","9":"tag-celebrities","10":"tag-entertainment","11":"tag-entretenimento","12":"tag-fabiana-justuts","13":"tag-portugal","14":"tag-pt","15":"tag-ticiane-pinheiro"},"share_on_mastodon":{"url":"https:\/\/pubeurope.com\/@pt\/115690725927860661","error":""},"_links":{"self":[{"href":"https:\/\/www.europesays.com\/pt\/wp-json\/wp\/v2\/posts\/181686","targetHints":{"allow":["GET"]}}],"collection":[{"href":"https:\/\/www.europesays.com\/pt\/wp-json\/wp\/v2\/posts"}],"about":[{"href":"https:\/\/www.europesays.com\/pt\/wp-json\/wp\/v2\/types\/post"}],"author":[{"embeddable":true,"href":"https:\/\/www.europesays.com\/pt\/wp-json\/wp\/v2\/users\/2"}],"replies":[{"embeddable":true,"href":"https:\/\/www.europesays.com\/pt\/wp-json\/wp\/v2\/comments?post=181686"}],"version-history":[{"count":0,"href":"https:\/\/www.europesays.com\/pt\/wp-json\/wp\/v2\/posts\/181686\/revisions"}],"wp:featuredmedia":[{"embeddable":true,"href":"https:\/\/www.europesays.com\/pt\/wp-json\/wp\/v2\/media\/181687"}],"wp:attachment":[{"href":"https:\/\/www.europesays.com\/pt\/wp-json\/wp\/v2\/media?parent=181686"}],"wp:term":[{"taxonomy":"category","embeddable":true,"href":"https:\/\/www.europesays.com\/pt\/wp-json\/wp\/v2\/categories?post=181686"},{"taxonomy":"post_tag","embeddable":true,"href":"https:\/\/www.europesays.com\/pt\/wp-json\/wp\/v2\/tags?post=181686"}],"curies":[{"name":"wp","href":"https:\/\/api.w.org\/{rel}","templated":true}]}}