{"id":181688,"date":"2025-12-09T17:14:20","date_gmt":"2025-12-09T17:14:20","guid":{"rendered":"https:\/\/www.europesays.com\/pt\/181688\/"},"modified":"2025-12-09T17:14:20","modified_gmt":"2025-12-09T17:14:20","slug":"ja-me-deste-um-beijo-hoje-pedro-provoca-marisa-e-os-dois-tem-momento-apaixonado-tvi-player","status":"publish","type":"post","link":"https:\/\/www.europesays.com\/pt\/181688\/","title":{"rendered":"\u00abJ\u00e1 me deste um beijo hoje\u00bb? Pedro provoca Marisa e os dois t\u00eam momento apaixonado &#8211; TVI Player"},"content":{"rendered":"<ol>\n<li><a href=\"https:\/\/news.google.com\/rss\/articles\/CBMipAFBVV95cUxNcXRnWjZpM2pLbmNaV2x2RnlfNFNXZUdaQUpVRUtDRDhqVVZiMDAtbmhuUUZ6amtnelNEXzh2QnViOHZvN0ktN1A4c1I0NjQ1c05OeXJXakFKY1ROUHhLQlNpd3ZWNlBsWDVnRlgyOFdnX1ZvODhFTkE5NklzQkc0dGlWRGMyNndlRzhsckhGWnRjUzhpZ2xKYVNQMlQ3Z3lCWXZXdg?oc=5\" target=\"_blank\" rel=\"nofollow noopener\">\u00abJ\u00e1 me deste um beijo hoje\u00bb? Pedro provoca Marisa e os dois t\u00eam momento apaixonado<\/a>&nbsp;&nbsp;TVI Player<\/li>\n<li><a href=\"https:\/\/news.google.com\/rss\/articles\/CBMi4AFBVV95cUxOQ20tTnZlaVFjQWF1VkZZSEw0UzAtRzMxbG5vRkhGU3BRTGpILVlsRWVXSUVyVHdDdFBORHhMVWNSNWk0dWo3N21hcldnc3RubVpKdlAzZTV6ZkQwb3NJRlpyekNRREs4b0FaenRfX3g3SEFDb2hXT21rakF5bHUzYWpHcTVHWG5pWE51bDF2Zzh1b2pfbUdOX1hQRFlWaXlQbUJDOUFrNEdDN0UxdDloWnpKUk1senh4M1JEdWFOSlpKd1FIdFdSR2hKSUdxVkRXYmxnRnlSUmJqYXp4YmkzNg?oc=5\" target=\"_blank\" rel=\"nofollow noopener\">Pol\u00e9mica na sa\u00edda de Bruna: Liliana provoca In\u00eas em momento fr\u00e1gil e a revolta come\u00e7a<\/a>&nbsp;&nbsp;TVI<\/li>\n<li><a href=\"https:\/\/news.google.com\/rss\/articles\/CBMiogFBVV95cUxONEMxMmwtbXJYRGQ2cDJKMHJqWXRza3VsYXdFMXVzTnNVNWZxWlBoYnFkdWJSQl85dmRFQWQ5ZmlULS1LTlRjaWNZWjB6UWpISmRoNXN5d29RYTlrOWtHUzBKeG9FSGxrZXZoNWl2WnBaSm1pSWs5ZS1XWUJsVjBtVHJ6dWtBcGZZWDdYbEJucjgzTERib1RSYjFRX05CQzlVMEE?oc=5\" target=\"_blank\" rel=\"nofollow noopener\">Marisa e Pedro Jorge quase apanhados por colega na Casa dos Segredos<\/a>&nbsp;&nbsp;A Televis\u00e3o<\/li>\n<li><a href=\"https:\/\/news.google.com\/rss\/articles\/CBMi1wFBVV95cUxOTWJBaS1lV0pMWXhNbTdvelJKMHoxQ3M3Q3dxS2xrd05NRldIMERhal85cTdBNWFNWktpbUpoTUstNmdGcTlYNnZzUnVDZXd0U3JvU3JkTkE2LWVYRGh2eUY2VDgyLVlndS1sYUNCemxubGFCRVFUcW9aVEVSWUpBU1U4bEJyUEczZ3hmS25xOHA3TEFpU1ozc2pfWm9kcXF3Y3Q3TDh0OWFxbXFvY3Y5WXZIblBLdkpZbmoxaFp2RF9Tb2M5RExrOXJ5VVFSRlhxYWN6VWNZYw?oc=5\" target=\"_blank\" rel=\"nofollow noopener\">Casa dos Segredos: Segredos em risco? Pedro Jorge e Marisa apanhados por Ana em momento \u00edntimo!<\/a>&nbsp;&nbsp;SAPO<\/li>\n<li><a href=\"https:\/\/news.google.com\/rss\/articles\/CBMixwFBVV95cUxPNUI4VVJmNXZTbFB6bFdGZGhnMmdwZlJaRkdaVGdGOG51YTZHNDVkWXhFbTYwU2xWZWtvRkpKbUZUMnZXRVNTZDZnRHRZNUNwTENZbzhZcE1ma0RDelVhdjQxMUNhcUZ4dF83V2ZkMVhMMkJ0LV96ODVTZHltY2VXUlhWUmlacHlQZGFpVExxbUZfM19KNk1lc3BlUnlvOUJ1VGFmdnpPUVFIUjA3TGUyQXRqYXFZMVFQTThDQzFLUXFuWnF6dE4w?oc=5\" target=\"_blank\" rel=\"nofollow noopener\">A impag\u00e1vel rea\u00e7\u00e3o de Bruna ao saber que Pedro Jorge e Marisa s\u00e3o casados<\/a>&nbsp;&nbsp;Not\u00edcias de hoje &#8211; IOL<\/li>\n<\/ol>\n","protected":false},"excerpt":{"rendered":"\u00abJ\u00e1 me deste um beijo hoje\u00bb? Pedro provoca Marisa e os dois t\u00eam momento apaixonado&nbsp;&nbsp;TVI Player Pol\u00e9mica na&hellip;\n","protected":false},"author":2,"featured_media":181689,"comment_status":"","ping_status":"","sticky":false,"template":"","format":"standard","meta":{"footnotes":""},"categories":[142],"tags":[114,115,19184,14646,32,33,151],"class_list":{"0":"post-181688","1":"post","2":"type-post","3":"status-publish","4":"format-standard","5":"has-post-thumbnail","7":"category-tv","8":"tag-entertainment","9":"tag-entretenimento","10":"tag-marisa","11":"tag-pedro","12":"tag-portugal","13":"tag-pt","14":"tag-tv"},"share_on_mastodon":{"url":"https:\/\/pubeurope.com\/@pt\/115690737666942265","error":""},"_links":{"self":[{"href":"https:\/\/www.europesays.com\/pt\/wp-json\/wp\/v2\/posts\/181688","targetHints":{"allow":["GET"]}}],"collection":[{"href":"https:\/\/www.europesays.com\/pt\/wp-json\/wp\/v2\/posts"}],"about":[{"href":"https:\/\/www.europesays.com\/pt\/wp-json\/wp\/v2\/types\/post"}],"author":[{"embeddable":true,"href":"https:\/\/www.europesays.com\/pt\/wp-json\/wp\/v2\/users\/2"}],"replies":[{"embeddable":true,"href":"https:\/\/www.europesays.com\/pt\/wp-json\/wp\/v2\/comments?post=181688"}],"version-history":[{"count":0,"href":"https:\/\/www.europesays.com\/pt\/wp-json\/wp\/v2\/posts\/181688\/revisions"}],"wp:featuredmedia":[{"embeddable":true,"href":"https:\/\/www.europesays.com\/pt\/wp-json\/wp\/v2\/media\/181689"}],"wp:attachment":[{"href":"https:\/\/www.europesays.com\/pt\/wp-json\/wp\/v2\/media?parent=181688"}],"wp:term":[{"taxonomy":"category","embeddable":true,"href":"https:\/\/www.europesays.com\/pt\/wp-json\/wp\/v2\/categories?post=181688"},{"taxonomy":"post_tag","embeddable":true,"href":"https:\/\/www.europesays.com\/pt\/wp-json\/wp\/v2\/tags?post=181688"}],"curies":[{"name":"wp","href":"https:\/\/api.w.org\/{rel}","templated":true}]}}