{"id":181698,"date":"2025-12-09T17:23:32","date_gmt":"2025-12-09T17:23:32","guid":{"rendered":"https:\/\/www.europesays.com\/pt\/181698\/"},"modified":"2025-12-09T17:23:32","modified_gmt":"2025-12-09T17:23:32","slug":"candidatos-saudam-distincao-da-economia-mas-questionam-beneficios-e-reforma-laboral-presidenciais-2026","status":"publish","type":"post","link":"https:\/\/www.europesays.com\/pt\/181698\/","title":{"rendered":"Candidatos sa\u00fadam distin\u00e7\u00e3o da economia, mas questionam benef\u00edcios e reforma laboral | Presidenciais 2026"},"content":{"rendered":"<p>V\u00e1rios candidatos presidenciais saudaram este domingo a distin\u00e7\u00e3o de Portugal como &#8220;economia do ano&#8221; pela revista brit\u00e2nica The Economist, mas deixando reparos aos benef\u00edcios que chegam \u00e0 vida dos portugueses ou defendendo que esta \u00e9 uma prova de que o pa\u00eds n\u00e3o necessita de uma reforma laboral.<\/p>\n<p>Para Lu\u00eds Marques Mendes, &#8220;Portugal ser considerado este ano, entre 36 pa\u00edses dos mais desenvolvidos do mundo, aquele que est\u00e1 em primeiro lugar, \u00e9 uma not\u00edcia excelente&#8221;.<\/p>\n<p>&#8220;Acho que esta not\u00edcia \u00e9 das coisas mais extraordin\u00e1rias que o pa\u00eds pode ter&#8221;, sustentou o candidato apoiado pelo PSD, durante uma visita ao evento &#8220;\u00d3bidos Vila Natal&#8221;, sublinhando que a distin\u00e7\u00e3o da revista brit\u00e2nica &#8220;aumenta a auto-estima e a ambi\u00e7\u00e3o&#8221;.<\/p>\n<p><a href=\"https:\/\/www.publico.pt\/marques-mendes\" rel=\"nofollow noopener\" target=\"_blank\">Lu\u00eds Marques Mendes<\/a> afirmou que &#8220;\u00e9 uma boa not\u00edcia tamb\u00e9m para o Governo, porque obviamente que reconhece o acerto de v\u00e1rias decis\u00f5es governativas&#8221;.<\/p>\n<p>&#8220;Eu acho que \u00e9 dif\u00edcil Portugal ter uma not\u00edcia t\u00e3o boa, t\u00e3o positiva e t\u00e3o ambiciosa como esta, e acho que s\u00f3 temos raz\u00f5es para uma coisa, continuar a pedalar cada vez com mais for\u00e7a, nada de parar, intensificar e refor\u00e7ar para termos um esp\u00edrito de maior ambi\u00e7\u00e3o, ambi\u00e7\u00e3o, ambi\u00e7\u00e3o, ambi\u00e7\u00e3o, acho que \u00e9 a palavra certa neste momento&#8221;, defendeu.<\/p>\n<p>O candidato a Presidente da Rep\u00fablica considerou tamb\u00e9m que esta distin\u00e7\u00e3o pela The Economist deve impressionar &#8220;positivamente toda a gente, quem \u00e9 apoiante do Governo e quem \u00e9 apoiante da oposi\u00e7\u00e3o&#8221;. &#8220;Por uma raz\u00e3o muito simples: todos s\u00e3o portugueses, todos gostam de Portugal, e uma not\u00edcia destas de uma entidade independente que n\u00e3o \u00e9 do Governo nem da oposi\u00e7\u00e3o, gera auto-estima, maior confian\u00e7a no pa\u00eds e maior esperan\u00e7a no futuro&#8221;.<\/p>\n<p>Seguro: &#8220;Mais uma raz\u00e3o para n\u00e3o se perceber a necessidade de alterar a legisla\u00e7\u00e3o laboral&#8221;<\/p>\n<p><a href=\"https:\/\/www.publico.pt\/antonio-jose-seguro\" rel=\"nofollow noopener\" target=\"_blank\">Ant\u00f3nio Jos\u00e9 Seguro<\/a>, por seu lado, considerou que se trata de &#8220;uma excelente not\u00edcia para o nosso pa\u00eds, quando reconhecem a vitalidade da nossa economia&#8221;, mas sublinhando que esta distin\u00e7\u00e3o vem mostrar que o pa\u00eds n\u00e3o precisa de uma reforma das leis laborais. &#8220;Se repararem, um dos fundamentos desse reconhecimento reside no dinamismo do mercado laboral que temos no nosso pa\u00eds, mais uma raz\u00e3o para n\u00e3o se perceber qual \u00e9 a necessidade que o Governo tem de alterar a legisla\u00e7\u00e3o laboral&#8221;, afirmou o candidato apoiado pelo PS, que visitou tamb\u00e9m o evento &#8220;\u00d3bidos Vila Natal&#8221;.<\/p>\n<p>&#8220;\u00c9 uma vit\u00f3ria do pa\u00eds. No meio de tantas not\u00edcias negativas, haver uma not\u00edcia positiva, isso \u00e9 bastante estimulante e \u00e9 bastante positivo. E como candidato da Presidente da Rep\u00fablica, fico sempre feliz, cada vez que reconhecem fora de Portugal, o esfor\u00e7o que os trabalhadores e as empresas fazem para n\u00f3s termos uma economia que cria mais riqueza e tamb\u00e9m possa ter melhores sal\u00e1rios&#8221;, acrescentou Seguro.<\/p>\n<p>Ventura: &#8220;As pessoas sabem que as coisas n\u00e3o s\u00e3o assim&#8221;<\/p>\n<p>J\u00e1 <a href=\"https:\/\/www.publico.pt\/andre-ventura\" rel=\"nofollow noopener\" target=\"_blank\">Andr\u00e9 Ventura <\/a>exortou o Governo a encarar a economia &#8220;como um servi\u00e7o \u00e0s pessoas&#8221; ao inv\u00e9s de se preocupar com &#8220;uma aritm\u00e9tica de n\u00fameros&#8221; ou &#8220;um Excel para mostrar \u00e0 Uni\u00e3o Europeia&#8221;. &#8220;Gostava que o Governo se preocupasse com a pobreza nos mais velhos, se preocupasse com o n\u00edvel que temos hoje de pessoas a depender de subs\u00eddios do Estado para ter qualquer coisa em vez de se preocupar com aritm\u00e9tica&#8221;, afirmou aos jornalistas, em \u00c9vora.<\/p>\n<p>Referindo-se \u00e0 classifica\u00e7\u00e3o de Portugal como &#8220;economia do ano&#8221;, o presidente do Chega defendeu que \u00e9 preciso conhecer os crit\u00e9rios deste ranking e lembrou que o pa\u00eds integra outros rankings menos positivos.<\/p>\n<p>&#8220;Portugal tamb\u00e9m est\u00e1 noutros rankings maus de pobreza dos seus idosos e dos reformados, tamb\u00e9m est\u00e1 em rankings maus de subsidiodepend\u00eancia e de depend\u00eancia do estado da economia, de n\u00edveis de burocracia&#8221;, contrap\u00f4s, referindo tratar-se de uma quest\u00e3o que tem de ser encarada de &#8220;todos os lados&#8221;.<\/p>\n<p>&#8220;As pessoas sabem que as coisas n\u00e3o s\u00e3o assim&#8221;, referiu Andr\u00e9 Ventura.<\/p>\n<p>Cotrim: &#8220;Continuamos com 10 a 11 pa\u00edses \u00e0 nossa frente&#8221; <\/p>\n<p>Para <a href=\"https:\/\/www.publico.pt\/joao-cotrim-figueiredo\" rel=\"nofollow noopener\" target=\"_blank\">Jo\u00e3o Cotrim Figueiredo<\/a>, candidato presidencial apoiado pela IL, Portugal precisa de maior ambi\u00e7\u00e3o e de uma atitude mais aberta \u00e0 mudan\u00e7a e o ranking da The Economist n\u00e3o vem mudar essa necessidade.<\/p>\n<p>&#8220;N\u00e3o vou dizer que n\u00e3o \u00e9 agrad\u00e1vel. Mas olho para al\u00e9m dos t\u00edtulos. Fui ver exactamente como era feito o ranking. Continuamos com 10 a 11 pa\u00edses \u00e0 nossa frente do ponto de vista de crescimento econ\u00f3mico. Estamos de facto a comparar-nos com um conjunto de pa\u00edses europeus todos eles em relativa apatia. E as excep\u00e7\u00f5es s\u00e3o pa\u00edses que est\u00e3o a recuperar de um impacto da pandemia bastante mais profundo do que outros&#8221;, disse.<\/p>\n<p>Segundo Jo\u00e3o Cotrim Figueiredo, quando o pa\u00eds n\u00e3o se prepara para as mudan\u00e7as que acontecem na Europa e no mundo, n\u00e3o aproveita as oportunidades que essas mudan\u00e7as trazem. Para o candidato, compete a um Presidente da Rep\u00fablica &#8220;ser a refer\u00eancia optimista e confiante&#8221; e assumir o papel de voz mobilizadora para que o pa\u00eds n\u00e3o caia &#8220;no marasmo de achar que ficar parado \u00e9 algo que \u00e9 suficiente&#8221;.<\/p>\n<p>O primeiro-ministro, Lu\u00eds Montenegro, tamb\u00e9m j\u00e1 tinha reagido ao an\u00fancio da revista brit\u00e2nica, considerando que se trata de um &#8220;reconhecimento internacional excepcional&#8221; e &#8220;uma justa aclama\u00e7\u00e3o do m\u00e9rito e do trabalho dos portugueses e refor\u00e7a a motiva\u00e7\u00e3o do Governo em seguir o rumo que nos trouxe at\u00e9 aqui nos \u00faltimos meses&#8221;.<\/p>\n","protected":false},"excerpt":{"rendered":"V\u00e1rios candidatos presidenciais saudaram este domingo a distin\u00e7\u00e3o de Portugal como &#8220;economia do ano&#8221; pela revista brit\u00e2nica The&hellip;\n","protected":false},"author":2,"featured_media":181699,"comment_status":"","ping_status":"","sticky":false,"template":"","format":"standard","meta":{"footnotes":""},"categories":[10],"tags":[3386,3399,27,28,476,15,16,14,9520,25,26,17461,21,22,12,13,19,20,52,32,1076,23,24,33,17,18,29,30,31],"class_list":{"0":"post-181698","1":"post","2":"type-post","3":"status-publish","4":"format-standard","5":"has-post-thumbnail","7":"category-portugal","8":"tag-andre-ventura","9":"tag-antonio-jose-seguro","10":"tag-breaking-news","11":"tag-breakingnews","12":"tag-economia","13":"tag-featured-news","14":"tag-featurednews","15":"tag-headlines","16":"tag-joao-cotrim-figueiredo","17":"tag-latest-news","18":"tag-latestnews","19":"tag-luis-marques-mendes","20":"tag-main-news","21":"tag-mainnews","22":"tag-news","23":"tag-noticias","24":"tag-noticias-principais","25":"tag-noticiasprincipais","26":"tag-politica","27":"tag-portugal","28":"tag-presidenciais-2026","29":"tag-principais-noticias","30":"tag-principaisnoticias","31":"tag-pt","32":"tag-top-stories","33":"tag-topstories","34":"tag-ultimas","35":"tag-ultimas-noticias","36":"tag-ultimasnoticias"},"share_on_mastodon":{"url":"","error":"Validation failed: Text character limit of 500 exceeded"},"_links":{"self":[{"href":"https:\/\/www.europesays.com\/pt\/wp-json\/wp\/v2\/posts\/181698","targetHints":{"allow":["GET"]}}],"collection":[{"href":"https:\/\/www.europesays.com\/pt\/wp-json\/wp\/v2\/posts"}],"about":[{"href":"https:\/\/www.europesays.com\/pt\/wp-json\/wp\/v2\/types\/post"}],"author":[{"embeddable":true,"href":"https:\/\/www.europesays.com\/pt\/wp-json\/wp\/v2\/users\/2"}],"replies":[{"embeddable":true,"href":"https:\/\/www.europesays.com\/pt\/wp-json\/wp\/v2\/comments?post=181698"}],"version-history":[{"count":0,"href":"https:\/\/www.europesays.com\/pt\/wp-json\/wp\/v2\/posts\/181698\/revisions"}],"wp:featuredmedia":[{"embeddable":true,"href":"https:\/\/www.europesays.com\/pt\/wp-json\/wp\/v2\/media\/181699"}],"wp:attachment":[{"href":"https:\/\/www.europesays.com\/pt\/wp-json\/wp\/v2\/media?parent=181698"}],"wp:term":[{"taxonomy":"category","embeddable":true,"href":"https:\/\/www.europesays.com\/pt\/wp-json\/wp\/v2\/categories?post=181698"},{"taxonomy":"post_tag","embeddable":true,"href":"https:\/\/www.europesays.com\/pt\/wp-json\/wp\/v2\/tags?post=181698"}],"curies":[{"name":"wp","href":"https:\/\/api.w.org\/{rel}","templated":true}]}}