{"id":181812,"date":"2025-12-09T19:10:13","date_gmt":"2025-12-09T19:10:13","guid":{"rendered":"https:\/\/www.europesays.com\/pt\/181812\/"},"modified":"2025-12-09T19:10:13","modified_gmt":"2025-12-09T19:10:13","slug":"djokovic-preve-vitoria-de-portugal-numa-final-com-o-mexico","status":"publish","type":"post","link":"https:\/\/www.europesays.com\/pt\/181812\/","title":{"rendered":"Djokovic prev\u00ea vit\u00f3ria de Portugal numa final com o M\u00e9xico"},"content":{"rendered":"<p>                Apesar de as duas sele\u00e7\u00f5es nunca terem atingido a final do Campeonato do Mundo, em quase 100 anos de hist\u00f3ria do torneio (Portugal tem como melhor resultado o terceiro lugar em 1966 e o M\u00e9xico as presen\u00e7as nos quartos de final em 1970 e 1986, edi\u00e7\u00f5es em que foi o pa\u00eds organizador), Djokovic acredita que o jogo decisivo do Mundial2026 ser\u00e1 disputado entre ambas.<\/p>\n<p>\u201cVou ser atrevido: Portugal vai conquistar o Mundial, vai ganhar ao M\u00e9xico na final\u201d, disse o antigo l\u00edder do ranking mundial de t\u00e9nis e recordista de t\u00edtulos do Grand Slam ao jordano Mohamed Adnan, que tem mais de 10 milh\u00f5es de seguidores no Youtube e \u00e9 uma personalidade com forte impacto nas redes sociais.<\/p>\n<p>Portugal integra o Grupo K do Mundial2026, organizado por M\u00e9xico, Canad\u00e1 e Estados Unidos, em conjunto com o Uzbequist\u00e3o, a Col\u00f4mbia e o vencedor do caminho 1 do play-off intercontinental, que \u00e9 composto por Jamaica, Nova Caled\u00f3nia e Rep\u00fablica Democr\u00e1tica do Congo.&#13;\n            <\/p>\n","protected":false},"excerpt":{"rendered":"Apesar de as duas sele\u00e7\u00f5es nunca terem atingido a final do Campeonato do Mundo, em quase 100 anos&hellip;\n","protected":false},"author":2,"featured_media":181813,"comment_status":"","ping_status":"","sticky":false,"template":"","format":"standard","meta":{"footnotes":""},"categories":[87],"tags":[135,13,32,33,420,421,134],"class_list":{"0":"post-181812","1":"post","2":"type-post","3":"status-publish","4":"format-standard","5":"has-post-thumbnail","7":"category-desporto","8":"tag-desporto","9":"tag-noticias","10":"tag-portugal","11":"tag-pt","12":"tag-rtp","13":"tag-rtp-noticias","14":"tag-sports"},"share_on_mastodon":{"url":"https:\/\/pubeurope.com\/@pt\/115691195610837250","error":""},"_links":{"self":[{"href":"https:\/\/www.europesays.com\/pt\/wp-json\/wp\/v2\/posts\/181812","targetHints":{"allow":["GET"]}}],"collection":[{"href":"https:\/\/www.europesays.com\/pt\/wp-json\/wp\/v2\/posts"}],"about":[{"href":"https:\/\/www.europesays.com\/pt\/wp-json\/wp\/v2\/types\/post"}],"author":[{"embeddable":true,"href":"https:\/\/www.europesays.com\/pt\/wp-json\/wp\/v2\/users\/2"}],"replies":[{"embeddable":true,"href":"https:\/\/www.europesays.com\/pt\/wp-json\/wp\/v2\/comments?post=181812"}],"version-history":[{"count":0,"href":"https:\/\/www.europesays.com\/pt\/wp-json\/wp\/v2\/posts\/181812\/revisions"}],"wp:featuredmedia":[{"embeddable":true,"href":"https:\/\/www.europesays.com\/pt\/wp-json\/wp\/v2\/media\/181813"}],"wp:attachment":[{"href":"https:\/\/www.europesays.com\/pt\/wp-json\/wp\/v2\/media?parent=181812"}],"wp:term":[{"taxonomy":"category","embeddable":true,"href":"https:\/\/www.europesays.com\/pt\/wp-json\/wp\/v2\/categories?post=181812"},{"taxonomy":"post_tag","embeddable":true,"href":"https:\/\/www.europesays.com\/pt\/wp-json\/wp\/v2\/tags?post=181812"}],"curies":[{"name":"wp","href":"https:\/\/api.w.org\/{rel}","templated":true}]}}