{"id":181816,"date":"2025-12-09T19:13:15","date_gmt":"2025-12-09T19:13:15","guid":{"rendered":"https:\/\/www.europesays.com\/pt\/181816\/"},"modified":"2025-12-09T19:13:15","modified_gmt":"2025-12-09T19:13:15","slug":"oculos-da-meta-decolam-mas-enfrentam-preocupacoes-com-privacidade-e-concorrencia","status":"publish","type":"post","link":"https:\/\/www.europesays.com\/pt\/181816\/","title":{"rendered":"\u00d3culos da Meta decolam, mas enfrentam preocupa\u00e7\u00f5es com privacidade e concorr\u00eancia"},"content":{"rendered":"<p>MIL\u00c3O, It\u00e1lia, 9 Dez (Reuters) \u2013 A EssilorLuxottica est\u00e1 apostando alto em \u00f3culos inteligentes e a aposta est\u00e1 prestes a ser testada. Seus \u00f3culos Ray-Ban Meta, equipados com recursos de intelig\u00eancia artificial, tiveram o primeiro aumento significativo de receita este ano, mas analistas alertam que preocupa\u00e7\u00f5es com privacidade e uma onda de novos rivais podem limitar seu crescimento.<\/p>\n<p>O \u00f3culos, lan\u00e7ado em 2021, promete mudar a era dos smartphones, permitindo que os usu\u00e1rios tirem fotos e fa\u00e7am v\u00eddeos por meio de c\u00e2mera instalada na arma\u00e7\u00e3o. O dispositivo \u00e9 capaz de transmitir conte\u00fado para aplicativos da Meta e permite ao usu\u00e1rio ter um assistente de IA.<\/p>\n<p>No entanto, os recursos nascidos da colabora\u00e7\u00e3o entre a Meta e a gigante franco-italiana de \u00f3culos EssilorLuxottica est\u00e3o gerando preocupa\u00e7\u00f5es, pois as pessoas t\u00eam pouco controle sobre a grava\u00e7\u00e3o ou sobre como seus dados s\u00e3o tratados.<\/p>\n<p>\t\t\t\t\t\t\t\t\t\tAproveite a alta da Bolsa!\n\t\t\t\t\t\t\t\t\t\t\t\t\t\t\t<\/p>\n<p>\t\t\t\t\t\t<img decoding=\"async\" class=\"w-full h-full object-cover\" src=\"https:\/\/www.europesays.com\/pt\/wp-content\/uploads\/2025\/12\/CIA-com-texto-900x300-1.png\" alt=\"\"\/><\/p>\n<p>\u2018Os \u00f3culos inteligentes com IA suscitam preocupa\u00e7\u00f5es significativas com rela\u00e7\u00e3o \u00e0 privacidade\u2019, disse Kleanthi Sardeli, advogada do grupo europeu de defesa dos direitos digitais NOYB. \u2018As principais quest\u00f5es est\u00e3o ligadas ao uso de dados pessoais das pessoas para treinar modelos de IA e transpar\u00eancia para quem est\u00e1 ao redor do usu\u00e1rio.\u2019<\/p>\n<p>A Meta, que \u00e9 propriet\u00e1ria do Facebook, Instagram e WhatsApp e gera a maior parte de sua receita com publicidade, est\u00e1 aproveitando os dados dos usu\u00e1rios para alimentar ferramentas de intelig\u00eancia artificial.<\/p>\n<p>Fiscaliza\u00e7\u00e3o na Europa<\/p>\n<p>Os \u00f3rg\u00e3os reguladores europeus t\u00eam sinalizado riscos desde 2021, quando a It\u00e1lia e a Irlanda pediram \u00e0 Meta que esclarecesse como ela cumpria leis de privacidade locais.<\/p>\n<p class=\"py-2\">Continua depois da publicidade<\/p>\n<p>A Comiss\u00e3o de Prote\u00e7\u00e3o de Dados da Irlanda questionou se um min\u00fasculo indicador LED \u00e9 suficiente para alertar as pessoas de que podem estar sendo filmadas pelos usu\u00e1rios dos \u00f3culos, o que levou a Meta e a EssilorLuxottica a ampliar a luz e adicionar um padr\u00e3o que faz a luz piscar.<\/p>\n<p>As preocupa\u00e7\u00f5es com a privacidade s\u00e3o particularmente fortes na Uni\u00e3o Europeia, onde regulamenta\u00e7\u00f5es mais r\u00edgidas retardaram a ado\u00e7\u00e3o de alguns recursos de IA.<\/p>\n<p>Os dispositivos habilitados para IA s\u00e3o regulamentados pela Lei de IA da UE e pelo Regulamento Geral de Prote\u00e7\u00e3o de Dados, ou GDPR.<\/p>\n<p>\u2018Qualquer registro de indiv\u00edduos deve ser claramente comunicado e deve ter uma base legal para registrar indiv\u00edduos\u2019, a menos que os dados tenham sido processados por motivos puramente pessoais ou dom\u00e9sticos, disse um porta-voz da Comiss\u00e3o Europeia.<\/p>\n<p>Mas a aplica\u00e7\u00e3o desses direitos \u00e9 dif\u00edcil quando o propriet\u00e1rio do dispositivo \u00e9 desconhecido, diz a NOYB.<\/p>\n<p>Uma pesquisa realizada pela Monash University em 2024 com mais de 1.000 australianos revelou que os usu\u00e1rios veem os \u00f3culos inteligentes como um est\u00edmulo \u00e0 sua autoimagem e aos seus la\u00e7os sociais, enquanto os n\u00e3o usu\u00e1rios temem viola\u00e7\u00f5es de privacidade.<\/p>\n<p class=\"py-2\">Continua depois da publicidade<\/p>\n<p>A EssilorLuxottica disse que faz parcerias \u2018com autoridades competentes para impulsionar a inova\u00e7\u00e3o, proteger a privacidade e definir novos padr\u00f5es do setor\u2019.<\/p>\n<p>Um porta-voz da Meta se recusou a comentar al\u00e9m de se referir \u00e0 declara\u00e7\u00e3o da EssilorLuxottica.<\/p>\n<p>Concorr\u00eancia esquentando <\/p>\n<p>Os \u00f3culos Ray-Ban Meta lideram o mercado de \u00f3culos com IA gra\u00e7as a uma parceria que une tecnologia e moda, segundo analistas e especialistas, uma lacuna que condenou o Google Glass h\u00e1 uma d\u00e9cada.<\/p>\n<p class=\"py-2\">Continua depois da publicidade<\/p>\n<p>De acordo com o Barclays, a EssilorLuxottica det\u00e9m atualmente uma participa\u00e7\u00e3o de 60% no mercado de \u00f3culos inteligentes.<\/p>\n<p>\u2018Em vez de tentar criar algo bacana, a Meta fez uma parceria com pessoas que sabem o que \u00e9 bacana\u2019, disse Ross Gerber, presidente-executivo da Gerber Kawasaki, empresa de gest\u00e3o de patrim\u00f4nio sediada na Calif\u00f3rnia, que det\u00e9m a\u00e7\u00f5es da Meta.<\/p>\n<p>Mas sua vantagem de pioneira pode desaparecer \u00e0 medida que rivais lan\u00e7am produtos melhores, disse Luca Solca, analista da Bernstein. Os \u00f3culos inteligentes tamb\u00e9m podem canibalizar \u00f3culos tradicionais, que representam cerca de um quarto da receita da EssilorLuxottica.<\/p>\n<p class=\"py-2\">Continua depois da publicidade<\/p>\n<p>V\u00e1rios gigantes da tecnologia pretendem avan\u00e7ar no setor.<\/p>\n<p>Em novembro, a chinesa Alibaba lan\u00e7ou os \u00f3culos Quark com tecnologia de IA na China, onde os Ray-Ban Meta n\u00e3o s\u00e3o vendidos.<\/p>\n<p>Enquanto isso, o mercado espera que a Apple revele seu pr\u00f3prio modelo de \u00f3culos inteligente no pr\u00f3ximo ano e o lance em 2027, afirmou a Bloomberg News.<\/p>\n<p class=\"py-2\">Continua depois da publicidade<\/p>\n<p>O Google est\u00e1 trabalhando com a Warby Parker e a casa de moda de luxo Kering para desenvolver sua pr\u00f3pria vers\u00e3o do aparelho, anunciando na segunda-feira que espera lan\u00e7ar um primeiro produto em 2026. A Amazon tamb\u00e9m est\u00e1 explorando o mercado e a Xiaomi lan\u00e7ou um produto semelhante em junho.<\/p>\n<p>Portf\u00f3lio de marcas<\/p>\n<p>A EssilorLuxottica, a maior fabricante de \u00f3culos do mundo, pode se apoiar em sua rede de 18 mil lojas e em marcas como Prada, Armani e Chanel.<\/p>\n<p>\u2018Um dos principais elementos de diferencia\u00e7\u00e3o para eles n\u00e3o \u00e9 apenas sua capacidade de produzir, mas tamb\u00e9m sua capacidade de distribuir e sua capacidade de alavancar um portf\u00f3lio de marcas\u2019, disse Bassel Choughari, gerente de portf\u00f3lio da Comgest, com sede em Paris, que det\u00e9m a\u00e7\u00f5es da EssilorLuxottica.<\/p>\n<p>\u2018Esse \u00e9 um elemento que n\u00e3o deve ser subestimado.\u2019<\/p>\n<p>O presidente-executivo da EssilorLuxottica, Francesco Milleri, que assumiu o comando da empresa em 2020, est\u00e1 direcionando o grupo para a tecnologia m\u00e9dica.<\/p>\n<p>Os \u00f3culos inteligentes, fundamentais para essa estrat\u00e9gia, contribu\u00edram com mais de quatro pontos percentuais para o crescimento de receita em nove meses da EssilorLuxottica, provocando um rali de 14% no valor da a\u00e7\u00e3o da companhia avaliada em 140 bilh\u00f5es de euros, embora representem apenas 2% das vendas globais, estima o investidor CCLA.<\/p>\n<p>A EssilorLuxottica est\u00e1 procurando aproveitar esse impulso. A empresa ampliou seu portf\u00f3lio para a marca esportiva Oakley e manteve discuss\u00f5es explorat\u00f3rias com a Prada. Em setembro, uma nova vers\u00e3o do Ray-Ban Meta foi apresentado, com um visor incorporado em uma das lentes. O dispositivo pode ser operado por meio de uma pulseira que converte gestos das m\u00e3os em comandos.<\/p>\n","protected":false},"excerpt":{"rendered":"MIL\u00c3O, It\u00e1lia, 9 Dez (Reuters) \u2013 A EssilorLuxottica est\u00e1 apostando alto em \u00f3culos inteligentes e a aposta est\u00e1&hellip;\n","protected":false},"author":2,"featured_media":181817,"comment_status":"","ping_status":"","sticky":false,"template":"","format":"standard","meta":{"footnotes":""},"categories":[84],"tags":[109,107,108,319,111,32,33,105,103,104,106,110],"class_list":{"0":"post-181816","1":"post","2":"type-post","3":"status-publish","4":"format-standard","5":"has-post-thumbnail","7":"category-ciencia-e-tecnologia","8":"tag-ciencia","9":"tag-ciencia-e-tecnologia","10":"tag-cienciaetecnologia","11":"tag-hard-news","12":"tag-meta","13":"tag-portugal","14":"tag-pt","15":"tag-science","16":"tag-science-and-technology","17":"tag-scienceandtechnology","18":"tag-technology","19":"tag-tecnologia"},"share_on_mastodon":{"url":"https:\/\/pubeurope.com\/@pt\/115691206043542753","error":""},"_links":{"self":[{"href":"https:\/\/www.europesays.com\/pt\/wp-json\/wp\/v2\/posts\/181816","targetHints":{"allow":["GET"]}}],"collection":[{"href":"https:\/\/www.europesays.com\/pt\/wp-json\/wp\/v2\/posts"}],"about":[{"href":"https:\/\/www.europesays.com\/pt\/wp-json\/wp\/v2\/types\/post"}],"author":[{"embeddable":true,"href":"https:\/\/www.europesays.com\/pt\/wp-json\/wp\/v2\/users\/2"}],"replies":[{"embeddable":true,"href":"https:\/\/www.europesays.com\/pt\/wp-json\/wp\/v2\/comments?post=181816"}],"version-history":[{"count":0,"href":"https:\/\/www.europesays.com\/pt\/wp-json\/wp\/v2\/posts\/181816\/revisions"}],"wp:featuredmedia":[{"embeddable":true,"href":"https:\/\/www.europesays.com\/pt\/wp-json\/wp\/v2\/media\/181817"}],"wp:attachment":[{"href":"https:\/\/www.europesays.com\/pt\/wp-json\/wp\/v2\/media?parent=181816"}],"wp:term":[{"taxonomy":"category","embeddable":true,"href":"https:\/\/www.europesays.com\/pt\/wp-json\/wp\/v2\/categories?post=181816"},{"taxonomy":"post_tag","embeddable":true,"href":"https:\/\/www.europesays.com\/pt\/wp-json\/wp\/v2\/tags?post=181816"}],"curies":[{"name":"wp","href":"https:\/\/api.w.org\/{rel}","templated":true}]}}