{"id":181818,"date":"2025-12-09T19:15:11","date_gmt":"2025-12-09T19:15:11","guid":{"rendered":"https:\/\/www.europesays.com\/pt\/181818\/"},"modified":"2025-12-09T19:15:11","modified_gmt":"2025-12-09T19:15:11","slug":"redes-sociais-sao-oficialmente-proibidas-na-australia-a-menores-de-16-anos","status":"publish","type":"post","link":"https:\/\/www.europesays.com\/pt\/181818\/","title":{"rendered":"Redes sociais s\u00e3o oficialmente proibidas na Austr\u00e1lia a menores de 16 anos"},"content":{"rendered":"<p>&#13;<br \/>\nA medida entrou em vigor \u00e0s 00h00 de quarta-feira (hora local, 13h00 em Portugal Continental).&#13;\n<\/p>\n<p>&#13;<br \/>\nS\u00e3o aproximadamente 450 mil australianos com menos de 16 anos que ter\u00e3o as suas contas eliminadas em plataformas como o Instagram e o Facebook.\u00a0&#13;\n<\/p>\n<p>\nA medida atinge tamb\u00e9m plataformas como o TikTok, YouTube, Instagram, Facebook e outras das dez maiores empresas globais. <b>A proibi\u00e7\u00e3o \u00e9 justificada pelos riscos que as plataformas representam na sa\u00fade f\u00edsica e mental das crian\u00e7as.<\/b><\/p>\n<p><b>A medida est\u00e1 a ser fortemente contestada por grandes empresas de tecnologia e defensores da liberdade de express\u00e3o, e no lado oposto, amplamente elogiada por pais, organiza\u00e7\u00f5es de prote\u00e7\u00e3o infantil e investigadores<\/b> que alertam h\u00e1 anos para os riscos das redes sociais na sa\u00fade mental dos mais jovens.<\/p>\n<p>Para muitos, o pa\u00eds est\u00e1 a abrir um caminho que outros ir\u00e3o seguir. <b>\u201cEmbora a Austr\u00e1lia seja a primeira a adotar tais restri\u00e7\u00f5es, \u00e9 improv\u00e1vel que seja a \u00faltima\u201d<\/b>, afirma Tama Leaver, professora de estudos da Internet na Universidade Curtin, na Austr\u00e1lia.<\/p>\n<p>A Austr\u00e1lia, pa\u00eds pioneiro desta medida, d\u00e1 agora in\u00edcio a uma experi\u00eancia em tempo real que est\u00e1 a ser acompanhada de perto por legisladores de v\u00e1rios pa\u00edses, cada vez mais frustrados com aquilo que descrevem como uma ind\u00fastria tecnol\u00f3gica lenta e ineficaz na minimiza\u00e7\u00e3o de danos.<\/p>\n<p>Governos da Dinamarca \u00e0 Mal\u00e1sia, e at\u00e9 v\u00e1rios estados dos Estados Unidos, j\u00e1 admitem avan\u00e7ar com medidas semelhantes. O debate intensificou-se ap\u00f3s revela\u00e7\u00f5es internas da empresa Meta, h\u00e1 quatro anos, indicando que a empresa sabia que os seus produtos contribu\u00edam para problemas de imagem corporal e pensamentos suicidas entre adolescentes \u2014 algo que sempre negara publicamente.Como ser\u00e1 aplicada a medida?<br \/>&#13;<br \/>\nDas empresas abrangidas, todas, exceto a X, de Elon Musk, comprometeram-se a cumprir as regras, recorrendo a diferentes m\u00e9todos para estimar a idade dos utilizadores: desde a infer\u00eancia baseada no comportamento online \u00e0 verifica\u00e7\u00e3o atrav\u00e9s de selfies, documentos de identifica\u00e7\u00e3o ou dados banc\u00e1rios associados.<\/p>\n<p><b>As empresas que n\u00e3o bloquearem os menores de 16 anos arriscam multas de cerca de 27 milh\u00f5es de euros (49,5 milh\u00f5es de d\u00f3lares australianos).<\/b><\/p>\n<p>Embora a proibi\u00e7\u00e3o abranja inicialmente dez plataformas, o Governo australiano j\u00e1 anunciou que a lista ser\u00e1 atualizada \u00e0 medida que surjam novos servi\u00e7os e os jovens migrarem para alternativas.<\/p>\n<p>As empresas admitem que o impacto financeiro direto ser\u00e1 limitado, uma vez que os menores de 16 anos n\u00e3o representam uma fatia significativa de receitas publicit\u00e1rias. Contudo, alertam que a proibi\u00e7\u00e3o corta o fluxo de futuros utilizadores numa faixa et\u00e1ria onde as plataformas tradicionalmente fidelizavam audi\u00eancias.<\/p>\n<p>&#13;<br \/>\n<b>At\u00e9 agora, 86% dos jovens australianos entre os 8 e os 15 anos utilizavam redes sociais, segundo dados do Governo australiano.<\/b> Este n\u00famero vai decrescer drasticamente nos pr\u00f3ximos meses, enquanto o mundo observa o que muitos consideram um ensaio geral para a regula\u00e7\u00e3o global do uso de tecnologia por menores.&#13;\n<\/p>\n<p>&#13;<br \/>\n(com ag\u00eancias)&#13;<\/p>\n","protected":false},"excerpt":{"rendered":"&#13; A medida entrou em vigor \u00e0s 00h00 de quarta-feira (hora local, 13h00 em Portugal Continental).&#13; &#13; S\u00e3o&hellip;\n","protected":false},"author":2,"featured_media":181819,"comment_status":"","ping_status":"","sticky":false,"template":"","format":"standard","meta":{"footnotes":""},"categories":[50],"tags":[3273,2337,27,28,1169,15,16,14,1015,3176,25,26,21,22,62,12,13,19,20,23,24,9759,548,1934,17,18,29,30,31,63,64,65],"class_list":{"0":"post-181818","1":"post","2":"type-post","3":"status-publish","4":"format-standard","5":"has-post-thumbnail","7":"category-mundo","8":"tag-adolescentes","9":"tag-australia","10":"tag-breaking-news","11":"tag-breakingnews","12":"tag-facebook","13":"tag-featured-news","14":"tag-featurednews","15":"tag-headlines","16":"tag-instagram","17":"tag-jovens","18":"tag-latest-news","19":"tag-latestnews","20":"tag-main-news","21":"tag-mainnews","22":"tag-mundo","23":"tag-news","24":"tag-noticias","25":"tag-noticias-principais","26":"tag-noticiasprincipais","27":"tag-principais-noticias","28":"tag-principaisnoticias","29":"tag-proibicao","30":"tag-redes-sociais","31":"tag-tiktok","32":"tag-top-stories","33":"tag-topstories","34":"tag-ultimas","35":"tag-ultimas-noticias","36":"tag-ultimasnoticias","37":"tag-world","38":"tag-world-news","39":"tag-worldnews"},"share_on_mastodon":{"url":"https:\/\/pubeurope.com\/@pt\/115691213477261741","error":""},"_links":{"self":[{"href":"https:\/\/www.europesays.com\/pt\/wp-json\/wp\/v2\/posts\/181818","targetHints":{"allow":["GET"]}}],"collection":[{"href":"https:\/\/www.europesays.com\/pt\/wp-json\/wp\/v2\/posts"}],"about":[{"href":"https:\/\/www.europesays.com\/pt\/wp-json\/wp\/v2\/types\/post"}],"author":[{"embeddable":true,"href":"https:\/\/www.europesays.com\/pt\/wp-json\/wp\/v2\/users\/2"}],"replies":[{"embeddable":true,"href":"https:\/\/www.europesays.com\/pt\/wp-json\/wp\/v2\/comments?post=181818"}],"version-history":[{"count":0,"href":"https:\/\/www.europesays.com\/pt\/wp-json\/wp\/v2\/posts\/181818\/revisions"}],"wp:featuredmedia":[{"embeddable":true,"href":"https:\/\/www.europesays.com\/pt\/wp-json\/wp\/v2\/media\/181819"}],"wp:attachment":[{"href":"https:\/\/www.europesays.com\/pt\/wp-json\/wp\/v2\/media?parent=181818"}],"wp:term":[{"taxonomy":"category","embeddable":true,"href":"https:\/\/www.europesays.com\/pt\/wp-json\/wp\/v2\/categories?post=181818"},{"taxonomy":"post_tag","embeddable":true,"href":"https:\/\/www.europesays.com\/pt\/wp-json\/wp\/v2\/tags?post=181818"}],"curies":[{"name":"wp","href":"https:\/\/api.w.org\/{rel}","templated":true}]}}