{"id":181836,"date":"2025-12-09T19:45:11","date_gmt":"2025-12-09T19:45:11","guid":{"rendered":"https:\/\/www.europesays.com\/pt\/181836\/"},"modified":"2025-12-09T19:45:11","modified_gmt":"2025-12-09T19:45:11","slug":"leon-pode-estar-em-resident-evil-9-requiem-indica-vazamento","status":"publish","type":"post","link":"https:\/\/www.europesays.com\/pt\/181836\/","title":{"rendered":"Leon pode estar em Resident Evil 9: Requiem, indica vazamento\u00a0"},"content":{"rendered":"<p>Um vazamento recente sugere que Leon S. Kennedy, personagem ic\u00f4nico da franquia Resident Evil, pode estar presente no pr\u00f3ximo t\u00edtulo da s\u00e9rie desenvolvida pela Capcom. A informa\u00e7\u00e3o surgiu nesta ter\u00e7a-feira (9\/12), dias antes do Game Awards, evento que deve trazer novidades oficiais sobre o jogo.<\/p>\n<p>O material, vazado atrav\u00e9s da PlayStation Store, mostra uma arte atualizada de Resident Evil 9: Requiem, onde o agente aparece posicionado atr\u00e1s da protagonista Grace Ashcroft.\u00a0<\/p>\n<p>A Capcom ainda n\u00e3o confirmou oficialmente a participa\u00e7\u00e3o do personagem no jogo. A empresa j\u00e1 havia negado rumores semelhantes anteriormente, classificando alguns vazamentos como incorretos, mas n\u00e3o se pronunciou sobre este caso espec\u00edfico.<\/p>\n<p>Resident Evil 9: Requiem tem lan\u00e7amento programado para 27 de fevereiro de 2026. O jogo ser\u00e1 disponibilizado para PlayStation 5, Xbox Series X|S e PC.<\/p>\n<p>The Game Awards 2025 acontece nesta quinta-feira (11\/12). Como o evento \u00e9 tradicionalmente utilizado por desenvolvedoras para an\u00fancios importantes, \u00e9 poss\u00edvel que novidades sobre Resident Evil sejam divulgadas.<\/p>\n","protected":false},"excerpt":{"rendered":"Um vazamento recente sugere que Leon S. Kennedy, personagem ic\u00f4nico da franquia Resident Evil, pode estar presente no&hellip;\n","protected":false},"author":2,"featured_media":181837,"comment_status":"","ping_status":"","sticky":false,"template":"","format":"standard","meta":{"footnotes":""},"categories":[84],"tags":[109,107,108,905,37172,32,33,37173,105,103,104,106,110,37171],"class_list":{"0":"post-181836","1":"post","2":"type-post","3":"status-publish","4":"format-standard","5":"has-post-thumbnail","7":"category-ciencia-e-tecnologia","8":"tag-ciencia","9":"tag-ciencia-e-tecnologia","10":"tag-cienciaetecnologia","11":"tag-games","12":"tag-leon","13":"tag-portugal","14":"tag-pt","15":"tag-resident-evil-9","16":"tag-science","17":"tag-science-and-technology","18":"tag-scienceandtechnology","19":"tag-technology","20":"tag-tecnologia","21":"tag-vazamento"},"share_on_mastodon":{"url":"https:\/\/pubeurope.com\/@pt\/115691331433561106","error":""},"_links":{"self":[{"href":"https:\/\/www.europesays.com\/pt\/wp-json\/wp\/v2\/posts\/181836","targetHints":{"allow":["GET"]}}],"collection":[{"href":"https:\/\/www.europesays.com\/pt\/wp-json\/wp\/v2\/posts"}],"about":[{"href":"https:\/\/www.europesays.com\/pt\/wp-json\/wp\/v2\/types\/post"}],"author":[{"embeddable":true,"href":"https:\/\/www.europesays.com\/pt\/wp-json\/wp\/v2\/users\/2"}],"replies":[{"embeddable":true,"href":"https:\/\/www.europesays.com\/pt\/wp-json\/wp\/v2\/comments?post=181836"}],"version-history":[{"count":0,"href":"https:\/\/www.europesays.com\/pt\/wp-json\/wp\/v2\/posts\/181836\/revisions"}],"wp:featuredmedia":[{"embeddable":true,"href":"https:\/\/www.europesays.com\/pt\/wp-json\/wp\/v2\/media\/181837"}],"wp:attachment":[{"href":"https:\/\/www.europesays.com\/pt\/wp-json\/wp\/v2\/media?parent=181836"}],"wp:term":[{"taxonomy":"category","embeddable":true,"href":"https:\/\/www.europesays.com\/pt\/wp-json\/wp\/v2\/categories?post=181836"},{"taxonomy":"post_tag","embeddable":true,"href":"https:\/\/www.europesays.com\/pt\/wp-json\/wp\/v2\/tags?post=181836"}],"curies":[{"name":"wp","href":"https:\/\/api.w.org\/{rel}","templated":true}]}}