{"id":181838,"date":"2025-12-09T19:47:27","date_gmt":"2025-12-09T19:47:27","guid":{"rendered":"https:\/\/www.europesays.com\/pt\/181838\/"},"modified":"2025-12-09T19:47:27","modified_gmt":"2025-12-09T19:47:27","slug":"trump-furioso-com-zelenskyy-ja-todos-leram-o-plano-de-paz-menos-ele","status":"publish","type":"post","link":"https:\/\/www.europesays.com\/pt\/181838\/","title":{"rendered":"Trump furioso com Zelenskyy: &#8220;J\u00e1 todos leram o plano de paz, menos ele&#8221;"},"content":{"rendered":"<p class=\"wp-caption-text top\">Jim Lo Scalzo \/ EPA<\/p>\n<p><img decoding=\"async\" loading=\"lazy\" class=\"size-kopa-image-size-3 wp-image-663029\" src=\"https:\/\/www.europesays.com\/pt\/wp-content\/uploads\/2025\/12\/5a639e429cb83e50348d603688def8c0-783x450.jpg\" alt=\"\" width=\"700\" height=\"402\"  \/><\/p>\n<p class=\"wp-caption-text bot\">Volodymyr Zelenskyy e Donald Trump, em fevereiro<\/p>\n<p><strong>Donald Trump fez duras cr\u00edticas a Volodymyr Zelenskyy, por alegadamente ainda \u201cn\u00e3o ter lido a proposta\u201d de paz dos EUA para a Ucr\u00e2nia, que tem sido objeto de negocia\u00e7\u00f5es separadas com Moscovo e Kiev.<\/strong><\/p>\n<p>\u201c<strong>Estou desapontado com Zelenskyy<\/strong>, por ainda n\u00e3o ter lido a proposta. O seu povo adorou, mas ele nem sequer leu\u201d, afirmou Trump, aos jornalista, este domingo \u00e0 noite.<\/p>\n<p>\u201cA R\u00fassia est\u00e1, creio eu, de acordo com o plano, mas n\u00e3o tenho a certeza se Zelenskyy est\u00e1. O seu povo adora, mas ele n\u00e3o est\u00e1 pronto\u201d, repetiu.<\/p>\n<p>\u201cEsta situa\u00e7\u00e3o conv\u00e9m \u00e0 R\u00fassia. Acho que a R\u00fassia preferiria ter todo o pa\u00eds\u201d, mas \u201cn\u00e3o tenho a certeza se isso conv\u00e9m a Zelenskyy\u201d, disse o presidente norte-americano.<\/p>\n<p>Destinado a p\u00f4r fim ao conflito desencadeado pela ofensiva russa contra a Ucr\u00e2nia em fevereiro de 2022, o <strong>plano foi alterado substancialmente<\/strong> ap\u00f3s v\u00e1rias sess\u00f5es de negocia\u00e7\u00f5es com os ucranianos em Genebra e na Florida, para tentar alterar o texto <strong>em favor de Kiev<\/strong>.<\/p>\n<p>O documento foi apresentado na ter\u00e7a-feira ao presidente russo, Vladimir Putin, durante uma visita a Moscovo do enviado presidencial norte-americano, Steve Witkoff, e do genro do presidente norte-americano e mediador informal, Jared Kushner.<\/p>\n<p>Poucos detalhes foram divulgados sobre este plano alterado.<\/p>\n<p>Os Estados Unidos apresentaram h\u00e1 quase tr\u00eas semanas uma proposta inicial com 28 pontos, que a Uni\u00e3o Europeia e a Ucr\u00e2nia consideraram que favorecia Moscovo, e que n\u00e3o incorporou contributos da Uni\u00e3o Europeia ou da Ucr\u00e2nia.<\/p>\n<p>O plano inicial previa, entre outras quest\u00f5es, o reconhecimento da soberania russa no Donbass e na Crimeia, anexada em 2014.<\/p>\n<p>Previa tamb\u00e9m a redu\u00e7\u00e3o do ex\u00e9rcito ucraniano para 600.000 efetivos, menos 200.000 do que atualmente, e a ren\u00fancia da Ucr\u00e2nia \u00e0 ades\u00e3o \u00e0 NATO, inscrita na Constitui\u00e7\u00e3o do pa\u00eds.<\/p>\n<p>Zelenskyy vai reunir-se esta segunda-feira em Londres, como o primeiro-ministro brit\u00e2nico <strong>Keir Starmer<\/strong>, o presidente franc\u00eas <strong>Emmanuel Macron<\/strong>, e o chanceler alem\u00e3o <strong>Friedrich Merz<\/strong> para debater o futuro da Ucr\u00e2nia.<\/p>\n<p>    <a href=\"https:\/\/zap.aeiou.pt\/subscrever-newsletter\" data-wpel-link=\"internal\" rel=\"nofollow noopener\" target=\"_blank\">&#13;<br \/>\n        <img loading=\"lazy\" decoding=\"async\" class=\"aligncenter size-full wp-image-575475\" src=\"https:\/\/www.europesays.com\/pt\/wp-content\/uploads\/2025\/12\/2d51fe4a0ba54894421ead1809309ed9-1-450x140.jpg\" alt=\"Subscreva a Newsletter ZAP\" width=\"450\" height=\"140\"\/>&#13;<br \/>\n    <\/a><\/p>\n<p>                <a href=\"https:\/\/whatsapp.com\/channel\/0029VaIC4EE2f3EJZPPSbR34\" data-wpel-link=\"external\" target=\"_blank\" rel=\"nofollow external noopener noreferrer\" class=\"ext-link\">&#13;<br \/>\n                    <img loading=\"lazy\" decoding=\"async\" class=\"aligncenter size-full wp-image-575475\" src=\"https:\/\/www.europesays.com\/pt\/wp-content\/uploads\/2025\/12\/c68c559d956d4ca20f435ed74a6e71e6.png\" alt=\"Siga-nos no WhatsApp\" width=\"175\" height=\"64\"\/>&#13;<br \/>\n                <\/a><\/p>\n<p>                <a href=\"https:\/\/news.google.com\/publications\/CAAiEHRwZondIV71PDjWNoqMduEqFAgKIhB0cGaJ3SFe9Tw41jaKjHbh?hl=en-US&amp;gl=US&amp;ceid=US%3Aen\" data-wpel-link=\"external\" target=\"_blank\" rel=\"nofollow external noopener noreferrer\" class=\"ext-link\">&#13;<br \/>\n                    <img loading=\"lazy\" decoding=\"async\" class=\"aligncenter size-full wp-image-575475\" src=\"https:\/\/www.europesays.com\/pt\/wp-content\/uploads\/2025\/12\/5123dd8b087b644fdb8f8603acd1bad4.png\" alt=\"Siga-nos no Google News\" width=\"176\" height=\"64\"\/>&#13;<br \/>\n                <\/a><\/p>\n","protected":false},"excerpt":{"rendered":"Jim Lo Scalzo \/ EPA Volodymyr Zelenskyy e Donald Trump, em fevereiro Donald Trump fez duras cr\u00edticas a&hellip;\n","protected":false},"author":2,"featured_media":181839,"comment_status":"","ping_status":"","sticky":false,"template":"","format":"standard","meta":{"footnotes":""},"categories":[50],"tags":[27,28,269,92,15,16,830,14,25,26,21,22,62,12,13,19,20,23,24,839,17,18,840,29,30,31,8478,63,64,65],"class_list":{"0":"post-181838","1":"post","2":"type-post","3":"status-publish","4":"format-standard","5":"has-post-thumbnail","7":"category-mundo","8":"tag-breaking-news","9":"tag-breakingnews","10":"tag-capa","11":"tag-donald-trump","12":"tag-featured-news","13":"tag-featurednews","14":"tag-guerra","15":"tag-headlines","16":"tag-latest-news","17":"tag-latestnews","18":"tag-main-news","19":"tag-mainnews","20":"tag-mundo","21":"tag-news","22":"tag-noticias","23":"tag-noticias-principais","24":"tag-noticiasprincipais","25":"tag-principais-noticias","26":"tag-principaisnoticias","27":"tag-russia","28":"tag-top-stories","29":"tag-topstories","30":"tag-ucrania","31":"tag-ultimas","32":"tag-ultimas-noticias","33":"tag-ultimasnoticias","34":"tag-volodymyr-zelenskyy","35":"tag-world","36":"tag-world-news","37":"tag-worldnews"},"share_on_mastodon":{"url":"https:\/\/pubeurope.com\/@pt\/115691339717123230","error":""},"_links":{"self":[{"href":"https:\/\/www.europesays.com\/pt\/wp-json\/wp\/v2\/posts\/181838","targetHints":{"allow":["GET"]}}],"collection":[{"href":"https:\/\/www.europesays.com\/pt\/wp-json\/wp\/v2\/posts"}],"about":[{"href":"https:\/\/www.europesays.com\/pt\/wp-json\/wp\/v2\/types\/post"}],"author":[{"embeddable":true,"href":"https:\/\/www.europesays.com\/pt\/wp-json\/wp\/v2\/users\/2"}],"replies":[{"embeddable":true,"href":"https:\/\/www.europesays.com\/pt\/wp-json\/wp\/v2\/comments?post=181838"}],"version-history":[{"count":0,"href":"https:\/\/www.europesays.com\/pt\/wp-json\/wp\/v2\/posts\/181838\/revisions"}],"wp:featuredmedia":[{"embeddable":true,"href":"https:\/\/www.europesays.com\/pt\/wp-json\/wp\/v2\/media\/181839"}],"wp:attachment":[{"href":"https:\/\/www.europesays.com\/pt\/wp-json\/wp\/v2\/media?parent=181838"}],"wp:term":[{"taxonomy":"category","embeddable":true,"href":"https:\/\/www.europesays.com\/pt\/wp-json\/wp\/v2\/categories?post=181838"},{"taxonomy":"post_tag","embeddable":true,"href":"https:\/\/www.europesays.com\/pt\/wp-json\/wp\/v2\/tags?post=181838"}],"curies":[{"name":"wp","href":"https:\/\/api.w.org\/{rel}","templated":true}]}}