{"id":181862,"date":"2025-12-09T20:16:12","date_gmt":"2025-12-09T20:16:12","guid":{"rendered":"https:\/\/www.europesays.com\/pt\/181862\/"},"modified":"2025-12-09T20:16:12","modified_gmt":"2025-12-09T20:16:12","slug":"invadiu-casa-da-ex-companheira-agrediu-a-e-levou-os-dois-filhos-menores","status":"publish","type":"post","link":"https:\/\/www.europesays.com\/pt\/181862\/","title":{"rendered":"Invadiu casa da ex-companheira, agrediu-a e levou os dois filhos menores"},"content":{"rendered":"<p data-remotead-prev-elm=\"true\" data-remotead-elm-id=\"inread\">O caso ocorreu no s\u00e1bado, na zona do Porto. O homem danificou a porta da casa da ex-companheira e conseguiu entrar na habita\u00e7\u00e3o. Agrediu a mulher, de 28 anos, e fugiu, levando consigo os dois filhos menores de ambos: um de tr\u00eas anos e um de quatro meses.<\/p>\n<p>A PSP foi alertada para a situa\u00e7\u00e3o e, na sequ\u00eancia de dilig\u00eancias, conseguiu contactar com o suspeito. Este prontificou-se a entregar o filho mais novo e indicou a morada onde estava a residir. Os pol\u00edcias foram ao seu encontro e, ao v\u00ea-lo com os dois filhos menores, intercetaram-no.<\/p>\n<p>Segundo a PSP, &#8220;perante todo o contexto, foi emitido um mandado, dando-se cumprimento ao mesmo fora de flagrante delito&#8221;. O suspeito foi apresentado a primeiro interrogat\u00f3rio judicial, tendo ficado proibido de se aproximar da v\u00edtima.<\/p>\n","protected":false},"excerpt":{"rendered":"O caso ocorreu no s\u00e1bado, na zona do Porto. O homem danificou a porta da casa da ex-companheira&hellip;\n","protected":false},"author":2,"featured_media":181863,"comment_status":"","ping_status":"","sticky":false,"template":"","format":"standard","meta":{"footnotes":""},"categories":[10],"tags":[27,28,15,16,14,603,25,26,21,22,12,13,19,20,462,32,23,24,1306,33,17,18,29,30,31,3218],"class_list":{"0":"post-181862","1":"post","2":"type-post","3":"status-publish","4":"format-standard","5":"has-post-thumbnail","7":"category-portugal","8":"tag-breaking-news","9":"tag-breakingnews","10":"tag-featured-news","11":"tag-featurednews","12":"tag-headlines","13":"tag-justica","14":"tag-latest-news","15":"tag-latestnews","16":"tag-main-news","17":"tag-mainnews","18":"tag-news","19":"tag-noticias","20":"tag-noticias-principais","21":"tag-noticiasprincipais","22":"tag-porto","23":"tag-portugal","24":"tag-principais-noticias","25":"tag-principaisnoticias","26":"tag-psp","27":"tag-pt","28":"tag-top-stories","29":"tag-topstories","30":"tag-ultimas","31":"tag-ultimas-noticias","32":"tag-ultimasnoticias","33":"tag-violencia-domestica"},"share_on_mastodon":{"url":"https:\/\/pubeurope.com\/@pt\/115691453792507696","error":""},"_links":{"self":[{"href":"https:\/\/www.europesays.com\/pt\/wp-json\/wp\/v2\/posts\/181862","targetHints":{"allow":["GET"]}}],"collection":[{"href":"https:\/\/www.europesays.com\/pt\/wp-json\/wp\/v2\/posts"}],"about":[{"href":"https:\/\/www.europesays.com\/pt\/wp-json\/wp\/v2\/types\/post"}],"author":[{"embeddable":true,"href":"https:\/\/www.europesays.com\/pt\/wp-json\/wp\/v2\/users\/2"}],"replies":[{"embeddable":true,"href":"https:\/\/www.europesays.com\/pt\/wp-json\/wp\/v2\/comments?post=181862"}],"version-history":[{"count":0,"href":"https:\/\/www.europesays.com\/pt\/wp-json\/wp\/v2\/posts\/181862\/revisions"}],"wp:featuredmedia":[{"embeddable":true,"href":"https:\/\/www.europesays.com\/pt\/wp-json\/wp\/v2\/media\/181863"}],"wp:attachment":[{"href":"https:\/\/www.europesays.com\/pt\/wp-json\/wp\/v2\/media?parent=181862"}],"wp:term":[{"taxonomy":"category","embeddable":true,"href":"https:\/\/www.europesays.com\/pt\/wp-json\/wp\/v2\/categories?post=181862"},{"taxonomy":"post_tag","embeddable":true,"href":"https:\/\/www.europesays.com\/pt\/wp-json\/wp\/v2\/tags?post=181862"}],"curies":[{"name":"wp","href":"https:\/\/api.w.org\/{rel}","templated":true}]}}