{"id":181868,"date":"2025-12-09T20:19:08","date_gmt":"2025-12-09T20:19:08","guid":{"rendered":"https:\/\/www.europesays.com\/pt\/181868\/"},"modified":"2025-12-09T20:19:08","modified_gmt":"2025-12-09T20:19:08","slug":"contratacao-clube-de-criacao","status":"publish","type":"post","link":"https:\/\/www.europesays.com\/pt\/181868\/","title":{"rendered":"Contrata\u00e7\u00e3o &#8211; Clube de Cria\u00e7\u00e3o"},"content":{"rendered":"<p><strong>Alex Adati<\/strong> chega \u00e0 <strong>Artplan\u00a0<\/strong>como <strong>diretor-executivo de cria\u00e7\u00e3o <\/strong>em S\u00e3o Paulo.<\/p>\n<p><strong>Redator<\/strong> de origem, o profissional passa a fazer parte do time composto pelos tamb\u00e9m ECDs <strong>Roberta Moraes e Renato Simon <\/strong>(este \u00faltimo, anunciado na equipe da ag\u00eancia no in\u00edcio do m\u00eas, <strong><a href=\"https:\/\/clubedecriacao.com.br\/ultimas\/contratacao-1556\/\" target=\"_blank\" rel=\"noopener nofollow\">leia aqui<\/a><\/strong>).<\/p>\n<p>Na casa nova, Adati passa a se reportar aos CCOs <strong>Rodrigo Almeida (Monte), Rafael Gil e Marcello Noronha<\/strong>.<\/p>\n<p>Com mais de 17 anos de carreira, o criativo trabalhou na <strong>LePub, AKQA, Wieden+Kennedy, Wunderman+Thompson<\/strong> (atual VML), <strong>DM9<\/strong>, <strong>FCB<\/strong>, <strong>Publicis<\/strong> e <strong>Loducca<\/strong>.<\/p>\n<p>\u00a0<\/p>\n","protected":false},"excerpt":{"rendered":"Alex Adati chega \u00e0 Artplan\u00a0como diretor-executivo de cria\u00e7\u00e3o em S\u00e3o Paulo. Redator de origem, o profissional passa a&hellip;\n","protected":false},"author":2,"featured_media":181869,"comment_status":"","ping_status":"","sticky":false,"template":"","format":"standard","meta":{"footnotes":""},"categories":[144],"tags":[207,205,206,203,201,202,204,114,115,32,33],"class_list":{"0":"post-181868","1":"post","2":"type-post","3":"status-publish","4":"format-standard","5":"has-post-thumbnail","7":"category-arte-e-design","8":"tag-arte","9":"tag-arte-e-design","10":"tag-artedesign","11":"tag-arts","12":"tag-arts-and-design","13":"tag-artsanddesign","14":"tag-design","15":"tag-entertainment","16":"tag-entretenimento","17":"tag-portugal","18":"tag-pt"},"share_on_mastodon":{"url":"https:\/\/pubeurope.com\/@pt\/115691465136006985","error":""},"_links":{"self":[{"href":"https:\/\/www.europesays.com\/pt\/wp-json\/wp\/v2\/posts\/181868","targetHints":{"allow":["GET"]}}],"collection":[{"href":"https:\/\/www.europesays.com\/pt\/wp-json\/wp\/v2\/posts"}],"about":[{"href":"https:\/\/www.europesays.com\/pt\/wp-json\/wp\/v2\/types\/post"}],"author":[{"embeddable":true,"href":"https:\/\/www.europesays.com\/pt\/wp-json\/wp\/v2\/users\/2"}],"replies":[{"embeddable":true,"href":"https:\/\/www.europesays.com\/pt\/wp-json\/wp\/v2\/comments?post=181868"}],"version-history":[{"count":0,"href":"https:\/\/www.europesays.com\/pt\/wp-json\/wp\/v2\/posts\/181868\/revisions"}],"wp:featuredmedia":[{"embeddable":true,"href":"https:\/\/www.europesays.com\/pt\/wp-json\/wp\/v2\/media\/181869"}],"wp:attachment":[{"href":"https:\/\/www.europesays.com\/pt\/wp-json\/wp\/v2\/media?parent=181868"}],"wp:term":[{"taxonomy":"category","embeddable":true,"href":"https:\/\/www.europesays.com\/pt\/wp-json\/wp\/v2\/categories?post=181868"},{"taxonomy":"post_tag","embeddable":true,"href":"https:\/\/www.europesays.com\/pt\/wp-json\/wp\/v2\/tags?post=181868"}],"curies":[{"name":"wp","href":"https:\/\/api.w.org\/{rel}","templated":true}]}}