{"id":181878,"date":"2025-12-09T20:32:08","date_gmt":"2025-12-09T20:32:08","guid":{"rendered":"https:\/\/www.europesays.com\/pt\/181878\/"},"modified":"2025-12-09T20:32:08","modified_gmt":"2025-12-09T20:32:08","slug":"comboio-descarrila-na-linha-do-oeste-e-causa-dois-feridos-circulacao-interrompida-acidentes","status":"publish","type":"post","link":"https:\/\/www.europesays.com\/pt\/181878\/","title":{"rendered":"Comboio descarrila na Linha do Oeste e causa dois feridos, circula\u00e7\u00e3o interrompida | Acidentes"},"content":{"rendered":"<p>Um comboio descarrilou nesta ter\u00e7a-feira na linha ferrovi\u00e1ria do Oeste, devido a um aluimento de terras junto ao apeadeiro de Alcain\u00e7a, no concelho de Mafra, provocando dois feridos e interrompendo a circula\u00e7\u00e3o, indicaram fontes da CP e da IP.<\/p>\n<p>O descarrilamento do comboio, que seguia em direc\u00e7\u00e3o a sul, aconteceu &#8220;por volta das 15h&#8221;, devido a uma barreira de terra na linha junto ao apeadeiro de Alcain\u00e7a, no concelho de Mafra.<\/p>\n<p>Segundo o comandante dos bombeiros da Malveira, Miguel Oliveira, a composi\u00e7\u00e3o circulava com 16 passageiros quando ocorreu o acidente. Dois deles, o revisor e o maquinista, sofreram escoria\u00e7\u00f5es, segundo a SIC Not\u00edcias. Foram posteriormente transportados para a urg\u00eancia da Unidade Local de Sa\u00fade de Santa Maria, em Lisboa. Os restantes 15 passageiros conseguiram sair pelo pr\u00f3prio p\u00e9.<\/p>\n<p>A fonte da CP indicou ainda que a circula\u00e7\u00e3o de comboios est\u00e1 interrompida entre as esta\u00e7\u00f5es de Mele\u00e7as (Sintra) e Malveira (Mafra). A carruagem ainda precisa de ser removida, n\u00e3o havendo previs\u00e3o para a retoma das viagens.<\/p>\n<p>Fonte da IP adiantou que est\u00e3o no local equipas a avaliar os danos na composi\u00e7\u00e3o e na linha. A CP est\u00e1 a assegurar o transbordo dos passageiros por via rodovi\u00e1ria na zona suspensa \u00e0 circula\u00e7\u00e3o de comboios.<\/p>\n<p>Para o acidente, foram mobilizados 13 operacionais e cinco ve\u00edculos, entre os quais meios dos bombeiros da Malveira.<\/p>\n","protected":false},"excerpt":{"rendered":"Um comboio descarrilou nesta ter\u00e7a-feira na linha ferrovi\u00e1ria do Oeste, devido a um aluimento de terras junto ao&hellip;\n","protected":false},"author":2,"featured_media":181879,"comment_status":"","ping_status":"","sticky":false,"template":"","format":"standard","meta":{"footnotes":""},"categories":[10],"tags":[1455,27,28,13858,14671,15,16,14,25,26,352,21,22,12,13,19,20,32,23,24,33,58,17,18,2588,29,30,31],"class_list":{"0":"post-181878","1":"post","2":"type-post","3":"status-publish","4":"format-standard","5":"has-post-thumbnail","7":"category-portugal","8":"tag-acidentes","9":"tag-breaking-news","10":"tag-breakingnews","11":"tag-comboios","12":"tag-cp","13":"tag-featured-news","14":"tag-featurednews","15":"tag-headlines","16":"tag-latest-news","17":"tag-latestnews","18":"tag-local","19":"tag-main-news","20":"tag-mainnews","21":"tag-news","22":"tag-noticias","23":"tag-noticias-principais","24":"tag-noticiasprincipais","25":"tag-portugal","26":"tag-principais-noticias","27":"tag-principaisnoticias","28":"tag-pt","29":"tag-sociedade","30":"tag-top-stories","31":"tag-topstories","32":"tag-transportes","33":"tag-ultimas","34":"tag-ultimas-noticias","35":"tag-ultimasnoticias"},"share_on_mastodon":{"url":"https:\/\/pubeurope.com\/@pt\/115691516548676580","error":""},"_links":{"self":[{"href":"https:\/\/www.europesays.com\/pt\/wp-json\/wp\/v2\/posts\/181878","targetHints":{"allow":["GET"]}}],"collection":[{"href":"https:\/\/www.europesays.com\/pt\/wp-json\/wp\/v2\/posts"}],"about":[{"href":"https:\/\/www.europesays.com\/pt\/wp-json\/wp\/v2\/types\/post"}],"author":[{"embeddable":true,"href":"https:\/\/www.europesays.com\/pt\/wp-json\/wp\/v2\/users\/2"}],"replies":[{"embeddable":true,"href":"https:\/\/www.europesays.com\/pt\/wp-json\/wp\/v2\/comments?post=181878"}],"version-history":[{"count":0,"href":"https:\/\/www.europesays.com\/pt\/wp-json\/wp\/v2\/posts\/181878\/revisions"}],"wp:featuredmedia":[{"embeddable":true,"href":"https:\/\/www.europesays.com\/pt\/wp-json\/wp\/v2\/media\/181879"}],"wp:attachment":[{"href":"https:\/\/www.europesays.com\/pt\/wp-json\/wp\/v2\/media?parent=181878"}],"wp:term":[{"taxonomy":"category","embeddable":true,"href":"https:\/\/www.europesays.com\/pt\/wp-json\/wp\/v2\/categories?post=181878"},{"taxonomy":"post_tag","embeddable":true,"href":"https:\/\/www.europesays.com\/pt\/wp-json\/wp\/v2\/tags?post=181878"}],"curies":[{"name":"wp","href":"https:\/\/api.w.org\/{rel}","templated":true}]}}