{"id":181896,"date":"2025-12-09T20:46:20","date_gmt":"2025-12-09T20:46:20","guid":{"rendered":"https:\/\/www.europesays.com\/pt\/181896\/"},"modified":"2025-12-09T20:46:20","modified_gmt":"2025-12-09T20:46:20","slug":"os-bastidores-das-quatro-greves-gerais-conjuntas-em-portugal","status":"publish","type":"post","link":"https:\/\/www.europesays.com\/pt\/181896\/","title":{"rendered":"Os bastidores das quatro greves gerais conjuntas em Portugal"},"content":{"rendered":"<p>Nessa manh\u00e3 de segunda-feira, o primeiro-ministro n\u00e3o acordou no Pal\u00e1cio de S\u00e3o Bento, mas \u00e0 mesa do pequeno-almo\u00e7o do hotel em que tinha dormido, no Porto, n\u00e3o tinha faltado nem \u201cp\u00e3o quente\u201d, nem o \u201cleite quente\u201d. Depois de comer, at\u00e9 \u201cviu pessoas a irem para os empregos em autocarros\u201d, contou mais tarde aos jornalistas que o acompanharam de perto durante todo o dia e a quem repetiu exaustivamente que n\u00e3o havia sinais do que tinha sido prometido. \u201c<strong>Se h\u00e1 greve geral, n\u00e3o notei. T\u00e3o pouco parcial, diria mesmo, parcial\u00edssima<\/strong>\u201d, afirmava com certeza An\u00edbal Cavaco Silva. Era <strong>28 de mar\u00e7o de 1988.<\/strong><\/p>\n<p>Quando desejou uma \u201ccontinua\u00e7\u00e3o de boa greve parcial\u00edssima\u201d aos trabalhadores portugueses, j\u00e1 estava no aeroporto de Pedras Rubras (atual aeroporto Francisco S\u00e1 Carneiro) para seguir viagem para sul. No per\u00edodo da manh\u00e3, Cavaco visitou n\u00e3o uma, mas duas f\u00e1bricas em que \u201cestava tudo a funcionar normalmente\u201d. Primeiro foi \u00e0 Salvador Caetano, em Vila Nova de Gaia, depois \u00e0 Portucel, em Vila do Conde, e fez ainda quest\u00e3o de, a caminho do voo que o iria levar de regresso a Lisboa, atravessar a zona industrial da Maia com a confian\u00e7a de que pouco ou nada tinha parado por ali.<\/p>\n<p>Mas houve planos que deixou pelo caminho. No dia anterior tinha anunciado que ia andar num autocarro da Sociedade de Transportes Coletivos do Porto (STCP), mas essa viagem nunca aconteceu. A greve acabou por ter grande incid\u00eancia nos servi\u00e7os de transporte na \u00e1rea metropolitana do Porto, com o Di\u00e1rio de Not\u00edcias a falar numa ades\u00e3o de \u201c90% dos trabalhadores da rodovi\u00e1ria nacional e dos STCP\u201d.<\/p>\n<p>Para ler este artigo na \u00edntegra, clique <a href=\"https:\/\/sapo.pt\/artigo\/os-bastidores-das-quatro-greves-gerais-conjuntas-em-portugal-69384a101556ac5a60b3bce0\" rel=\"nofollow noopener\" target=\"_blank\"> aqui<\/a>.<\/p>\n","protected":false},"excerpt":{"rendered":"Nessa manh\u00e3 de segunda-feira, o primeiro-ministro n\u00e3o acordou no Pal\u00e1cio de S\u00e3o Bento, mas \u00e0 mesa do pequeno-almo\u00e7o&hellip;\n","protected":false},"author":2,"featured_media":181897,"comment_status":"","ping_status":"","sticky":false,"template":"","format":"standard","meta":{"footnotes":""},"categories":[10],"tags":[27,28,15,16,14,25,26,21,22,12,13,19,20,32,23,24,33,17,18,29,30,31],"class_list":{"0":"post-181896","1":"post","2":"type-post","3":"status-publish","4":"format-standard","5":"has-post-thumbnail","7":"category-portugal","8":"tag-breaking-news","9":"tag-breakingnews","10":"tag-featured-news","11":"tag-featurednews","12":"tag-headlines","13":"tag-latest-news","14":"tag-latestnews","15":"tag-main-news","16":"tag-mainnews","17":"tag-news","18":"tag-noticias","19":"tag-noticias-principais","20":"tag-noticiasprincipais","21":"tag-portugal","22":"tag-principais-noticias","23":"tag-principaisnoticias","24":"tag-pt","25":"tag-top-stories","26":"tag-topstories","27":"tag-ultimas","28":"tag-ultimas-noticias","29":"tag-ultimasnoticias"},"share_on_mastodon":{"url":"https:\/\/pubeurope.com\/@pt\/115691571646992216","error":""},"_links":{"self":[{"href":"https:\/\/www.europesays.com\/pt\/wp-json\/wp\/v2\/posts\/181896","targetHints":{"allow":["GET"]}}],"collection":[{"href":"https:\/\/www.europesays.com\/pt\/wp-json\/wp\/v2\/posts"}],"about":[{"href":"https:\/\/www.europesays.com\/pt\/wp-json\/wp\/v2\/types\/post"}],"author":[{"embeddable":true,"href":"https:\/\/www.europesays.com\/pt\/wp-json\/wp\/v2\/users\/2"}],"replies":[{"embeddable":true,"href":"https:\/\/www.europesays.com\/pt\/wp-json\/wp\/v2\/comments?post=181896"}],"version-history":[{"count":0,"href":"https:\/\/www.europesays.com\/pt\/wp-json\/wp\/v2\/posts\/181896\/revisions"}],"wp:featuredmedia":[{"embeddable":true,"href":"https:\/\/www.europesays.com\/pt\/wp-json\/wp\/v2\/media\/181897"}],"wp:attachment":[{"href":"https:\/\/www.europesays.com\/pt\/wp-json\/wp\/v2\/media?parent=181896"}],"wp:term":[{"taxonomy":"category","embeddable":true,"href":"https:\/\/www.europesays.com\/pt\/wp-json\/wp\/v2\/categories?post=181896"},{"taxonomy":"post_tag","embeddable":true,"href":"https:\/\/www.europesays.com\/pt\/wp-json\/wp\/v2\/tags?post=181896"}],"curies":[{"name":"wp","href":"https:\/\/api.w.org\/{rel}","templated":true}]}}