{"id":18190,"date":"2025-08-06T10:23:09","date_gmt":"2025-08-06T10:23:09","guid":{"rendered":"https:\/\/www.europesays.com\/pt\/18190\/"},"modified":"2025-08-06T10:23:09","modified_gmt":"2025-08-06T10:23:09","slug":"iphone-17-prestes-a-ser-revelado-esta-podera-ser-a-data-escolhida-pela-apple","status":"publish","type":"post","link":"https:\/\/www.europesays.com\/pt\/18190\/","title":{"rendered":"iPhone 17 prestes a ser revelado. Esta poder\u00e1 ser a data escolhida pela Apple"},"content":{"rendered":"<p class=\"leading\">\n                A tradi\u00e7\u00e3o manda que os novos iPhone 17 sejam apresentados em setembro. Agora, ficamos a saber em que dia poder\u00e1 acontecer esse t\u00e3o aguardado momento.            <\/p>\n<p>        <img decoding=\"async\" alt=\"iPhone 17\" height=\"902\" src=\"https:\/\/www.europesays.com\/pt\/wp-content\/uploads\/2025\/08\/iphone-17-air.jpg\" width=\"1600\" fetchpriority=\"high\"\/><br \/>\nCr\u00e9ditos: Phone Arena<\/p>\n<p>Um dos grandes segredos que ainda envolve os <a href=\"https:\/\/4gnews.pt\/iphone-17-tudo-o-que-ja-sabemos\/\" rel=\"nofollow noopener\" target=\"_blank\">iPhone 17<\/a> \u00e9 a sua data de apresenta\u00e7\u00e3o. Poucas d\u00favidas restam que isso acontecer\u00e1 em setembro, mas ainda n\u00e3o temos a certeza do dia em que esse momento acontecer\u00e1.<\/p>\n<p>Acerca desse tema, um relat\u00f3rio do conhecido jornalista Mark Gurman diz-nos que os <a href=\"https:\/\/4gnews.pt\/iphone-17-esta-a-caminho-e-esta-devera-ser-a-sua-data-de-apresentacao\/\" rel=\"nofollow noopener\" target=\"_blank\">iPhone 17 seriam apresentados<\/a> na semana de 8 de setembro. Agora, surge um novo rumor que clarifica em que dia ser\u00e3o realmente apresentados os novos smartphones da Apple.<\/p>\n<p>iPhone 17 dever\u00e1 ser apresentado no dia 9 de setembro<\/p>\n<p>De acordo com a publica\u00e7\u00e3o <a href=\"https:\/\/www.iphone-ticker.de\/iphone-17-vorstellung-wohl-am-9-verkaufsstart-am-19-september-261445\/\" rel=\"nofollow noopener\" target=\"_blank\">iphone-ticker<\/a>, os iPhone 17 ser\u00e3o anunciados a 9 de setembro. Esta ainda n\u00e3o \u00e9 uma data oficial, mas encaixa perfeitamente nos rumores anteriores e nos h\u00e1bitos da tecnol\u00f3gica norte-americana.<\/p>\n<p>\u00c9 bastante comum a Apple apresentar os seus novos smartphones \u00e0 ter\u00e7a-feira, precisamente o dia da semana em que calha 9 de setembro. Contudo, esse \u00e9 um dia negro para a hist\u00f3ria dos EUA e fica a d\u00favida se isso n\u00e3o poder\u00e1 interferir com os planos da Apple.<\/p>\n<p>Mas caso esta data de se confirme, isso significa que os novos iPhone 17 dever\u00e3o chegar \u00e0s lojas no dia 19 de setembro. Datas importantes para aqueles que equacionam comprar os novos equipamentos da Apple.<\/p>\n<p>O que podemos esperar dos iPhone 17<\/p>\n<p>Ps segredos sobre as novidades dos iPhone 17 j\u00e1 n\u00e3o s\u00e3o muitos. V\u00e1rios rumores e fugas de informa\u00e7\u00e3o j\u00e1 esclareceram que estes equipamentos contar\u00e3o com um design renovado, sobretudo no m\u00f3dulo da sua c\u00e2mara traseira.<\/p>\n<p>Este dever\u00e1 ter uma ideologia semelhante aos Pixel, a estender-se de uma a outra extremidade da sua traseira. No interior deste continuar\u00e3o a marcar presen\u00e7a tr\u00eas sensores, mas com a novidade de um novo sensor telefoto de 48 MP.<\/p>\n<p>No alinhamento desta s\u00e9rie teremos a entrada do elegante iPhone 17 Air, que vir\u00e1 substituir o modelo Plus. Como o nome indica, este distinguir-se-\u00e1 pela sua espessura bastante reduzida, algo semelhante aos Galaxy S25 Edge.<\/p>\n<p>Falta agora a confirma\u00e7\u00e3o oficial da parte da Apple para a data de apresenta\u00e7\u00e3o dos iPhone 17. Essa informa\u00e7\u00e3o dever\u00e3o chegar brevemente.<\/p>\n<p><a href=\"https:\/\/amzn.to\/3GAbwRd\" target=\"_blank\" rel=\"nofollow noreferrer noopener\"><img decoding=\"async\" alt=\"Apple iPhone 16 de 128 GB: Smartphone 5G com controlo de c\u00e2mara, chip A18 e autonomia.\" height=\"830\" width=\"679\" class=\"lazyload\" src=\"https:\/\/www.europesays.com\/pt\/wp-content\/uploads\/2025\/07\/61-edlstiql-ac-sx679.jpg\" loading=\"lazy\"\/><\/a><\/p>\n<p>812,21 \u20acAmazon ES<\/p>\n<p>974,85 \u20ac-17%<\/p>\n<p class=\"inline-related-title\">Editores 4gnews recomendam:<\/p>\n<p>                <a href=\"https:\/\/news.google.com\/publications\/CAAqIggKIhxDQklTRHdnTWFnc0tDVFJuYm1WM2N5NXdkQ2dBUAE?ceid=PT:pt-150&amp;oc=3\" target=\"_blank\" rel=\"nofollow noopener\" class=\"google-news-link\"><br \/>\n                Adiciona o <b>4gnews<\/b> ao teu <b>Google News<\/b><br \/>\n                <img decoding=\"async\" src=\"https:\/\/4gnews.pt\/img\/google-news.svg\" alt=\"Google News\"\/><br \/>\n            <\/a><\/p>\n","protected":false},"excerpt":{"rendered":"A tradi\u00e7\u00e3o manda que os novos iPhone 17 sejam apresentados em setembro. Agora, ficamos a saber em que&hellip;\n","protected":false},"author":2,"featured_media":18191,"comment_status":"","ping_status":"","sticky":false,"template":"","format":"standard","meta":{"footnotes":""},"categories":[84],"tags":[109,107,108,32,33,105,103,104,106,110],"class_list":{"0":"post-18190","1":"post","2":"type-post","3":"status-publish","4":"format-standard","5":"has-post-thumbnail","7":"category-ciencia-e-tecnologia","8":"tag-ciencia","9":"tag-ciencia-e-tecnologia","10":"tag-cienciaetecnologia","11":"tag-portugal","12":"tag-pt","13":"tag-science","14":"tag-science-and-technology","15":"tag-scienceandtechnology","16":"tag-technology","17":"tag-tecnologia"},"share_on_mastodon":{"url":"","error":""},"_links":{"self":[{"href":"https:\/\/www.europesays.com\/pt\/wp-json\/wp\/v2\/posts\/18190","targetHints":{"allow":["GET"]}}],"collection":[{"href":"https:\/\/www.europesays.com\/pt\/wp-json\/wp\/v2\/posts"}],"about":[{"href":"https:\/\/www.europesays.com\/pt\/wp-json\/wp\/v2\/types\/post"}],"author":[{"embeddable":true,"href":"https:\/\/www.europesays.com\/pt\/wp-json\/wp\/v2\/users\/2"}],"replies":[{"embeddable":true,"href":"https:\/\/www.europesays.com\/pt\/wp-json\/wp\/v2\/comments?post=18190"}],"version-history":[{"count":0,"href":"https:\/\/www.europesays.com\/pt\/wp-json\/wp\/v2\/posts\/18190\/revisions"}],"wp:featuredmedia":[{"embeddable":true,"href":"https:\/\/www.europesays.com\/pt\/wp-json\/wp\/v2\/media\/18191"}],"wp:attachment":[{"href":"https:\/\/www.europesays.com\/pt\/wp-json\/wp\/v2\/media?parent=18190"}],"wp:term":[{"taxonomy":"category","embeddable":true,"href":"https:\/\/www.europesays.com\/pt\/wp-json\/wp\/v2\/categories?post=18190"},{"taxonomy":"post_tag","embeddable":true,"href":"https:\/\/www.europesays.com\/pt\/wp-json\/wp\/v2\/tags?post=18190"}],"curies":[{"name":"wp","href":"https:\/\/api.w.org\/{rel}","templated":true}]}}