{"id":181904,"date":"2025-12-09T20:51:07","date_gmt":"2025-12-09T20:51:07","guid":{"rendered":"https:\/\/www.europesays.com\/pt\/181904\/"},"modified":"2025-12-09T20:51:07","modified_gmt":"2025-12-09T20:51:07","slug":"a-vida-as-vezes-surpreende-nos-noivo-de-maria-botelho-moniz-comove-o-pais-com-gesto-unico-novelas","status":"publish","type":"post","link":"https:\/\/www.europesays.com\/pt\/181904\/","title":{"rendered":"\u00abA vida \u00e0s vezes surpreende-nos\u00bb: Noivo de Maria Botelho Moniz comove o pa\u00eds com gesto \u00fanico &#8211; Novelas"},"content":{"rendered":"<p data-end=\"509\" data-start=\"143\"><strong data-end=\"267\" data-start=\"143\"><a href=\"https:\/\/tvi.iol.pt\/novelas\/maria-botelho-moniz\/pedro-bianchi-prata\/depois-de-muitos-meses-pedro-bianchi-prata-mostra-o-momento-em-familia-mais-desejado\" rel=\"nofollow noopener\" target=\"_blank\">Pedro Bianchi Prata<\/a> marcou presen\u00e7a na Gala dos Sonhos da Associa\u00e7\u00e3o Sara Carreira ao lado da noiva, <a href=\"https:\/\/tvi.iol.pt\/novelas\/maria-botelho-moniz\/pedro-bianchi-prata\/ha-um-gesto-tocante-entre-maria-botelho-moniz-e-o-filho-que-esta-a-gerar-uma-onda-de-comentarios\" rel=\"nofollow noopener\" target=\"_blank\">Maria Botelho Moniz<\/a><\/strong><a href=\"https:\/\/tvi.iol.pt\/novelas\/maria-botelho-moniz\/pedro-bianchi-prata\/ha-um-gesto-tocante-entre-maria-botelho-moniz-e-o-filho-que-esta-a-gerar-uma-onda-de-comentarios\" rel=\"nofollow noopener\" target=\"_blank\">,<\/a> num momento que rapidamente ganhou destaque pela emo\u00e7\u00e3o e simbolismo associados. O piloto surgiu no evento com <strong data-end=\"429\" data-start=\"380\">um capacete cor-de-rosa dedicado \u00e0 associa\u00e7\u00e3o<\/strong>, um gesto carregado de significado e que n\u00e3o passou despercebido aos presentes. A iniciativa n\u00e3o se limitou ao visual simb\u00f3lico. <strong data-end=\"629\" data-start=\"560\">Pedro Bianchi Prata partilhou um testemunho profundamente emotivo<\/strong>, revelando o impacto pessoal que a associa\u00e7\u00e3o tem tido na sua vida. Numa mensagem publicada nas redes sociais, descreveu a experi\u00eancia como transformadora, sublinhando o valor do trabalho desenvolvido pela Associa\u00e7\u00e3o Sara Carreira e a import\u00e2ncia de cada jovem apoiado.<\/p>\n<p data-end=\"1299\" data-start=\"901\"><strong>\u201cHoje partilho uma fotografia que me toca profundamente. Estou a segurar o capacete com a decora\u00e7\u00e3o da @associacaosaracarreira, rodeado pelos bolseiros da associa\u00e7\u00e3o \u2014 jovens que carregam hist\u00f3rias, desafios e sobretudo uma enorme vontade de vencer. Cada um deles \u00e9 a prova viva de que quando existe apoio, orienta\u00e7\u00e3o e oportunidade, o futuro pode realmente ganhar outra cor\u201d, escreveu, emocionado.<\/strong><\/p>\n<p data-end=\"1666\" data-start=\"1301\">No mesmo texto, o piloto refor\u00e7ou que <strong data-end=\"1394\" data-start=\"1339\">a sua liga\u00e7\u00e3o \u00e0 associa\u00e7\u00e3o nasceu gra\u00e7as a Ana Melo<\/strong>, a quem dedica palavras de agradecimento. <strong>\u201cA vida \u00e0s vezes surpreende-nos com encontros que mudam tudo \u2014 e este foi um deles. Trouxe-me pessoas incr\u00edveis, ensinamentos que n\u00e3o se esquecem e uma sensibilidade ainda maior para o impacto que podemos ter na vida dos outros.\u201d<\/strong><\/p>\n<blockquote class=\"instagram-media\" data-instgrm-captioned=\"\" data-instgrm-permalink=\"https:\/\/www.instagram.com\/p\/DSAEqLmCMYT\/?utm_source=ig_embed&amp;utm_campaign=loading\" data-instgrm-version=\"14\" style=\" background:#FFF; border:0; border-radius:3px; box-shadow:0 0 1px 0 rgba(0,0,0,0.5),0 1px 10px 0 rgba(0,0,0,0.15); margin: 1px; max-width:540px; min-width:326px; padding:0; width:99.375%; width:-webkit-calc(100% - 2px); width:calc(100% - 2px);\">\n<\/blockquote>\n<p data-end=\"2124\" data-start=\"1668\">Pedro Bianchi Prata sublinhou ainda que <strong data-end=\"1782\" data-start=\"1708\">estar ao lado dos jovens bolseiros lhe d\u00e1 for\u00e7a, prop\u00f3sito e esperan\u00e7a<\/strong>, assumindo como uma honra o facto de poder contribuir para a divulga\u00e7\u00e3o do trabalho da associa\u00e7\u00e3o. \u201c<strong>Estar ao lado destes jovens faz-me acreditar mais no mundo. D\u00e1-me for\u00e7a. D\u00e1-me prop\u00f3sito. E saber que posso, de alguma forma, ajudar a divulgar o trabalho extraordin\u00e1rio da Associa\u00e7\u00e3o Sara Carreira \u00e9 algo que levo como uma verdadeira honra.\u201d<\/strong><\/p>\n<p data-end=\"2472\" data-start=\"2126\">A publica\u00e7\u00e3o emocionou seguidores e membros da associa\u00e7\u00e3o, que rapidamente encheram a caixa de coment\u00e1rios com palavras de carinho e reconhecimento. Entre as muitas mensagens, destacam-se: \u201cT\u00e3o bonito, Pedro\u201d, \u201cLinda foto e maravilhosas palavras\u201d, \u201cObrigado Pedro por levares a @associacaosaracarreira aos 4 cantos do Mundo!\u201d e \u201cObrigada Pedro!\u201d.<\/p>\n<p data-end=\"2732\" data-is-last-node=\"\" data-is-only-node=\"\" data-start=\"2474\"><strong data-end=\"2651\" data-start=\"2474\">O gesto do piloto, aliado ao momento de uni\u00e3o com Maria Botelho Moniz e \u00e0 homenagem simb\u00f3lica do capacete, tornou esta participa\u00e7\u00e3o na Gala dos Sonhos especialmente marcante<\/strong>, refor\u00e7ando o compromisso de ambos com causas de solidariedade e impacto social.<\/p>\n<p data-end=\"2732\" data-is-last-node=\"\" data-is-only-node=\"\" data-start=\"2474\">Reveja aqui um momento ternurento entre o piloto e a apresentadora:\u00a0<\/p>\n<p>                        <script async src=\"\/\/www.instagram.com\/embed.js\"><\/script><\/p>\n","protected":false},"excerpt":{"rendered":"Pedro Bianchi Prata marcou presen\u00e7a na Gala dos Sonhos da Associa\u00e7\u00e3o Sara Carreira ao lado da noiva, Maria&hellip;\n","protected":false},"author":2,"featured_media":181905,"comment_status":"","ping_status":"","sticky":false,"template":"","format":"standard","meta":{"footnotes":""},"categories":[142],"tags":[160,166,114,115,157,167,164,338,161,158,21867,165,159,32,33,156,28631,163,151,162],"class_list":{"0":"post-181904","1":"post","2":"type-post","3":"status-publish","4":"format-standard","5":"has-post-thumbnail","7":"category-tv","8":"tag-ana-guiomar","9":"tag-cristina-ferreira","10":"tag-entertainment","11":"tag-entretenimento","12":"tag-festa-e-festa","13":"tag-ficcao","14":"tag-jose-fidalgo","15":"tag-maria-botelho-moniz","16":"tag-novelas","17":"tag-para-sempre","18":"tag-pedro-bianchi","19":"tag-pedro-sousa","20":"tag-pedro-teixeira","21":"tag-portugal","22":"tag-pt","23":"tag-queridos-papas","24":"tag-sara-carreira","25":"tag-tiago-teotonio-pereira","26":"tag-tv","27":"tag-tvi"},"share_on_mastodon":{"url":"","error":""},"_links":{"self":[{"href":"https:\/\/www.europesays.com\/pt\/wp-json\/wp\/v2\/posts\/181904","targetHints":{"allow":["GET"]}}],"collection":[{"href":"https:\/\/www.europesays.com\/pt\/wp-json\/wp\/v2\/posts"}],"about":[{"href":"https:\/\/www.europesays.com\/pt\/wp-json\/wp\/v2\/types\/post"}],"author":[{"embeddable":true,"href":"https:\/\/www.europesays.com\/pt\/wp-json\/wp\/v2\/users\/2"}],"replies":[{"embeddable":true,"href":"https:\/\/www.europesays.com\/pt\/wp-json\/wp\/v2\/comments?post=181904"}],"version-history":[{"count":0,"href":"https:\/\/www.europesays.com\/pt\/wp-json\/wp\/v2\/posts\/181904\/revisions"}],"wp:featuredmedia":[{"embeddable":true,"href":"https:\/\/www.europesays.com\/pt\/wp-json\/wp\/v2\/media\/181905"}],"wp:attachment":[{"href":"https:\/\/www.europesays.com\/pt\/wp-json\/wp\/v2\/media?parent=181904"}],"wp:term":[{"taxonomy":"category","embeddable":true,"href":"https:\/\/www.europesays.com\/pt\/wp-json\/wp\/v2\/categories?post=181904"},{"taxonomy":"post_tag","embeddable":true,"href":"https:\/\/www.europesays.com\/pt\/wp-json\/wp\/v2\/tags?post=181904"}],"curies":[{"name":"wp","href":"https:\/\/api.w.org\/{rel}","templated":true}]}}