{"id":181917,"date":"2025-12-09T21:00:45","date_gmt":"2025-12-09T21:00:45","guid":{"rendered":"https:\/\/www.europesays.com\/pt\/181917\/"},"modified":"2025-12-09T21:00:45","modified_gmt":"2025-12-09T21:00:45","slug":"vi-o-giorgio-armani-em-londres-e-disse-lhe-que-o-meu-sonho-era-ser-designer-de-moda-ele-respondeu-nao-e-um-sonho-e-um-real-job","status":"publish","type":"post","link":"https:\/\/www.europesays.com\/pt\/181917\/","title":{"rendered":"\u201cVi o Giorgio Armani em Londres e disse-lhe que o meu sonho era ser designer de moda. Ele respondeu: &#8220;n\u00e3o \u00e9 um sonho, \u00e9 um &#8216;real job&#8217;\u201d"},"content":{"rendered":"<p>\u201cNunca quis fazer outra coisa na vida\u201d, ser designer de moda \u00e9 algo que a acompanha desde crian\u00e7a. Com 15 anos encontrou Giorgio Armani nas ruas de Londres e disse-lhe que queria ser designer e a resposta do estilista italiano foi curiosa: \u201cIsso sim \u00e9 um emprego de verdade\u201d, recorda.<\/p>\n<p>Em pequena n\u00e3o brincava muito \u00e0s bonecas nem fazia as roupas das Barbies, porque para Constan\u00e7a Entrudo a moda sempre foi mais do que \u201croupa\u201d. \u201cGostava de brincar aos teatros, de criar narrativas. Para mim a moda \u00e9 uma forma de pensar\u201d, admite.<\/p>\n<p>Matilde Fieschi<\/p>\n<p>Sempre segura do que queria ser, mas incerta em rela\u00e7\u00e3o ao futuro, no secund\u00e1rio formou-se em Economia porque lhe disseram que era a \u201c\u00e1rea mais segura\u201d. Mais tarde, mudou-se para Londres para finalmente estudar t\u00eaxtil designer.<\/p>\n<p>Viciada em \u201ccriar narrativas\u201d atrav\u00e9s dos tecidos, Constan\u00e7a Entrudo \u00e9 uma marca que nasceu numa garagem alugada, mas que hoje \u00e9 o neg\u00f3cio que lhe paga as contas.<\/p>\n<p>Ou\u00e7a aqui o novo epis\u00f3dio do Gera\u00e7\u00e3o 90 com a vencedora do Globo de Ouro na categoria Moda.<\/p>\n<p>Matilde Fieschi<\/p>\n<p> Depois do cinema, da televis\u00e3o e da moda, tr\u00eas \u00e1reas que J\u00falia Palha conhece bem, veio um novo desafio: levar a cabo uma s\u00e9rie de conversas no formato podcast na SIC Not\u00edcias. \u2018Gera\u00e7\u00e3o 90\u2019 surge no seguimento do <a href=\"https:\/\/expresso.pt\/podcasts\/geracao-70\" target=\"_blank\" rel=\"noopener noreferrer nofollow\">Gera\u00e7\u00e3o 70<\/a> e do <a href=\"https:\/\/expresso.pt\/podcasts\/geracao-80\" target=\"_blank\" rel=\"noopener noreferrer nofollow\">Gera\u00e7\u00e3o 80<\/a>, dois podcasts de grande sucesso, da autoria de Bernardo Ferr\u00e3o e de Francisco Pedro Balsem\u00e3o. <\/p>\n<p> J\u00falia Palha abre assim as portas \u00e0 gera\u00e7\u00e3o que cresceu com a revolu\u00e7\u00e3o digital e que vive ansiosa em rela\u00e7\u00e3o ao futuro. No \u2018Gera\u00e7\u00e3o 90\u2019, fala-se de forma leve do peso que acarretam os sonhos e as expectativas. <\/p>\n<p> Todas as ter\u00e7as-feiras novos epis\u00f3dios. <\/p>\n<p> Siga este podcast em Expresso.pt ou Sicnoticias.pt. Pode tamb\u00e9m subscrev\u00ea-lo, avali\u00e1-lo e enviar coment\u00e1rios na sua plataforma preferida para escuta de podcasts. <\/p>\n<p>Matilde Fieschi<\/p>\n","protected":false},"excerpt":{"rendered":"\u201cNunca quis fazer outra coisa na vida\u201d, ser designer de moda \u00e9 algo que a acompanha desde crian\u00e7a.&hellip;\n","protected":false},"author":2,"featured_media":181918,"comment_status":"","ping_status":"","sticky":false,"template":"","format":"standard","meta":{"footnotes":""},"categories":[10],"tags":[27,28,15,16,14,25,26,21,22,12,13,19,20,32,23,24,33,17,18,29,30,31],"class_list":{"0":"post-181917","1":"post","2":"type-post","3":"status-publish","4":"format-standard","5":"has-post-thumbnail","7":"category-portugal","8":"tag-breaking-news","9":"tag-breakingnews","10":"tag-featured-news","11":"tag-featurednews","12":"tag-headlines","13":"tag-latest-news","14":"tag-latestnews","15":"tag-main-news","16":"tag-mainnews","17":"tag-news","18":"tag-noticias","19":"tag-noticias-principais","20":"tag-noticiasprincipais","21":"tag-portugal","22":"tag-principais-noticias","23":"tag-principaisnoticias","24":"tag-pt","25":"tag-top-stories","26":"tag-topstories","27":"tag-ultimas","28":"tag-ultimas-noticias","29":"tag-ultimasnoticias"},"share_on_mastodon":{"url":"https:\/\/pubeurope.com\/@pt\/115691626364363054","error":""},"_links":{"self":[{"href":"https:\/\/www.europesays.com\/pt\/wp-json\/wp\/v2\/posts\/181917","targetHints":{"allow":["GET"]}}],"collection":[{"href":"https:\/\/www.europesays.com\/pt\/wp-json\/wp\/v2\/posts"}],"about":[{"href":"https:\/\/www.europesays.com\/pt\/wp-json\/wp\/v2\/types\/post"}],"author":[{"embeddable":true,"href":"https:\/\/www.europesays.com\/pt\/wp-json\/wp\/v2\/users\/2"}],"replies":[{"embeddable":true,"href":"https:\/\/www.europesays.com\/pt\/wp-json\/wp\/v2\/comments?post=181917"}],"version-history":[{"count":0,"href":"https:\/\/www.europesays.com\/pt\/wp-json\/wp\/v2\/posts\/181917\/revisions"}],"wp:featuredmedia":[{"embeddable":true,"href":"https:\/\/www.europesays.com\/pt\/wp-json\/wp\/v2\/media\/181918"}],"wp:attachment":[{"href":"https:\/\/www.europesays.com\/pt\/wp-json\/wp\/v2\/media?parent=181917"}],"wp:term":[{"taxonomy":"category","embeddable":true,"href":"https:\/\/www.europesays.com\/pt\/wp-json\/wp\/v2\/categories?post=181917"},{"taxonomy":"post_tag","embeddable":true,"href":"https:\/\/www.europesays.com\/pt\/wp-json\/wp\/v2\/tags?post=181917"}],"curies":[{"name":"wp","href":"https:\/\/api.w.org\/{rel}","templated":true}]}}