{"id":181919,"date":"2025-12-09T21:02:09","date_gmt":"2025-12-09T21:02:09","guid":{"rendered":"https:\/\/www.europesays.com\/pt\/181919\/"},"modified":"2025-12-09T21:02:09","modified_gmt":"2025-12-09T21:02:09","slug":"ucrania-zelensky-enviara-em-breve-revisao-de-plano-de-paz-a-trump","status":"publish","type":"post","link":"https:\/\/www.europesays.com\/pt\/181919\/","title":{"rendered":"Ucr\u00e2nia. Zelensky enviar\u00e1 &#8220;em breve&#8221; revis\u00e3o de plano de paz a Trump"},"content":{"rendered":"<p>&#8220;<b>Estamos empenhados numa paz verdadeira e mantemos um contacto constante com os Estados Unidos.<\/b> E, como os nossos parceiros nas equipas de negocia\u00e7\u00e3o apontam corretamente, tudo depende de a R\u00fassia estar preparada para tomar medidas eficazes para travar o derramamento de sangue e evitar que uma nova guerra ecluda&#8221;, declarou durante um encontro em Roma com a primeira-ministra italiana, Giorgia Meloni.<\/p>\n<p><b>A reuni\u00e3o de hoje ocorre depois de Volodymyr Zelensky se ter avistado no dia anterior, em Londres e Bruxelas, com parceiros europeus e da NATO<\/b>, e em plenas negocia\u00e7\u00f5es bilaterais dos enviados da Casa Branca com a R\u00fassia sobre o fim do conflito iniciado com a invas\u00e3o russa da Ucr\u00e2nia, em fevereiro de 2022.<\/p>\n<p>&#8220;Estamos a trabalhar ativamente em todos os elementos de poss\u00edveis medidas para o fim da guerra. As propostas ucranianas e europeias est\u00e3o agora mais avan\u00e7adas e estamos preparados para apresent\u00e1-las aos nossos parceiros nos Estados Unidos&#8221;, indicou hoje o Presidente ucraniano, que espera &#8220;tornar estas medidas vi\u00e1veis o mais rapidamente poss\u00edvel&#8221;.<\/p>\n<p>Ao receber Zelensky no p\u00e1tio do Pal\u00e1cio Chigi, sede do Governo italiano, Meloni, aliada de Trump na Europa e que sempre demonstrou apoio a Kiev, cumprimentou-o com um abra\u00e7o, tendo depois realizado uma reuni\u00e3o \u00e0 porta fechada de uma hora e meia.<\/p>\n<p>&#13;<br \/>\nMais tarde, o Presidente ucraniano relatou, atrav\u00e9s da rede X, que a reuni\u00e3o tinha sido \u201cexcelente e muito substancial\u201d, na qual foram abordados \u201ctodos os aspetos\u201d da situa\u00e7\u00e3o diplom\u00e1tica.&#13;<br \/>\n<br \/>&#13;<br \/>\n&#13;<br \/>\nO Presidente ucraniano agradeceu tamb\u00e9m \u00e0 primeira-ministra italiana pelo pacote de ajuda prometido e pelo fornecimento de geradores de energia.<\/p>\n<p>&#8220;\u00c9 exatamente isto que vai apoiar as fam\u00edlias ucranianas, o nosso povo, as nossas crian\u00e7as e o quotidiano nas nossas cidades e comunidades, que continuam a sofrer constantes ataques russos. Precisamos de proteger vidas. Obrigado, It\u00e1lia!&#8221;, concluiu.<\/p>\n<p>Antes de se reunir com Meloni, Zelensky visitou o Papa Le\u00e3o XIV na sua resid\u00eancia em Castel Gandolfo, perto de Roma.<\/p>\n<p>Durante a audi\u00eancia, o pont\u00edfice norte-americano reiterou \u201ca necessidade de continuar o di\u00e1logo e renovou o seu desejo urgente de que as iniciativas diplom\u00e1ticas em curso conduzam a uma paz justa e duradoura&#8221;, segundo um comunicado da Santa S\u00e9.<\/p>\n<p>O Presidente ucraniano anunciou na segunda-feira que Kiev est\u00e1 a preparar um plano alternativo para apresentar aos negociadores de Washington, ao mesmo tempo que reafirmou que n\u00e3o ceder\u00e1 qualquer territ\u00f3rio \u00e0 R\u00fassia.<\/p>\n<p>Por outro lado, Zelensky respondeu ainda aos jornalistas que o questionaram, \u00e0 sa\u00edda de um hotel em Roma, sobre o apelo de Trump para a realiza\u00e7\u00e3o de elei\u00e7\u00f5es na Ucr\u00e2nia, deixada numa entrevista publicada pelo Politico. &#8220;Estou sempre pronto&#8221;, respondeu sucintamente.&#13;\n<\/p>\n<p>O mandato de cinco anos de Zelensky deveria ter terminado em maio do ano passado, mas n\u00e3o foram realizadas elei\u00e7\u00f5es devido \u00e0 lei marcial imposta devido \u00e0 guerra com a R\u00fassia.<\/p>\n<p>A retirada da regi\u00e3o do Donbass, bem como a ren\u00fancia da Ucr\u00e2nia \u00e0 ades\u00e3o \u00e0 NATO, a garantias de seguran\u00e7a e \u00e0s repara\u00e7\u00f5es russas no p\u00f3s-guerra, s\u00e3o alguns dos pontos em que nem as partes beligerantes nem os mediadores conseguiram chegar a um acordo.<\/p>\n<p>Na \u00faltima semana, as negocia\u00e7\u00f5es foram marcadas por encontros entre o enviado especial da Casa Branca, Steve Witkoff, e o l\u00edder russo, Vladimir Putin, em Moscovo, e com o negociador ucraniano Rustem Umerov em Miami, sem que tenha sido alcan\u00e7ado qualquer acordo at\u00e9 ao momento.&#13;\n<\/p>\n<p>&#13;<br \/>\n&#13;<br \/>\n&#8220;N\u00e3o estamos numa feira de Natal e o nosso territ\u00f3rio n\u00e3o est\u00e1 \u00e0 venda&#8221;<br \/>&#13;\n<\/p>\n<p>&#13;<br \/>\n&#8220;<b>A Ucr\u00e2nia reafirma a sua disponibilidade para tomar medidas concretas para restaurar uma paz abrangente, justa e duradoura<\/b>. Mas quero deixar claro: o nosso territ\u00f3rio e a nossa soberania n\u00e3o est\u00e3o \u00e0 venda. N\u00e3o estamos numa feira de Natal&#8221;, afirmou o diplomata ucraniano numa reuni\u00e3o do Conselho de Seguran\u00e7a da ONU.&#13;\n<\/p>\n<p>\n&#13;<br \/>\nKiev recusa ceder territ\u00f3rio \u00e0 R\u00fassia, um dos pontos que estar\u00e1 inclu\u00eddo no plano de paz promovido pelo Presidente norte-americano, Donald Trump, para p\u00f4r fim \u00e0 guerra na Ucr\u00e2nia.<br \/>\nDurante a reuni\u00e3o, Andrii Melnyk concentrou as suas declara\u00e7\u00f5es em torno de uma quest\u00e3o: <b>&#8220;Porque \u00e9 que a R\u00fassia ainda \u00e9 capaz de travar esta guerra brutal contra a Ucr\u00e2nia?&#8221;.<\/b><\/p>\n<p>O representante diplom\u00e1tico de Kiev respondeu \u00e0 sua pr\u00f3pria quest\u00e3o e argumentou que a comunidade internacional n\u00e3o est\u00e1 a fazer o suficiente para travar a m\u00e1quina de guerra de Moscovo atrav\u00e9s da aplica\u00e7\u00e3o de san\u00e7\u00f5es e cortes na importa\u00e7\u00e3o de energia russa.<\/p>\n<p>&#8220;Porque \u00e9 que, quase quatro anos depois de ter lan\u00e7ado a sua invas\u00e3o militar em grande escala, Moscovo mant\u00e9m os meios materiais, financeiros e pol\u00edticos para continuar a atacar as cidades ucranianas e a matar civis? E porque \u00e9 que a comunidade internacional ainda tolera isso?&#8221;, questionou. <\/p>\n<p>&#8220;A principal raz\u00e3o pela qual a R\u00fassia ainda consegue continuar a sua guerra contra a Ucr\u00e2nia, produzir armas, m\u00edsseis e drones que matam as nossas crian\u00e7as todos os dias \u00e9 bastante simples. A R\u00fassia ganha todo o dinheiro para financiar a guerra exportando a sua energia, recursos, petr\u00f3leo, g\u00e1s e carv\u00e3o&#8221;, vincou.&#13;\n            <\/p>\n","protected":false},"excerpt":{"rendered":"&#8220;Estamos empenhados numa paz verdadeira e mantemos um contacto constante com os Estados Unidos. E, como os nossos&hellip;\n","protected":false},"author":2,"featured_media":181920,"comment_status":"","ping_status":"","sticky":false,"template":"","format":"standard","meta":{"footnotes":""},"categories":[8],"tags":[27,28,15,16,37180,14,25,26,21,22,12,13,19,20,32,23,24,33,17,18,840,29,30,31,3814],"class_list":{"0":"post-181919","1":"post","2":"type-post","3":"status-publish","4":"format-standard","5":"has-post-thumbnail","7":"category-principais-noticias","8":"tag-breaking-news","9":"tag-breakingnews","10":"tag-featured-news","11":"tag-featurednews","12":"tag-feira-de-natal","13":"tag-headlines","14":"tag-latest-news","15":"tag-latestnews","16":"tag-main-news","17":"tag-mainnews","18":"tag-news","19":"tag-noticias","20":"tag-noticias-principais","21":"tag-noticiasprincipais","22":"tag-portugal","23":"tag-principais-noticias","24":"tag-principaisnoticias","25":"tag-pt","26":"tag-top-stories","27":"tag-topstories","28":"tag-ucrania","29":"tag-ultimas","30":"tag-ultimas-noticias","31":"tag-ultimasnoticias","32":"tag-zelensky"},"share_on_mastodon":{"url":"https:\/\/pubeurope.com\/@pt\/115691634419829028","error":""},"_links":{"self":[{"href":"https:\/\/www.europesays.com\/pt\/wp-json\/wp\/v2\/posts\/181919","targetHints":{"allow":["GET"]}}],"collection":[{"href":"https:\/\/www.europesays.com\/pt\/wp-json\/wp\/v2\/posts"}],"about":[{"href":"https:\/\/www.europesays.com\/pt\/wp-json\/wp\/v2\/types\/post"}],"author":[{"embeddable":true,"href":"https:\/\/www.europesays.com\/pt\/wp-json\/wp\/v2\/users\/2"}],"replies":[{"embeddable":true,"href":"https:\/\/www.europesays.com\/pt\/wp-json\/wp\/v2\/comments?post=181919"}],"version-history":[{"count":0,"href":"https:\/\/www.europesays.com\/pt\/wp-json\/wp\/v2\/posts\/181919\/revisions"}],"wp:featuredmedia":[{"embeddable":true,"href":"https:\/\/www.europesays.com\/pt\/wp-json\/wp\/v2\/media\/181920"}],"wp:attachment":[{"href":"https:\/\/www.europesays.com\/pt\/wp-json\/wp\/v2\/media?parent=181919"}],"wp:term":[{"taxonomy":"category","embeddable":true,"href":"https:\/\/www.europesays.com\/pt\/wp-json\/wp\/v2\/categories?post=181919"},{"taxonomy":"post_tag","embeddable":true,"href":"https:\/\/www.europesays.com\/pt\/wp-json\/wp\/v2\/tags?post=181919"}],"curies":[{"name":"wp","href":"https:\/\/api.w.org\/{rel}","templated":true}]}}