{"id":181923,"date":"2025-12-09T21:04:37","date_gmt":"2025-12-09T21:04:37","guid":{"rendered":"https:\/\/www.europesays.com\/pt\/181923\/"},"modified":"2025-12-09T21:04:37","modified_gmt":"2025-12-09T21:04:37","slug":"edificio-projetado-por-oscar-niemeyer-sera-demolido-em-sao-jose-dos-campos-sp-casa-vogue","status":"publish","type":"post","link":"https:\/\/www.europesays.com\/pt\/181923\/","title":{"rendered":"Edif\u00edcio projetado por Oscar Niemeyer ser\u00e1 demolido em S\u00e3o Jos\u00e9 dos Campos, SP &#8211; Casa Vogue"},"content":{"rendered":"<ol>\n<li><a href=\"https:\/\/news.google.com\/rss\/articles\/CBMi1gFBVV95cUxOSTl4Qm1lOUNpV05lUFpDYnVRaS1DelZyWUYtNlNQYS00M1RfR2xrWVhMZmY3TzNjTE5xekZDdDJfX0lLM01zUUVucy1ZaGRCMF9uR0tsY3JJV1Z2Qk81TTdTS2RvM3FLS0ZRYUNMSElSQjNaclNwUjVUVVJWajJSdXdtaE55WDMzbzE0LUF3cUZFUE56cVB3TGhvVDBTT3NnUVFvd3c0cTBGd0FSWGJTNkQ0UGdpdHlZVEZWNlN2eTIxRFhBMDViY3h0WEktNjgzMVdzYWln0gHkAUFVX3lxTE1yb0tyeUlydjFqVGgwaE1nZ1oyOHJNWnVSSW9QQi1wTk5KNTg0eWctZ3lGeEh3Tkk0dEkxNzV0SUlYWUhhUXNKbDQ3N3JNTEIyZzI5T1BFV0tJNFhVbmNHSHJfcmhmaUNaVE5OM3ZJdFV6bGRiVHlXS2V3LWZRVHVVOHFUWE1XWk5TSmpyYUg5UGI3bG83WkZqODRaek5Xc2xFXzRpUDI2d2EyQXZuUWYxYzN1NzJwZDZzOWdac042RHhWVmwxN3JDUU1BaDAzcV9KaEtrVTFBQy1aVU5Gc3poMEFpeQ?oc=5\" target=\"_blank\" rel=\"nofollow noopener\">Edif\u00edcio projetado por Oscar Niemeyer ser\u00e1 demolido em S\u00e3o Jos\u00e9 dos Campos, SP<\/a>&nbsp;&nbsp;Casa Vogue<\/li>\n<li><a href=\"https:\/\/news.google.com\/rss\/articles\/CBMiowFBVV95cUxPcWVSQnpZa1U4VEM0SXVQVW9Zck1VZ1RIcmNTVGlPQzJhNU9ndTdVdVZVaTlLS3pYNng3Q0FWYzQ5YkVxMUROcDZ5MEtZaEVXRlk3akhaRUpnOGZtQlpVcmRFRVNvQVJyRVVJUUdDQXdTVU5UYkJRZi0tWkd4VGZQX2FvNWQzZTBibUJSX01EdzI5Yjd6YnlwNGVwWFVWYTZselVB?oc=5\" target=\"_blank\" rel=\"nofollow noopener\">Bloco de 27 casas projetado por Niemeyer \u00e9 demolido pela Aeron\u00e1utica em SP; entenda<\/a>&nbsp;&nbsp;Estad\u00e3o<\/li>\n<li><a href=\"https:\/\/news.google.com\/rss\/articles\/CBMiiAFBVV95cUxNWUQwdmNvQjVqaDdNLUpNbXRiMnZodG4zVk9yWm9qclZISkxMVEVWWEVrZWRLN00wNU9nWEh4VGg4eVZBcHFfZjJYSmY1TVZSUlBBOUxBSENTbXFfS0F1OGVKZ0R3ZlRxN3RKVzIzdzZIZHhab1R6Mi1LNXlZS0d2WUREVUlENUxn?oc=5\" target=\"_blank\" rel=\"nofollow noopener\">FAB decide demolir edif\u00edcio projetado por Niemeyer<\/a>&nbsp;&nbsp;Revista Oeste<\/li>\n<li><a href=\"https:\/\/news.google.com\/rss\/articles\/CBMimAFBVV95cUxQdm16aUxMMnczcWw2VUFreDJyN1dyb0ZmcUMzaG9HMmpXSlV3bFo1MDdGZ3U4T2hfUVlhaUU4N1J5ZnVxQUVWdC1aNEh2ckQyampNMnZ0RDZWR0hFZjNYRGMxVEkwY3NKMUJLQ2l1dkVmYmZnSlluTzZVRmpscWFENFlhT1BYR3pzYl9qaExoak11MHhrcXRuZw?oc=5\" target=\"_blank\" rel=\"nofollow noopener\">SJC: edif\u00edcio de Oscar Niemeyer ter\u00e1 demoli\u00e7\u00e3o confirmada pela FAB<\/a>&nbsp;&nbsp;012 News<\/li>\n<li><a href=\"https:\/\/news.google.com\/rss\/articles\/CBMiywFBVV95cUxNNDUzZTdkRkM3Vk9jdmpTeHBDV3RYUFNFWEh6djd5VjBtZERKT1dTaV9EcG43S19BZmZOeDB4aTR4WUV3bE1FcF9TeFQ3cWIxMVZadGNtZS01MHZVRnpQVVVuTTk2UTdUbnFlX3o2QUhMQk1hZXVHU2dNUzFOVHlvX3pkVzhYcVBKWDI0c054OE00dkRpSFc2VkJNX3hweHg4WXpvUGMta3ZGSDFXejltb3ZDWHRUeW1jM2JnU0F2LWhURDRfdXZoZWQ1SQ?oc=5\" target=\"_blank\" rel=\"nofollow noopener\">OVALE: Edif\u00edcio projetado por Oscar Niemeyer ser\u00e1 demolido em S\u00e3o Jos\u00e9<\/a>&nbsp;&nbsp;sampi.net.br<\/li>\n<\/ol>\n","protected":false},"excerpt":{"rendered":"Edif\u00edcio projetado por Oscar Niemeyer ser\u00e1 demolido em S\u00e3o Jos\u00e9 dos Campos, SP&nbsp;&nbsp;Casa Vogue Bloco de 27 casas&hellip;\n","protected":false},"author":2,"featured_media":181924,"comment_status":"","ping_status":"","sticky":false,"template":"","format":"standard","meta":{"footnotes":""},"categories":[144],"tags":[207,205,206,203,201,202,204,114,115,32,33],"class_list":{"0":"post-181923","1":"post","2":"type-post","3":"status-publish","4":"format-standard","5":"has-post-thumbnail","7":"category-arte-e-design","8":"tag-arte","9":"tag-arte-e-design","10":"tag-artedesign","11":"tag-arts","12":"tag-arts-and-design","13":"tag-artsanddesign","14":"tag-design","15":"tag-entertainment","16":"tag-entretenimento","17":"tag-portugal","18":"tag-pt"},"share_on_mastodon":{"url":"https:\/\/pubeurope.com\/@pt\/115691642094818000","error":""},"_links":{"self":[{"href":"https:\/\/www.europesays.com\/pt\/wp-json\/wp\/v2\/posts\/181923","targetHints":{"allow":["GET"]}}],"collection":[{"href":"https:\/\/www.europesays.com\/pt\/wp-json\/wp\/v2\/posts"}],"about":[{"href":"https:\/\/www.europesays.com\/pt\/wp-json\/wp\/v2\/types\/post"}],"author":[{"embeddable":true,"href":"https:\/\/www.europesays.com\/pt\/wp-json\/wp\/v2\/users\/2"}],"replies":[{"embeddable":true,"href":"https:\/\/www.europesays.com\/pt\/wp-json\/wp\/v2\/comments?post=181923"}],"version-history":[{"count":0,"href":"https:\/\/www.europesays.com\/pt\/wp-json\/wp\/v2\/posts\/181923\/revisions"}],"wp:featuredmedia":[{"embeddable":true,"href":"https:\/\/www.europesays.com\/pt\/wp-json\/wp\/v2\/media\/181924"}],"wp:attachment":[{"href":"https:\/\/www.europesays.com\/pt\/wp-json\/wp\/v2\/media?parent=181923"}],"wp:term":[{"taxonomy":"category","embeddable":true,"href":"https:\/\/www.europesays.com\/pt\/wp-json\/wp\/v2\/categories?post=181923"},{"taxonomy":"post_tag","embeddable":true,"href":"https:\/\/www.europesays.com\/pt\/wp-json\/wp\/v2\/tags?post=181923"}],"curies":[{"name":"wp","href":"https:\/\/api.w.org\/{rel}","templated":true}]}}