{"id":181927,"date":"2025-12-09T21:07:09","date_gmt":"2025-12-09T21:07:09","guid":{"rendered":"https:\/\/www.europesays.com\/pt\/181927\/"},"modified":"2025-12-09T21:07:09","modified_gmt":"2025-12-09T21:07:09","slug":"katy-perry-partilha-foto-com-trudeau-nas-redes-sociais-observador","status":"publish","type":"post","link":"https:\/\/www.europesays.com\/pt\/181927\/","title":{"rendered":"Katy Perry partilha foto com Trudeau nas redes sociais \u2013 Observador"},"content":{"rendered":"<p>Na mesma galeria \u00e9 ainda poss\u00edvel ver um v\u00eddeo curto de ambos \u2014 Trudeau observa Perry enquanto esta prova o que parece ser uma pe\u00e7a de sushi \u2014 e outro em que aparecem de costas. Nos coment\u00e1rios, muitos desejos de felicidades para um dos novos casais mais badalados do ano, dada a notoriedade de ambos.<\/p>\n<p>Trudeau divorciou-se da mulher, Sophie Greg\u00f3ire, com quem teve tr\u00eas filhos, em agosto de 2023, quando ainda era chefe do governo canadiano. J\u00e1 Perry separou-se do ator Orlando Bloom, de quem estava noiva e com quem tem uma filha, em junho deste ano. Em outubro, a cantora e o antigo primeiro-ministro <a href=\"https:\/\/observador.pt\/2025\/10\/26\/katy-perry-e-justin-trudeau-assumem-relacao-no-aniversario-da-cantora\/\" rel=\"nofollow noopener\" target=\"_blank\">apareceram de m\u00e3os dadas,<\/a> ap\u00f3s meses de rumores, confirmando assim o romance.<\/p>\n","protected":false},"excerpt":{"rendered":"Na mesma galeria \u00e9 ainda poss\u00edvel ver um v\u00eddeo curto de ambos \u2014 Trudeau observa Perry enquanto esta&hellip;\n","protected":false},"author":2,"featured_media":181928,"comment_status":"","ping_status":"","sticky":false,"template":"","format":"standard","meta":{"footnotes":""},"categories":[141],"tags":[211,114,115,568,186,149,150,32,33],"class_list":{"0":"post-181927","1":"post","2":"type-post","3":"status-publish","4":"format-standard","5":"has-post-thumbnail","7":"category-musica","8":"tag-celebridades","9":"tag-entertainment","10":"tag-entretenimento","11":"tag-katy-perry","12":"tag-lifestyle","13":"tag-music","14":"tag-musica","15":"tag-portugal","16":"tag-pt"},"share_on_mastodon":{"url":"https:\/\/pubeurope.com\/@pt\/115691654039128050","error":""},"_links":{"self":[{"href":"https:\/\/www.europesays.com\/pt\/wp-json\/wp\/v2\/posts\/181927","targetHints":{"allow":["GET"]}}],"collection":[{"href":"https:\/\/www.europesays.com\/pt\/wp-json\/wp\/v2\/posts"}],"about":[{"href":"https:\/\/www.europesays.com\/pt\/wp-json\/wp\/v2\/types\/post"}],"author":[{"embeddable":true,"href":"https:\/\/www.europesays.com\/pt\/wp-json\/wp\/v2\/users\/2"}],"replies":[{"embeddable":true,"href":"https:\/\/www.europesays.com\/pt\/wp-json\/wp\/v2\/comments?post=181927"}],"version-history":[{"count":0,"href":"https:\/\/www.europesays.com\/pt\/wp-json\/wp\/v2\/posts\/181927\/revisions"}],"wp:featuredmedia":[{"embeddable":true,"href":"https:\/\/www.europesays.com\/pt\/wp-json\/wp\/v2\/media\/181928"}],"wp:attachment":[{"href":"https:\/\/www.europesays.com\/pt\/wp-json\/wp\/v2\/media?parent=181927"}],"wp:term":[{"taxonomy":"category","embeddable":true,"href":"https:\/\/www.europesays.com\/pt\/wp-json\/wp\/v2\/categories?post=181927"},{"taxonomy":"post_tag","embeddable":true,"href":"https:\/\/www.europesays.com\/pt\/wp-json\/wp\/v2\/tags?post=181927"}],"curies":[{"name":"wp","href":"https:\/\/api.w.org\/{rel}","templated":true}]}}